{"id":77686,"date":"2025-12-09T09:02:00","date_gmt":"2025-12-09T12:02:00","guid":{"rendered":"https:\/\/www.portalalerta.com.br\/?p=77686"},"modified":"2025-12-09T23:38:26","modified_gmt":"2025-12-10T02:38:26","slug":"celso-sabino-e-expulso-do-uniao-brasil-apos-descumprir-ordem-para-deixar-governo-lula","status":"publish","type":"post","link":"https:\/\/www.portalalerta.com.br\/index.php\/2025\/12\/09\/celso-sabino-e-expulso-do-uniao-brasil-apos-descumprir-ordem-para-deixar-governo-lula\/","title":{"rendered":"Celso Sabino \u00e9 expulso do Uni\u00e3o Brasil ap\u00f3s descumprir ordem para deixar governo Lula"},"content":{"rendered":"\n<p><strong>Ministro do Turismo ignorou ordem e continuou no governo, apesar do desembarque do Uni\u00e3o. Sabino disse que foi expulso porque decidiu ficar no &#8216;melhor projeto para o Brasil&#8217;.<\/strong><\/p>\n\n\n\n<!--more-->\n\n\n\n<p><strong>Celso Sabino \u00e9 expulso do Uni\u00e3o Brasil ap\u00f3s descumprir ordem para deixar governo Lula<\/strong><\/p>\n\n\n\n<p><strong>O&nbsp;<a href=\"https:\/\/g1.globo.com\/politica\/partido\/uniao-brasil\/\">Uni\u00e3o Brasil<\/a>&nbsp;decidiu nesta segunda-feira (8) expulsar do partido o ministro do Turismo, Celso Sabino. A decis\u00e3o foi tomada pela executiva nacional da legenda. Foram 24 votos pela expuls\u00e3o em vota\u00e7\u00e3o secreta.<\/strong><\/p>\n\n\n\n<p><strong>Os dirigentes entenderam que Sabino&nbsp;cometeu infidelidade partid\u00e1ria ao desrespeitar uma ordem e permanecer \u2014 contra a vontade da c\u00fapula da legenda \u2014 \u00e0 frente do minist\u00e9rio.<\/strong><\/p>\n\n\n\n<p><strong>\ud83c\udfa4Sabino participou remotamente da reuni\u00e3o que resultou na sua expuls\u00e3o do Uni\u00e3o Brasil. Em uma rede social, ele disse ter ficha limpa e que<a href=\"https:\/\/g1.globo.com\/politica\/noticia\/2025\/12\/08\/celso-sabino-diz-que-foi-expulso-do-uniao-brasil-por-nao-aceitar-deixar-melhor-projeto-para-o-pais.ghtml\">&nbsp;foi expulso do partido porque decidiu ficar naquele que considera o &#8220;melhor projeto para o Brasil&#8221;<\/a>.<\/strong><\/p>\n\n\n\n<p><strong>Em rota de colis\u00e3o com o governo do presidente&nbsp;<a href=\"https:\/\/g1.globo.com\/tudo-sobre\/luiz-inacio-lula-da-silva\/\">Luiz In\u00e1cio Lula da Silva<\/a>&nbsp;(<a href=\"https:\/\/g1.globo.com\/politica\/partido\/pt\/\">PT<\/a>), o Uni\u00e3o Brasil decidiu que filiados teriam de deixar cargos dentro da gest\u00e3o&nbsp;<a href=\"https:\/\/g1.globo.com\/politica\/politico\/lula\/\">Lula<\/a>&nbsp;at\u00e9 o dia 19 de setembro. \u00c0 \u00e9poca, a legenda alertou que o descumprimento seria considerado infra\u00e7\u00e3o disciplinar.<\/strong><\/p>\n\n\n\n<p><strong>Celso Sabino, que \u00e9 deputado federal licenciado pelo Par\u00e1, chegou a ensaiar cumprir a determina\u00e7\u00e3o: ele anunciou publicamente que deixaria o minist\u00e9rio e entregou uma carta de demiss\u00e3o ao presidente Lula. Dias depois, o roteiro mudou.<\/strong><\/p>\n\n\n\n<p><strong>Sabino &#8220;recalculou&#8221; a trajet\u00f3ria e tentou, sem sucesso, negociar sua manuten\u00e7\u00e3o na pasta e no Uni\u00e3o Brasil. Em outubro, de olho em um eventual ganho eleitoral com a 30\u00aa Confer\u00eancia das Na\u00e7\u00f5es Unidas sobre as Mudan\u00e7as Clim\u00e1ticas (COP30) em&nbsp;<a href=\"https:\/\/g1.globo.com\/pa\/para\/cidade\/belem\/\">Bel\u00e9m (PA)<\/a>, ele decidiu continuar no Minist\u00e9rio do Turismo.<\/strong><\/p>\n\n\n\n<p><strong>Afastamento de fun\u00e7\u00f5es partid\u00e1rias<\/strong><\/p>\n\n\n\n<p><strong>O desgaste entre o ministro e a c\u00fapula do Uni\u00e3o levou Celso Sabino a ser afastado, ainda em outubro, de cargos e decis\u00f5es nas estruturas administrativas do partido. O ministro tamb\u00e9m foi destitu\u00eddo do comando do diret\u00f3rio paraense.<\/strong><\/p>\n\n\n\n<p><strong>Aliados afirmam que a reviravolta foi influenciada pelo c\u00e1lculo eleitoral de 2026. Sabino pretende disputar uma vaga no Senado pelo Par\u00e1 e acredita que o apoio de Lula, somado \u00e0 visibilidade proporcionada pelas a\u00e7\u00f5es ligadas \u00e0 COP30, pode fortalecer sua candidatura.<\/strong><\/p>\n\n\n\n<p><strong>Mesmo com toda a movimenta\u00e7\u00e3o, Sabino enfrenta dificuldades para viabilizar a candidatura no estado. A principal amea\u00e7a est\u00e1 em uma alian\u00e7a constru\u00edda pelo governador Helder Barbalho (MDB), que planeja se lan\u00e7ar ao Senado junto ao presidente da Assembleia Legislativa, Chic\u00e3o (MDB).<\/strong><\/p>\n\n\n\n<p><strong>Celso Sabino relatou a aliados que tem sido sondado por outros partidos. H\u00e1 alguns dias, ele disse, no entanto, que a decis\u00e3o somente seria tomada ap\u00f3s o t\u00e9rmino do imbr\u00f3glio dentro do Uni\u00e3o Brasil.<\/strong><\/p>\n\n\n\n<p><strong>Sabino estava filiado ao Uni\u00e3o Brasil desde 2021. Ele figurou nos \u00f3rg\u00e3os de comando da sigla, chefiando o diret\u00f3rio estadual do Par\u00e1 e sendo membro da executiva nacional. Foi eleito deputado federal em 2022 e se afastou do mandato para exercer o cargo de ministro, contando com as b\u00ean\u00e7\u00e3os da bancada da sigla na C\u00e2mara.<\/strong><\/p>\n\n\n\n<p><strong>A jurisprud\u00eancia do&nbsp;<a href=\"https:\/\/g1.globo.com\/tudo-sobre\/tribunal-superior-eleitoral\/\">Tribunal Superior Eleitoral<\/a>&nbsp;(TSE) indica que, por ter sido expulso pela dire\u00e7\u00e3o partid\u00e1ria,&nbsp;Sabino n\u00e3o perder\u00e1 o mandato parlamentar e estar\u00e1 apto para se filiar a outra sigla.<\/strong><\/p>\n\n\n\n<p><strong>Em outubro, durante compromissos em Bel\u00e9m (PA),&nbsp;Celso Sabino afirmou que apoiaria o petista, independente do cen\u00e1rio pol\u00edtico.<\/strong><\/p>\n\n\n\n<p><strong>O ministro chegou a indicar que chefiar\u00e1 o Turismo at\u00e9 o limite de desincompatibiliza\u00e7\u00e3o \u2014 abril do pr\u00f3ximo ano \u2014, quando detentores de cargos p\u00fablicos precisam deixar as fun\u00e7\u00f5es para disputar as elei\u00e7\u00f5es.<\/strong><\/p>\n\n\n\n<blockquote class=\"tiktok-embed\" cite=\"https:\/\/www.tiktok.com\/@portalalerta\/video\/7582049341657992455\" data-video-id=\"7582049341657992455\" style=\"max-width: 605px;min-width: 325px;\" > <section> <a target=\"_blank\" title=\"@portalalerta\" href=\"https:\/\/www.tiktok.com\/@portalalerta?refer=embed\">@portalalerta<\/a> <p>Celso Sabino \u00e9 expulso do Uni\u00e3o Brasil ap\u00f3s descumprir ordem para deixar governo Lula  O Uni\u00e3o Brasil decidiu nesta segunda-feira (8) expulsar do partido o ministro do Turismo, Celso Sabino. A decis\u00e3o foi tomada pela executiva nacional da legenda. Foram 24 votos pela expuls\u00e3o em vota\u00e7\u00e3o secreta. #brasil #politica #celsosabino #uniaobrasil #expulsao #ministrodascomunicacoes #portalalerta #portal_alerta #deolhonanoticia<\/p> <a target=\"_blank\" title=\"\u266c som original  - Portal Alerta\" href=\"https:\/\/www.tiktok.com\/music\/som-original-Portal-Alerta-7582049390978681618?refer=embed\">\u266c som original  &#8211; Portal Alerta<\/a> <\/section> <\/blockquote> <script async src=\"https:\/\/www.tiktok.com\/embed.js\"><\/script>\n\n\n\n<p><em>Fonte: G1<\/em><\/p>\n","protected":false},"excerpt":{"rendered":"<p>Ministro do Turismo ignorou ordem e continuou no governo, apesar do desembarque do Uni\u00e3o. Sabino disse que foi expulso porque decidiu ficar no &#8216;melhor projeto para o Brasil&#8217;.<\/p>\n","protected":false},"author":2,"featured_media":77674,"comment_status":"open","ping_status":"open","sticky":false,"template":"","format":"standard","meta":{"om_disable_all_campaigns":false,"_monsterinsights_skip_tracking":false,"_monsterinsights_sitenote_active":false,"_monsterinsights_sitenote_note":"","_monsterinsights_sitenote_category":0,"footnotes":""},"categories":[34,70,69,21],"tags":[100,71,48,6228,75,4178,4180,129,2374,107,4181,132,230,2576,106,203,120,51,109,88,47,111,190,4967],"class_list":["post-77686","post","type-post","status-publish","format-standard","has-post-thumbnail","hentry","category-brasil","category-destaques","category-noticias2","category-politica","tag-adustina","tag-antas","tag-araci","tag-celso-sabino","tag-cicero-dantas","tag-cipo-2","tag-crisopolis-2","tag-euclides-da-cunha","tag-expulsao","tag-fatima","tag-heliopolis-2","tag-itapicuru","tag-jeremoabo","tag-ministro-do-turismo","tag-nova-soure","tag-novo-triunfo","tag-olindina","tag-paripiranga","tag-quijingue","tag-ribeira-do-amparo","tag-ribeira-do-pombal","tag-sitio-do-quinto","tag-tucano","tag-uniao-brasil"],"aioseo_notices":[],"_links":{"self":[{"href":"https:\/\/www.portalalerta.com.br\/index.php\/wp-json\/wp\/v2\/posts\/77686","targetHints":{"allow":["GET"]}}],"collection":[{"href":"https:\/\/www.portalalerta.com.br\/index.php\/wp-json\/wp\/v2\/posts"}],"about":[{"href":"https:\/\/www.portalalerta.com.br\/index.php\/wp-json\/wp\/v2\/types\/post"}],"author":[{"embeddable":true,"href":"https:\/\/www.portalalerta.com.br\/index.php\/wp-json\/wp\/v2\/users\/2"}],"replies":[{"embeddable":true,"href":"https:\/\/www.portalalerta.com.br\/index.php\/wp-json\/wp\/v2\/comments?post=77686"}],"version-history":[{"count":2,"href":"https:\/\/www.portalalerta.com.br\/index.php\/wp-json\/wp\/v2\/posts\/77686\/revisions"}],"predecessor-version":[{"id":77708,"href":"https:\/\/www.portalalerta.com.br\/index.php\/wp-json\/wp\/v2\/posts\/77686\/revisions\/77708"}],"wp:featuredmedia":[{"embeddable":true,"href":"https:\/\/www.portalalerta.com.br\/index.php\/wp-json\/wp\/v2\/media\/77674"}],"wp:attachment":[{"href":"https:\/\/www.portalalerta.com.br\/index.php\/wp-json\/wp\/v2\/media?parent=77686"}],"wp:term":[{"taxonomy":"category","embeddable":true,"href":"https:\/\/www.portalalerta.com.br\/index.php\/wp-json\/wp\/v2\/categories?post=77686"},{"taxonomy":"post_tag","embeddable":true,"href":"https:\/\/www.portalalerta.com.br\/index.php\/wp-json\/wp\/v2\/tags?post=77686"}],"curies":[{"name":"wp","href":"https:\/\/api.w.org\/{rel}","templated":true}]}}