{"id":77713,"date":"2025-12-10T06:00:00","date_gmt":"2025-12-10T09:00:00","guid":{"rendered":"https:\/\/www.portalalerta.com.br\/?p=77713"},"modified":"2025-12-10T14:57:06","modified_gmt":"2025-12-10T17:57:06","slug":"glauber-braga-ocupa-cadeira-do-presidente-da-camara-e-e-retirado-a-forca-por-policiais","status":"publish","type":"post","link":"https:\/\/www.portalalerta.com.br\/index.php\/2025\/12\/10\/glauber-braga-ocupa-cadeira-do-presidente-da-camara-e-e-retirado-a-forca-por-policiais\/","title":{"rendered":"Glauber Braga ocupa cadeira do presidente da C\u00e2mara e \u00e9 retirado \u00e0 for\u00e7a por policiais"},"content":{"rendered":"\n<p>Deputado protestou contra sua poss\u00edvel cassa\u00e7\u00e3o. Em decis\u00e3o in\u00e9dita, C\u00e2mara cortou sinal da TV e impediu a imprensa de acompanhar o tumulto no plen\u00e1rio.<\/p>\n\n\n\n<!--more-->\n\n\n\n<p>Deputado Glauber Braga \u00e9 retirado ap\u00f3s ocupar cadeira da presid\u00eancia da C\u00e2mara<\/p>\n\n\n\n<p>O deputado federal Glauber Braga (PSOL-RJ) foi retirado \u00e0 for\u00e7a da Mesa Diretora da&nbsp;<a href=\"https:\/\/g1.globo.com\/tudo-sobre\/camara-dos-deputados\/\"><strong>C\u00e2mara dos Deputados<\/strong><\/a>&nbsp;por policiais legislativos nesta ter\u00e7a-feira (9). Veja no v\u00eddeo acima.<\/p>\n\n\n\n<p>Ele estava sentado na cadeira do presidente da C\u00e2mara, Hugo Motta (Republicanos-PB), e se recusava a sair. A ocupa\u00e7\u00e3o durou duas horas.<\/p>\n\n\n\n<p>O motivo do protesto \u00e9 a poss\u00edvel cassa\u00e7\u00e3o de Braga, acusado de quebra de decoro por agredir um militante em abril de 2024.<\/p>\n\n\n\n<p><strong>Em uma decis\u00e3o in\u00e9dita, a TV C\u00e2mara cortou a transmiss\u00e3o durante o tumulto. Jornalistas foram retirados do plen\u00e1rio pelos policiais do Congresso.<\/strong><\/p>\n\n\n\n<p>As imagens da confus\u00e3o foram registradas por celulares, muitos dos pr\u00f3prios parlamentares.&nbsp;<a href=\"https:\/\/g1.globo.com\/politica\/noticia\/2025\/12\/09\/videos-e-fotos-glauber-braga-ocupa-e-e-retirado-a-forca-da-cadeira-da-presidencia-da-camara.ghtml\"><strong>Veja v\u00eddeos e fotos da confus\u00e3o<\/strong><\/a>.<\/p>\n\n\n\n<p>Por volta das 15h30, o Glauber Braga se sentou na cadeira de Motta. Conduziu a sess\u00e3o normalmente, chamando outros deputados para discursar. Chegou a se levantar e voltou pouco depois das 16h voltou, ocupou novamente a cadeira e anunciou que n\u00e3o sairia mais. Ao fazer isso, desrespeitou o regimento interno da C\u00e2mara.<\/p>\n\n\n\n<p>Na confus\u00e3o, a deputada C\u00e9lia Xakriab\u00e1, tamb\u00e9m do PSOL, chegou a cair. S\u00e2mia Bomfim, deputada do PSOL e mulher de Glauber, tentou evitar que ele fosse retirado. O deputado teve o terno rasgado.<\/p>\n\n\n\n<p>Ap\u00f3s a retirada,&nbsp;<a href=\"https:\/\/g1.globo.com\/politica\/noticia\/2025\/12\/09\/motta-diz-que-glauber-braga-desrespeitou-a-camara-e-que-determinou-apuracao-de-possiveis-excessos-contra-a-imprensa.ghtml\"><strong>Motta disse que Braga desrespeitou a C\u00e2mara<\/strong><\/a>&nbsp;e mandou apurar &#8220;poss\u00edveis excessos&#8221; da seguran\u00e7a contra a imprensa (<em>leia mais abaixo<\/em>).<\/p>\n\n\n\n<p>Terno de Glauber Braga foi rasgado na confus\u00e3o \u2014 Foto: Reprodu\u00e7\u00e3o\/TV Globo<\/p>\n\n\n\n<p><strong>Processo de cassa\u00e7\u00e3o de Glauber<\/strong><\/p>\n\n\n\n<p>Horas antes, o presidente da C\u00e2mara anunciou que colocaria em vota\u00e7\u00e3o ainda neste ano a cassa\u00e7\u00e3o do mandato de Braga, acusado de quebra de decoro parlamentar por agredir um militante do Movimento Brasil Livre (MBL), em abril de 2024 (<a href=\"https:\/\/g1.globo.com\/politica\/noticia\/2025\/12\/09\/apos-ocupar-mesa-diretora-da-camara-dos-deputados-glauber-braga-e-retirado-a-forca.ghtml#2\"><strong><em>entenda o caso<\/em><\/strong><\/a>).<\/p>\n\n\n\n<p>A perda do mandato foi aprovada pelo Conselho de \u00c9tica da C\u00e2mara em abril deste ano, e desde ent\u00e3o o processo estava parado \u00e0 espera da vota\u00e7\u00e3o no plen\u00e1rio.<\/p>\n\n\n<div class=\"wp-block-image\">\n<figure class=\"alignleft size-large is-resized\"><img fetchpriority=\"high\" decoding=\"async\" width=\"819\" height=\"1024\" src=\"https:\/\/www.portalalerta.com.br\/wp-content\/uploads\/2025\/12\/Real-Natal-2025-819x1024.jpg\" alt=\"\" class=\"wp-image-77693\" style=\"width:435px\" srcset=\"https:\/\/www.portalalerta.com.br\/wp-content\/uploads\/2025\/12\/Real-Natal-2025-819x1024.jpg 819w, https:\/\/www.portalalerta.com.br\/wp-content\/uploads\/2025\/12\/Real-Natal-2025-192x240.jpg 192w, https:\/\/www.portalalerta.com.br\/wp-content\/uploads\/2025\/12\/Real-Natal-2025-768x960.jpg 768w, https:\/\/www.portalalerta.com.br\/wp-content\/uploads\/2025\/12\/Real-Natal-2025.jpg 1024w\" sizes=\"(max-width: 819px) 100vw, 819px\" \/><\/figure><\/div>\n\n\n<p>Naquela \u00e9poca, Braga fez uma greve de fome que durou mais de uma semana e&nbsp;<a href=\"https:\/\/g1.globo.com\/politica\/noticia\/2025\/04\/17\/hugo-motta-diz-ter-feito-acordo-com-glauber-braga-para-encerrar-greve-de-fome.ghtml\"><strong>foi encerrada ap\u00f3s um acordo com Motta<\/strong><\/a>.<\/p>\n\n\n\n<p><strong>TV C\u00e2mara cortou transmiss\u00e3o ao vivo<\/strong><\/p>\n\n\n\n<p>Ap\u00f3s Braga dizer que n\u00e3o sairia da cadeira, os policiais legislativos come\u00e7aram a esvaziar o plen\u00e1rio. Os jornalistas que estavam no local foram retirados e impedidos de registrar a confus\u00e3o.<\/p>\n\n\n\n<p>A TV C\u00e2mara cortou a transmiss\u00e3o ao vivo \u00e0s 17h34.<\/p>\n\n\n\n<p>A assessoria da presid\u00eancia da C\u00e2mara afirmou que a ordem partiu de Hugo Motta. Mais tarde, recuou. Disse que n\u00e3o houve ordem do presidente da Casa e que as medidas faziam parte de um protocolo, sem dar mais detalhes sobre os procedimentos.<\/p>\n\n\n\n<p>A Federa\u00e7\u00e3o Nacional dos Jornalistas (Fenaj) afirmou, em nota, repudiar a \u201cgrave censura \u00e0 imprensa\u201d e as agress\u00f5es contra os jornalistas.<\/p>\n\n\n\n<p>A Associa\u00e7\u00e3o Brasileira de Emissoras de R\u00e1dio e Televis\u00e3o (Abratel), a Associa\u00e7\u00e3o Nacional de Jornais (ANJ) e a Associa\u00e7\u00e3o Nacional de Editores de Revista (Aner) tamb\u00e9m condenaram o cerceamento ao trabalho dos profissionais e cobraram apura\u00e7\u00e3o das responsabilidades.<\/p>\n\n\n\n<p>A Associa\u00e7\u00e3o Brasileira de Jornalismo Investigativo (Abraji) disse que considera inaceit\u00e1veis a censura imposta \u00e0 imprensa pela C\u00e2mara e a viol\u00eancia contra jornalistas e parlamentares.<\/p>\n\n\n\n<p>Ap\u00f3s ser retirado, Braga falou com a imprensa do lado de fora e criticou o cerceamento do trabalho dos jornalistas.<\/p>\n\n\n\n<p><strong>&#8220;A \u00fanica coisa que eu pedi ao presidente da C\u00e2mara, Hugo Motta, foi que ele tivesse 1% do tratamento para comigo que teve com aqueles que sequestraram a mesa diretora da C\u00e2mara por 48 horas por dois dias em associa\u00e7\u00e3o com um deputado que est\u00e1 nos Estados Unidos conspirando contra o nosso pa\u00eds&#8221;, afirmou o deputado do PSOL.<\/strong><\/p>\n\n\n\n<p>Braga se referiu a um motim promovido por aliados do ex-presidente Jair Bolsonaro em agosto. O protesto, tamb\u00e9m ilegal, era contra a pris\u00e3o domiciliar de Bolsonaro, decretada pelo ministro Alexandre de Moraes, do Supremo Tribunal Federal (STF), e defendia a vota\u00e7\u00e3o de um projeto de anistia para condenados por atos golpistas.<\/p>\n\n\n\n<p><a href=\"https:\/\/g1.globo.com\/jornal-nacional\/noticia\/2025\/08\/07\/camara-retoma-trabalhos-apos-bolsonaristas-bloquearem-mesa-diretora-por-quase-36-horas-senado-foi-ocupado-por-47-horas.ghtml\"><strong>A ocupa\u00e7\u00e3o durou 47 horas no Senado e 36 horas na C\u00e2mara e foi encerrada sem o uso da for\u00e7a<\/strong><\/a>.<\/p>\n\n\n\n<p><strong>Assista \u00e0 reportagem do Jornal Nacional:<\/strong><\/p>\n\n\n\n<p><strong>Cronologia do caso<\/strong><\/p>\n\n\n\n<p><strong>\u00c0s 16h04 &#8211;&nbsp;<\/strong>Glauber Braga ocupou a cadeira da presid\u00eancia da C\u00e2mara e se recusou a deixar o local.<\/p>\n\n\n\n<p><strong>\u00c0s 17h34 &#8211;<\/strong>&nbsp;o sinal da TV C\u00e2mara foi cortado. Em seguida, a pol\u00edcia legislativa come\u00e7ou a esvaziar o plen\u00e1rio e retirou a imprensa do local.<\/p>\n\n\n\n<p><strong>\u00c0s 18h08 &#8211;&nbsp;<\/strong>o deputado foi retirado \u00e0 for\u00e7a pela pol\u00edcia legislativa da cadeira da presid\u00eancia.<\/p>\n\n\n\n<p><strong>Motta diz que Braga desrespeitou C\u00e2mara<\/strong><\/p>\n\n\n\n<p>Ap\u00f3s a confus\u00e3o,&nbsp;<a href=\"https:\/\/g1.globo.com\/politica\/noticia\/2025\/12\/09\/motta-diz-que-glauber-braga-desrespeitou-a-camara-e-que-determinou-apuracao-de-possiveis-excessos-contra-a-imprensa.ghtml\"><strong>Motta disse que ocupa\u00e7\u00e3o de sua cadeira desrespeitou &#8220;a pr\u00f3pria C\u00e2mara dos Deputados e o Poder Legislativo&#8221;<\/strong><\/a>.<\/p>\n\n\n\n<p><strong>&#8220;A cadeira n\u00e3o pertence a mim. Ela pertence \u00e0 Rep\u00fablica, pertence \u00e0 democracia, pertence ao povo brasileiro. E nenhum parlamentar est\u00e1 autorizado a transformar em instrumento de intimida\u00e7\u00e3o ou desordem. Deputado pode muito, mas n\u00e3o pode tudo&#8221;, declarou.<\/strong><\/p>\n\n\n\n<p>Motta disse que Glauber \u00e9 \u201creincidente\u201d,&nbsp;<a href=\"https:\/\/g1.globo.com\/politica\/noticia\/2025\/04\/17\/hugo-motta-diz-ter-feito-acordo-com-glauber-braga-para-encerrar-greve-de-fome.ghtml\"><strong>lembrando que o deputado do PSOL j\u00e1 havia ocupado uma comiss\u00e3o por mais de uma semana em greve de fome<\/strong><\/a>. E afirmou que os atos de Glauber n\u00e3o encontram respaldo no regimento interno nem na \u201cliturgia do cargo\u201d.<\/p>\n\n\n\n<p>O presidente da C\u00e2mara justificou a a\u00e7\u00e3o da Pol\u00edcia Legislativa para retirar Glauber Braga da mesa diretora com base em um ato da pr\u00f3pria mesa.<\/p>\n\n\n\n<p><strong>&#8220;O ato da mesa n\u00famero 145, em seu artigo 7\u00ba, \u00e9 claro: &#8216;O ingresso, a circula\u00e7\u00e3o e a perman\u00eancia nos edif\u00edcios e locais sob responsabilidade da C\u00e2mara dos Deputados estar\u00e3o sujeitos \u00e0 interrup\u00e7\u00e3o ou \u00e0 suspens\u00e3o por quest\u00e3o de seguran\u00e7a'&#8221;, afirmou Motta.<\/strong><\/p>\n\n\n\n<p>Durante a sess\u00e3o, deputados governistas criticaram o que classificaram como \u201cviol\u00eancia dos seguran\u00e7as\u201d e \u201catitudes precipitadas e antidemocr\u00e1ticas\u201d que teriam sido aprovadas por Motta. Outros parlamentares tamb\u00e9m reprovaram a retirada da imprensa do plen\u00e1rio durante o tumulto.<\/p>\n\n\n\n<blockquote class=\"tiktok-embed\" cite=\"https:\/\/www.tiktok.com\/@portalalerta\/video\/7582285340811988231\" data-video-id=\"7582285340811988231\" style=\"max-width: 605px;min-width: 325px;\" > <section> <a target=\"_blank\" title=\"@portalalerta\" href=\"https:\/\/www.tiktok.com\/@portalalerta?refer=embed\">@portalalerta<\/a> <p>O deputado federal Glauber Braga (Psol-RJ) foi retirado \u00e0 for\u00e7a da Mesa da C\u00e2mara dos Deputados  O deputado federal Glauber Braga (PSOL-RJ) foi retirado \u00e0 for\u00e7a da Mesa Diretora da C\u00e2mara dos Deputados por policiais legislativos nesta ter\u00e7a-feira (9). Veja no v\u00eddeo acima.  #brasil #camaradosdeputados #glauberbraga #politica #portalalerta #portal_alerta #deolhonanoticia<\/p> <a target=\"_blank\" title=\"\u266c som original  - Portal Alerta\" href=\"https:\/\/www.tiktok.com\/music\/som-original-Portal-Alerta-7582285384206256904?refer=embed\">\u266c som original  &#8211; Portal Alerta<\/a> <\/section> <\/blockquote> <script async src=\"https:\/\/www.tiktok.com\/embed.js\"><\/script>\n\n\n\n<p><em>Fonte: G1<\/em><\/p>\n","protected":false},"excerpt":{"rendered":"<p>Deputado protestou contra sua poss\u00edvel cassa\u00e7\u00e3o. Em decis\u00e3o in\u00e9dita, C\u00e2mara cortou sinal da TV e impediu a imprensa de acompanhar o tumulto no plen\u00e1rio.<\/p>\n","protected":false},"author":2,"featured_media":77712,"comment_status":"open","ping_status":"open","sticky":false,"template":"","format":"standard","meta":{"om_disable_all_campaigns":false,"_monsterinsights_skip_tracking":false,"_monsterinsights_sitenote_active":false,"_monsterinsights_sitenote_note":"","_monsterinsights_sitenote_category":0,"footnotes":""},"categories":[34,70,69,21],"tags":[100,71,48,186,75,4178,4180,215,129,107,7955,4181,132,230,106,203,120,51,109,88,47,111,190],"class_list":["post-77713","post","type-post","status-publish","format-standard","has-post-thumbnail","hentry","category-brasil","category-destaques","category-noticias2","category-politica","tag-adustina","tag-antas","tag-araci","tag-camara-dos-deputados","tag-cicero-dantas","tag-cipo-2","tag-crisopolis-2","tag-deputado-federal","tag-euclides-da-cunha","tag-fatima","tag-glauber-braga","tag-heliopolis-2","tag-itapicuru","tag-jeremoabo","tag-nova-soure","tag-novo-triunfo","tag-olindina","tag-paripiranga","tag-quijingue","tag-ribeira-do-amparo","tag-ribeira-do-pombal","tag-sitio-do-quinto","tag-tucano"],"aioseo_notices":[],"_links":{"self":[{"href":"https:\/\/www.portalalerta.com.br\/index.php\/wp-json\/wp\/v2\/posts\/77713","targetHints":{"allow":["GET"]}}],"collection":[{"href":"https:\/\/www.portalalerta.com.br\/index.php\/wp-json\/wp\/v2\/posts"}],"about":[{"href":"https:\/\/www.portalalerta.com.br\/index.php\/wp-json\/wp\/v2\/types\/post"}],"author":[{"embeddable":true,"href":"https:\/\/www.portalalerta.com.br\/index.php\/wp-json\/wp\/v2\/users\/2"}],"replies":[{"embeddable":true,"href":"https:\/\/www.portalalerta.com.br\/index.php\/wp-json\/wp\/v2\/comments?post=77713"}],"version-history":[{"count":2,"href":"https:\/\/www.portalalerta.com.br\/index.php\/wp-json\/wp\/v2\/posts\/77713\/revisions"}],"predecessor-version":[{"id":77728,"href":"https:\/\/www.portalalerta.com.br\/index.php\/wp-json\/wp\/v2\/posts\/77713\/revisions\/77728"}],"wp:featuredmedia":[{"embeddable":true,"href":"https:\/\/www.portalalerta.com.br\/index.php\/wp-json\/wp\/v2\/media\/77712"}],"wp:attachment":[{"href":"https:\/\/www.portalalerta.com.br\/index.php\/wp-json\/wp\/v2\/media?parent=77713"}],"wp:term":[{"taxonomy":"category","embeddable":true,"href":"https:\/\/www.portalalerta.com.br\/index.php\/wp-json\/wp\/v2\/categories?post=77713"},{"taxonomy":"post_tag","embeddable":true,"href":"https:\/\/www.portalalerta.com.br\/index.php\/wp-json\/wp\/v2\/tags?post=77713"}],"curies":[{"name":"wp","href":"https:\/\/api.w.org\/{rel}","templated":true}]}}