{"id":77718,"date":"2025-12-10T06:02:00","date_gmt":"2025-12-10T09:02:00","guid":{"rendered":"https:\/\/www.portalalerta.com.br\/?p=77718"},"modified":"2025-12-10T14:58:44","modified_gmt":"2025-12-10T17:58:44","slug":"defesa-de-bolsonaro-pede-domiciliar-e-autorizacao-para-cirurgia","status":"publish","type":"post","link":"https:\/\/www.portalalerta.com.br\/index.php\/2025\/12\/10\/defesa-de-bolsonaro-pede-domiciliar-e-autorizacao-para-cirurgia\/","title":{"rendered":"Defesa de Bolsonaro pede domiciliar e autoriza\u00e7\u00e3o para cirurgia"},"content":{"rendered":"\n<p><strong>Ex-presidente precisa tratar quadro de solu\u00e7os, sequela das cirurgias e hernia inguinal unilateral, segundo os advogados<\/strong><\/p>\n\n\n\n<!--more-->\n\n\n\n<p><strong>A defesa do ex-presidente Jair Bolsonaro (PL) pediu, nesta ter\u00e7a-feira (9), ao STF (Supremo Tribunal Federal) que seja autorizada sua ida ao hospital para interven\u00e7\u00f5es cir\u00fargicas e que seja concedida pris\u00e3o domiciliar humanit\u00e1ria.<\/strong><\/p>\n\n\n\n<p><strong>Na peti\u00e7\u00e3o, eles anexam uma avalia\u00e7\u00e3o m\u00e9dica que diz que &#8220;o ex-presidente precisa passar por cirurgia tanto para tratamento do quadro de solu\u00e7os, sequela das cirurgias j\u00e1 registrada nos presente autos, como em raz\u00e3o da piora do diagn\u00f3stico de hernia inguinal unilateral, que tamb\u00e9m indica a necessidade de interven\u00e7\u00e3o cir\u00fargica&#8221;.<\/strong><\/p>\n\n\n\n<p><strong>\u201cO paciente Jair Messias Bolsonaro evolui com&nbsp;<a href=\"https:\/\/www.cnnbrasil.com.br\/blogs\/jussara-soares\/politica\/apos-crise-de-soluco-bolsonaro-recebe-atendimento-medico-por-telefone\/\">quadro de solu\u00e7o incoerc\u00edvel<\/a>&nbsp;prolongado e refrat\u00e1rio \u00e0s medidas convencionais. Foi submetido anteriormente ao tratamento medicamentoso otimizado com drogas de primeira e segunda linha, medidas cl\u00ednicas e comportamentais usuais, al\u00e9m de investiga\u00e7\u00e3o diagn\u00f3stica com exclus\u00e3o de causas secund\u00e1rias trat\u00e1veis, com aus\u00eancia de melhora cl\u00ednica com todas as terapias previamente institu\u00eddas.&#8221;<\/strong><\/p>\n\n\n\n<p><strong>&#8220;Em raz\u00e3o da&nbsp;<a href=\"https:\/\/www.cnnbrasil.com.br\/politica\/carlos-diz-que-bolsonaro-soluca-dormindo-jamais-o-vi-como-esta\/\">persist\u00eancia do quadro<\/a>, que gera impacto significativo em repouso, alimenta\u00e7\u00e3o, sono, respira\u00e7\u00e3o e qualidade de vida, h\u00e1 indica\u00e7\u00e3o m\u00e9dica de bloqueio anest\u00e9sico do nervo fr\u00eanico, procedimento reconhecido como op\u00e7\u00e3o terap\u00eautica em casos de singultos graves e refrat\u00e1rios.&#8221;<\/strong><\/p>\n\n\n\n<p><strong>&#8220;A infiltra\u00e7\u00e3o anest\u00e9sica \u00e9 devido \u00e0 necessidade cl\u00ednica imediata, visando reduzir a hiperatividade diafragm\u00e1tica respons\u00e1vel pelo reflexo do singulto e proporcionar al\u00edvio sintom\u00e1tico. Dessa forma, justifica-se plenamente a realiza\u00e7\u00e3o do bloqueio do nervo fr\u00eanico, visto que todas as medidas menos invasivas j\u00e1 foram tentadas sem sucesso\u201d, prossegue.<\/strong><\/p>\n\n\n\n<p><strong>Afirma ainda que \u201co paciente apresenta tamb\u00e9m, como evidenciado em relat\u00f3rio enviado previamente, diagn\u00f3stico de hernia inguinal unilateral (CID 10 K 40.9) com indica\u00e7\u00e3o de tratamento cir\u00fargico, denominado herniorrafia inguinal convencional (TUSS 31009115)&#8221; e que &#8220;nas \u00faltimas semanas tem se queixado de dores e desconforto na regi\u00e3o inguinal, potencializados pelo aumento de press\u00e3o abdominal intermitente, causada pelas crises de solu\u00e7os. Assim torna-se necess\u00e1rio o tratamento cir\u00fargico sob anestesia geral.\u201d<\/strong><\/p>\n\n\n\n<p><strong>Para os advogados, &#8220;os fatos e documentos m\u00e9dicos que se seguiram ao pedido, inclusive a&nbsp;piora de seu quadro&nbsp;e a necessidade de interven\u00e7\u00e3o cir\u00fargica ora apresentada, evidenciaram ainda mais a precariedade e delicadeza do estado de sa\u00fade do Peticionante&#8221;.<\/strong><\/p>\n\n\n\n<p><strong>Pris\u00e3o humanit\u00e1ria<\/strong><\/p>\n\n\n\n<p><strong>Os advogados Celso Villardi, Paulo Bueno e Daniel Tesser defendem ainda na peti\u00e7\u00e3o que Bolsonaro seja remetido a&nbsp;pris\u00e3o domiciliar humanit\u00e1ria&nbsp;em raz\u00e3o de sua condi\u00e7\u00e3o de sa\u00fade. Eles alegam que a viola\u00e7\u00e3o da&nbsp;tornozeleira eletr\u00f4nica&nbsp;n\u00e3o significa que o ex-presidente iria tentar fugir e que, na verdade, ele agiu sob confus\u00e3o mental por efeitos de novos rem\u00e9dios em sua receita.<\/strong><\/p>\n\n\n\n<p><strong>&#8220;Os subscritores ent\u00e3o apuraram que n\u00e3o houve tentativa de rompimento ou retirada da tornozeleira, mas sim um ato isolado decorrente de quadro de confus\u00e3o mental provocado pela intera\u00e7\u00e3o indevida de medica\u00e7\u00f5es prescritas, o que levou o Peticionante a acreditar, alucinadamente, que havia \u201cescutas\u201d no dispositivo&#8221;, dizem.<\/strong><\/p>\n\n\n\n<p><strong>&#8220;E, de fato, a \u201cpulseira\u201d do dispositivo de monitoramento permaneceu \u00edntegra e o pr\u00f3prio Peticionante foi quem, de maneira espont\u00e2nea e colaborativa, comunicou imediatamente a necessidade de substitui\u00e7\u00e3o do equipamento, permitindo o pronto acesso da equipe respons\u00e1vel e contribuindo ativamente para a regulariza\u00e7\u00e3o da monitora\u00e7\u00e3o&#8221;, complementam.<\/strong><\/p>\n\n\n\n<blockquote class=\"tiktok-embed\" cite=\"https:\/\/www.tiktok.com\/@portalalerta\/video\/7582286143224335624\" data-video-id=\"7582286143224335624\" style=\"max-width: 605px;min-width: 325px;\" > <section> <a target=\"_blank\" title=\"@portalalerta\" href=\"https:\/\/www.tiktok.com\/@portalalerta?refer=embed\">@portalalerta<\/a> <p>Defesa de Bolsonaro pede domiciliar e autoriza\u00e7\u00e3o para cirurgia  A defesa do ex-presidente Jair Bolsonaro (PL) pediu, nesta ter\u00e7a-feira (9), ao STF (Supremo Tribunal Federal) que seja autorizada sua ida ao hospital para interven\u00e7\u00f5es cir\u00fargicas e que seja concedida pris\u00e3o domiciliar humanit\u00e1ria.  #brasil #jairbolsonaro #cirurgia #prisaodomiciliar #defesa #portalalerta #portal_alerta #deolhonanoticia<\/p> <a target=\"_blank\" title=\"\u266c som original  - Portal Alerta\" href=\"https:\/\/www.tiktok.com\/music\/som-original-Portal-Alerta-7582286169196153617?refer=embed\">\u266c som original  &#8211; Portal Alerta<\/a> <\/section> <\/blockquote> <script async src=\"https:\/\/www.tiktok.com\/embed.js\"><\/script>\n\n\n\n<p><em>Fonte: CNN Brasil<\/em><\/p>\n","protected":false},"excerpt":{"rendered":"<p>Ex-presidente precisa tratar quadro de solu\u00e7os, sequela das cirurgias e hernia inguinal unilateral, segundo os advogados<\/p>\n","protected":false},"author":2,"featured_media":77363,"comment_status":"open","ping_status":"open","sticky":false,"template":"","format":"standard","meta":{"om_disable_all_campaigns":false,"_monsterinsights_skip_tracking":false,"_monsterinsights_sitenote_active":false,"_monsterinsights_sitenote_note":"","_monsterinsights_sitenote_category":0,"footnotes":""},"categories":[34,70,69,21],"tags":[100,71,48,75,4178,1568,4180,129,107,4181,132,1395,230,106,203,120,51,1781,109,88,47,111,190],"class_list":["post-77718","post","type-post","status-publish","format-standard","has-post-thumbnail","hentry","category-brasil","category-destaques","category-noticias2","category-politica","tag-adustina","tag-antas","tag-araci","tag-cicero-dantas","tag-cipo-2","tag-cirurgia","tag-crisopolis-2","tag-euclides-da-cunha","tag-fatima","tag-heliopolis-2","tag-itapicuru","tag-jair-bolsonaro","tag-jeremoabo","tag-nova-soure","tag-novo-triunfo","tag-olindina","tag-paripiranga","tag-prisao-domiciliar","tag-quijingue","tag-ribeira-do-amparo","tag-ribeira-do-pombal","tag-sitio-do-quinto","tag-tucano"],"aioseo_notices":[],"_links":{"self":[{"href":"https:\/\/www.portalalerta.com.br\/index.php\/wp-json\/wp\/v2\/posts\/77718","targetHints":{"allow":["GET"]}}],"collection":[{"href":"https:\/\/www.portalalerta.com.br\/index.php\/wp-json\/wp\/v2\/posts"}],"about":[{"href":"https:\/\/www.portalalerta.com.br\/index.php\/wp-json\/wp\/v2\/types\/post"}],"author":[{"embeddable":true,"href":"https:\/\/www.portalalerta.com.br\/index.php\/wp-json\/wp\/v2\/users\/2"}],"replies":[{"embeddable":true,"href":"https:\/\/www.portalalerta.com.br\/index.php\/wp-json\/wp\/v2\/comments?post=77718"}],"version-history":[{"count":2,"href":"https:\/\/www.portalalerta.com.br\/index.php\/wp-json\/wp\/v2\/posts\/77718\/revisions"}],"predecessor-version":[{"id":77730,"href":"https:\/\/www.portalalerta.com.br\/index.php\/wp-json\/wp\/v2\/posts\/77718\/revisions\/77730"}],"wp:featuredmedia":[{"embeddable":true,"href":"https:\/\/www.portalalerta.com.br\/index.php\/wp-json\/wp\/v2\/media\/77363"}],"wp:attachment":[{"href":"https:\/\/www.portalalerta.com.br\/index.php\/wp-json\/wp\/v2\/media?parent=77718"}],"wp:term":[{"taxonomy":"category","embeddable":true,"href":"https:\/\/www.portalalerta.com.br\/index.php\/wp-json\/wp\/v2\/categories?post=77718"},{"taxonomy":"post_tag","embeddable":true,"href":"https:\/\/www.portalalerta.com.br\/index.php\/wp-json\/wp\/v2\/tags?post=77718"}],"curies":[{"name":"wp","href":"https:\/\/api.w.org\/{rel}","templated":true}]}}