{"id":77735,"date":"2025-12-11T14:24:49","date_gmt":"2025-12-11T17:24:49","guid":{"rendered":"https:\/\/www.portalalerta.com.br\/?p=77735"},"modified":"2025-12-12T01:13:04","modified_gmt":"2025-12-12T04:13:04","slug":"prefeita-teti-britto-consegue-mais-investimentos-para-ribeira-do-amparo-ba-atraves-do-novo-pac","status":"publish","type":"post","link":"https:\/\/www.portalalerta.com.br\/index.php\/2025\/12\/11\/prefeita-teti-britto-consegue-mais-investimentos-para-ribeira-do-amparo-ba-atraves-do-novo-pac\/","title":{"rendered":"Prefeita Teti Britto consegue mais investimentos para Ribeira do Amparo-BA atrav\u00e9s do novo PAC"},"content":{"rendered":"\n<p><strong>A prefeita de Ribeira do Amparo-BA,&nbsp;Teti Britto, acompanhou o lan\u00e7amento de novas obras do Novo PAC, iniciativa apresentada pelo presidente Luiz In\u00e1cio Lula da Silva, em Bras\u00edlia.<\/strong><\/p>\n\n\n\n<!--more-->\n\n\n<div class=\"wp-block-image\">\n<figure class=\"alignleft size-large is-resized\"><img fetchpriority=\"high\" decoding=\"async\" width=\"819\" height=\"1024\" src=\"https:\/\/www.portalalerta.com.br\/wp-content\/uploads\/2025\/12\/Real-Natal-2025-819x1024.jpg\" alt=\"\" class=\"wp-image-77693\" style=\"width:435px\" srcset=\"https:\/\/www.portalalerta.com.br\/wp-content\/uploads\/2025\/12\/Real-Natal-2025-819x1024.jpg 819w, https:\/\/www.portalalerta.com.br\/wp-content\/uploads\/2025\/12\/Real-Natal-2025-192x240.jpg 192w, https:\/\/www.portalalerta.com.br\/wp-content\/uploads\/2025\/12\/Real-Natal-2025-768x960.jpg 768w, https:\/\/www.portalalerta.com.br\/wp-content\/uploads\/2025\/12\/Real-Natal-2025.jpg 1024w\" sizes=\"(max-width: 819px) 100vw, 819px\" \/><\/figure><\/div>\n\n\n<p><strong><br>Durante a agenda oficial, a gestora esteve ao lado do vice-prefeito Luiz Vilson, do ex-prefeito Marcelo Brito e contou ainda com o apoio e articula\u00e7\u00e3o do ministro da Casa Civil, Rui Costa.<br><br>A comitiva refor\u00e7ou a import\u00e2ncia dos investimentos federais para o desenvolvimento do munic\u00edpio, destacando que as novas a\u00e7\u00f5es do programa devem impulsionar \u00e1reas essenciais, como infraestrutura, mobilidade e servi\u00e7os p\u00fablicos.<br><br>A prefeita avaliou a participa\u00e7\u00e3o no evento como positiva e afirmou que a presen\u00e7a em Bras\u00edlia reafirma o compromisso da gest\u00e3o em buscar recursos e fortalecer parcerias que garantam avan\u00e7os para Ribeira do Amparo.<\/strong><\/p>\n\n\n\n<blockquote class=\"tiktok-embed\" cite=\"https:\/\/www.tiktok.com\/@portalalerta\/video\/7582817159395560724\" data-video-id=\"7582817159395560724\" style=\"max-width: 605px;min-width: 325px;\" > <section> <a target=\"_blank\" title=\"@portalalerta\" href=\"https:\/\/www.tiktok.com\/@portalalerta?refer=embed\">@portalalerta<\/a> <p>Prefeita Teti Britto consegue mais investimentos para Ribeira do Amparo-BA atrav\u00e9s do novo PAC  A prefeita de Ribeira do Amparo-BA,\u00a0Teti Britto, acompanhou o lan\u00e7amento de novas obras do Novo PAC, iniciativa apresentada pelo presidente Luiz In\u00e1cio Lula da Silva, em Bras\u00edlia.  #ribeiradoamparo #tetibritto #novopac #portalalerta #portal_alerta #deolhonanoticia<\/p> <a target=\"_blank\" title=\"\u266c som original  - Portal Alerta\" href=\"https:\/\/www.tiktok.com\/music\/som-original-Portal-Alerta-7582817224864336656?refer=embed\">\u266c som original  &#8211; Portal Alerta<\/a> <\/section> <\/blockquote> <script async src=\"https:\/\/www.tiktok.com\/embed.js\"><\/script>\n\n\n\n<p><strong><em>Fonte: Bahia Gazeta<\/em><\/strong><\/p>\n","protected":false},"excerpt":{"rendered":"<p>A prefeita de Ribeira do Amparo-BA,&nbsp;Teti Britto, acompanhou o lan\u00e7amento de novas obras do Novo PAC, iniciativa apresentada pelo presidente Luiz In\u00e1cio Lula da Silva, em Bras\u00edlia.<\/p>\n","protected":false},"author":2,"featured_media":77733,"comment_status":"open","ping_status":"open","sticky":false,"template":"","format":"standard","meta":{"om_disable_all_campaigns":false,"_monsterinsights_skip_tracking":false,"_monsterinsights_sitenote_active":false,"_monsterinsights_sitenote_note":"","_monsterinsights_sitenote_category":0,"footnotes":""},"categories":[70,69,21,32,16],"tags":[100,71,48,75,4178,4180,129,107,4181,132,230,106,8505,203,120,51,109,88,47,111,913,190],"class_list":["post-77735","post","type-post","status-publish","format-standard","has-post-thumbnail","hentry","category-destaques","category-noticias2","category-politica","category-regiao","category-ribeira-do-amparo","tag-adustina","tag-antas","tag-araci","tag-cicero-dantas","tag-cipo-2","tag-crisopolis-2","tag-euclides-da-cunha","tag-fatima","tag-heliopolis-2","tag-itapicuru","tag-jeremoabo","tag-nova-soure","tag-novo-pac","tag-novo-triunfo","tag-olindina","tag-paripiranga","tag-quijingue","tag-ribeira-do-amparo","tag-ribeira-do-pombal","tag-sitio-do-quinto","tag-teti-britto","tag-tucano"],"aioseo_notices":[],"_links":{"self":[{"href":"https:\/\/www.portalalerta.com.br\/index.php\/wp-json\/wp\/v2\/posts\/77735","targetHints":{"allow":["GET"]}}],"collection":[{"href":"https:\/\/www.portalalerta.com.br\/index.php\/wp-json\/wp\/v2\/posts"}],"about":[{"href":"https:\/\/www.portalalerta.com.br\/index.php\/wp-json\/wp\/v2\/types\/post"}],"author":[{"embeddable":true,"href":"https:\/\/www.portalalerta.com.br\/index.php\/wp-json\/wp\/v2\/users\/2"}],"replies":[{"embeddable":true,"href":"https:\/\/www.portalalerta.com.br\/index.php\/wp-json\/wp\/v2\/comments?post=77735"}],"version-history":[{"count":2,"href":"https:\/\/www.portalalerta.com.br\/index.php\/wp-json\/wp\/v2\/posts\/77735\/revisions"}],"predecessor-version":[{"id":77756,"href":"https:\/\/www.portalalerta.com.br\/index.php\/wp-json\/wp\/v2\/posts\/77735\/revisions\/77756"}],"wp:featuredmedia":[{"embeddable":true,"href":"https:\/\/www.portalalerta.com.br\/index.php\/wp-json\/wp\/v2\/media\/77733"}],"wp:attachment":[{"href":"https:\/\/www.portalalerta.com.br\/index.php\/wp-json\/wp\/v2\/media?parent=77735"}],"wp:term":[{"taxonomy":"category","embeddable":true,"href":"https:\/\/www.portalalerta.com.br\/index.php\/wp-json\/wp\/v2\/categories?post=77735"},{"taxonomy":"post_tag","embeddable":true,"href":"https:\/\/www.portalalerta.com.br\/index.php\/wp-json\/wp\/v2\/tags?post=77735"}],"curies":[{"name":"wp","href":"https:\/\/api.w.org\/{rel}","templated":true}]}}