{"id":77747,"date":"2025-12-11T23:25:26","date_gmt":"2025-12-12T02:25:26","guid":{"rendered":"https:\/\/www.portalalerta.com.br\/?p=77747"},"modified":"2025-12-12T01:16:32","modified_gmt":"2025-12-12T04:16:32","slug":"marcola-e-absolvido-apos-maior-processo-contra-pcc-prescrever-em-sp","status":"publish","type":"post","link":"https:\/\/www.portalalerta.com.br\/index.php\/2025\/12\/11\/marcola-e-absolvido-apos-maior-processo-contra-pcc-prescrever-em-sp\/","title":{"rendered":"Marcola \u00e9 absolvido ap\u00f3s maior processo contra PCC prescrever em SP"},"content":{"rendered":"\n<p>Justi\u00e7a reconheceu que, por conta do prazo de tramita\u00e7\u00e3o do processo, n\u00e3o haveria qualquer puni\u00e7\u00e3o aos 175 denunciados e r\u00e9us envolvidos na a\u00e7\u00e3o penal<\/p>\n\n\n\n<!--more-->\n\n\n\n<p>A Justi\u00e7a de S\u00e3o Paulo absolveu Marcos Willians Herbas Camacho, o Marcola,&nbsp;apontado pelas autoridades como l\u00edder do PCC (Primeiro Comando da Capital), no processo considerado pelo MPSP (Minist\u00e9rio P\u00fablico de S\u00e3o Paulo)&nbsp;a maior a\u00e7\u00e3o penal contra a fac\u00e7\u00e3o criminosa da hist\u00f3ria.<\/p>\n\n\n\n<p>Na decis\u00e3o, assinada no in\u00edcio deste m\u00eas pelo juiz Gabriel Medeiros, a Justi\u00e7a reconheceu que, por conta do prazo de tramita\u00e7\u00e3o do processo, n\u00e3o haveria qualquer puni\u00e7\u00e3o aos 175 denunciados e r\u00e9us envolvidos no processo,&nbsp;<a href=\"https:\/\/www.cnnbrasil.com.br\/nacional\/centro-oeste\/df\/video-veja-escolta-de-marcola-de-presidio-para-hospital-em-brasilia\/\">incluindo Marcola<\/a>.<\/p>\n\n\n\n<p>O processo ficou conhecido com \u201cO caso dos 175 r\u00e9us\u201d.<\/p>\n\n\n<div class=\"wp-block-image\">\n<figure class=\"alignleft size-large is-resized\"><img fetchpriority=\"high\" decoding=\"async\" width=\"819\" height=\"1024\" src=\"https:\/\/www.portalalerta.com.br\/wp-content\/uploads\/2025\/12\/Real-Natal-2025-819x1024.jpg\" alt=\"\" class=\"wp-image-77693\" style=\"width:393px;height:auto\" srcset=\"https:\/\/www.portalalerta.com.br\/wp-content\/uploads\/2025\/12\/Real-Natal-2025-819x1024.jpg 819w, https:\/\/www.portalalerta.com.br\/wp-content\/uploads\/2025\/12\/Real-Natal-2025-192x240.jpg 192w, https:\/\/www.portalalerta.com.br\/wp-content\/uploads\/2025\/12\/Real-Natal-2025-768x960.jpg 768w, https:\/\/www.portalalerta.com.br\/wp-content\/uploads\/2025\/12\/Real-Natal-2025.jpg 1024w\" sizes=\"(max-width: 819px) 100vw, 819px\" \/><\/figure><\/div>\n\n\n<p>Segundo a decis\u00e3o, a den\u00fancia do MPSP foi oferecida ainda em setembro de 2013, quando o MPSP acusou os<a href=\"https:\/\/www.cnnbrasil.com.br\/nacional\/justica-define-onde-marcola-chefao-do-pcc-ficara-neste-ano-entenda\/\">&nbsp;investigados por associa\u00e7\u00e3o criminosa<\/a>. No entanto, desde a data da den\u00fancia, o processo n\u00e3o teve praticamente nenhuma continuidade.<\/p>\n\n\n\n<p>&#8220;Feitas essas considera\u00e7\u00f5es, reconhe\u00e7o a prescri\u00e7\u00e3o da pretens\u00e3o punitiva estatal e em consequ\u00eancia, julgo extintas as punibilidades dos denunciados em rela\u00e7\u00e3o aos quais a den\u00fancia foi recebida, cujas qualifica\u00e7\u00f5es encontram-se nos autos&#8221;, disse o magistrado.<\/p>\n\n\n\n<p>Apesar da prescri\u00e7\u00e3o, o chef\u00e3o do PCC, de 57 anos, tem outros processos pelos quais foi condenado e segue preso na&nbsp;<a href=\"https:\/\/www.cnnbrasil.com.br\/nacional\/brasil\/sucessor-e-chefao-do-pcc-veja-como-e-presidio-onde-estao-tuta-e-marcola\/\">Penitenci\u00e1ria Federal de Bras\u00edlia<\/a>, unidade de seguran\u00e7a m\u00e1xima, sem previs\u00e3o de sa\u00edda.<\/p>\n\n\n\n<p>Em nota, a defesa de Marcola afirmou que a prescri\u00e7\u00e3o se trata de um &#8220;instituto jur\u00eddico constitucionalmente assegurado&#8221;.&nbsp;Leia a nota na \u00edntegra:<\/p>\n\n\n\n<p><em>&#8220;Bruno Ferullo respons\u00e1vel pela defesa t\u00e9cnica de Marco Willians Herbas Camacho informa que o Poder Judici\u00e1rio reconheceu a prescri\u00e7\u00e3o da pretens\u00e3o punitiva estatal in abstrato, decis\u00e3o que, em estrita observ\u00e2ncia ao ordenamento jur\u00eddico brasileiro, declarou extinta a punibilidade do assistido.<\/em><\/p>\n\n\n\n<p><em>A prescri\u00e7\u00e3o \u00e9 um instituto jur\u00eddico constitucionalmente assegurado, destinado a garantir seguran\u00e7a jur\u00eddica e impedir que o Estado exer\u00e7a seu poder punitivo de forma ilimitada no tempo. O reconhecimento da prescri\u00e7\u00e3o, portanto, n\u00e3o constitui favorecimento pessoal, mas sim o cumprimento rigoroso da lei penal e dos prazos previstos pelo pr\u00f3prio Estado.<\/em><\/p>\n\n\n\n<p><em>A decis\u00e3o reafirma a import\u00e2ncia do respeito \u00e0s garantias fundamentais, entre elas a dura\u00e7\u00e3o razo\u00e1vel do processo e o devido processo legal. Trata-se de um pronunciamento judicial t\u00e9cnico, baseado exclusivamente nos par\u00e2metros legais, que encerra definitivamente a persecu\u00e7\u00e3o penal relativa aos fatos em quest\u00e3o.<\/em><\/p>\n\n\n\n<p><em>A defesa reitera seu compromisso com a atua\u00e7\u00e3o \u00e9tica, respons\u00e1vel e estritamente pautada no ordenamento jur\u00eddico.&#8221;<\/em><\/p>\n\n\n\n<blockquote class=\"tiktok-embed\" cite=\"https:\/\/www.tiktok.com\/@portalalerta\/video\/7582818469763091733\" data-video-id=\"7582818469763091733\" style=\"max-width: 605px;min-width: 325px;\" > <section> <a target=\"_blank\" title=\"@portalalerta\" href=\"https:\/\/www.tiktok.com\/@portalalerta?refer=embed\">@portalalerta<\/a> <p>Marcola \u00e9 absolvido ap\u00f3s maior processo contra PCC prescrever em SP  A Justi\u00e7a de S\u00e3o Paulo absolveu Marcos Willians Herbas Camacho, o Marcola,\u00a0apontado pelas autoridades como l\u00edder do PCC (Primeiro Comando da Capital), no processo considerado pelo MPSP (Minist\u00e9rio P\u00fablico de S\u00e3o Paulo)\u00a0a maior a\u00e7\u00e3o penal contra a fac\u00e7\u00e3o criminosa da hist\u00f3ria. #brasil #marcola #pcc #prescricao #absolvicao #portalalerta #portal_alerta #deolhonanoticia<\/p> <a target=\"_blank\" title=\"\u266c som original  - Portal Alerta\" href=\"https:\/\/www.tiktok.com\/music\/som-original-Portal-Alerta-7582818515145493265?refer=embed\">\u266c som original  &#8211; Portal Alerta<\/a> <\/section> <\/blockquote> <script async src=\"https:\/\/www.tiktok.com\/embed.js\"><\/script>\n\n\n\n<p><em>Fonte: CNN<\/em><\/p>\n","protected":false},"excerpt":{"rendered":"<p>Justi\u00e7a reconheceu que, por conta do prazo de tramita\u00e7\u00e3o do processo, n\u00e3o haveria qualquer puni\u00e7\u00e3o aos 175 denunciados e r\u00e9us envolvidos na a\u00e7\u00e3o penal<\/p>\n","protected":false},"author":2,"featured_media":77746,"comment_status":"open","ping_status":"open","sticky":false,"template":"","format":"standard","meta":{"om_disable_all_campaigns":false,"_monsterinsights_skip_tracking":false,"_monsterinsights_sitenote_active":false,"_monsterinsights_sitenote_note":"","_monsterinsights_sitenote_category":0,"footnotes":""},"categories":[34,8473,69,22],"tags":[513,100,71,48,75,4178,4180,129,107,4181,132,230,2372,352,106,203,120,51,613,5125,109,88,47,111,190],"class_list":["post-77747","post","type-post","status-publish","format-standard","has-post-thumbnail","hentry","category-brasil","category-destaque","category-noticias2","category-seguranca","tag-absolvicao","tag-adustina","tag-antas","tag-araci","tag-cicero-dantas","tag-cipo-2","tag-crisopolis-2","tag-euclides-da-cunha","tag-fatima","tag-heliopolis-2","tag-itapicuru","tag-jeremoabo","tag-marcola","tag-ministerio-publico","tag-nova-soure","tag-novo-triunfo","tag-olindina","tag-paripiranga","tag-pcc","tag-prescricao","tag-quijingue","tag-ribeira-do-amparo","tag-ribeira-do-pombal","tag-sitio-do-quinto","tag-tucano"],"aioseo_notices":[],"_links":{"self":[{"href":"https:\/\/www.portalalerta.com.br\/index.php\/wp-json\/wp\/v2\/posts\/77747","targetHints":{"allow":["GET"]}}],"collection":[{"href":"https:\/\/www.portalalerta.com.br\/index.php\/wp-json\/wp\/v2\/posts"}],"about":[{"href":"https:\/\/www.portalalerta.com.br\/index.php\/wp-json\/wp\/v2\/types\/post"}],"author":[{"embeddable":true,"href":"https:\/\/www.portalalerta.com.br\/index.php\/wp-json\/wp\/v2\/users\/2"}],"replies":[{"embeddable":true,"href":"https:\/\/www.portalalerta.com.br\/index.php\/wp-json\/wp\/v2\/comments?post=77747"}],"version-history":[{"count":2,"href":"https:\/\/www.portalalerta.com.br\/index.php\/wp-json\/wp\/v2\/posts\/77747\/revisions"}],"predecessor-version":[{"id":77760,"href":"https:\/\/www.portalalerta.com.br\/index.php\/wp-json\/wp\/v2\/posts\/77747\/revisions\/77760"}],"wp:featuredmedia":[{"embeddable":true,"href":"https:\/\/www.portalalerta.com.br\/index.php\/wp-json\/wp\/v2\/media\/77746"}],"wp:attachment":[{"href":"https:\/\/www.portalalerta.com.br\/index.php\/wp-json\/wp\/v2\/media?parent=77747"}],"wp:term":[{"taxonomy":"category","embeddable":true,"href":"https:\/\/www.portalalerta.com.br\/index.php\/wp-json\/wp\/v2\/categories?post=77747"},{"taxonomy":"post_tag","embeddable":true,"href":"https:\/\/www.portalalerta.com.br\/index.php\/wp-json\/wp\/v2\/tags?post=77747"}],"curies":[{"name":"wp","href":"https:\/\/api.w.org\/{rel}","templated":true}]}}