{"id":77962,"date":"2026-01-02T22:56:33","date_gmt":"2026-01-03T01:56:33","guid":{"rendered":"https:\/\/www.portalalerta.com.br\/?p=77962"},"modified":"2026-01-02T22:56:34","modified_gmt":"2026-01-03T01:56:34","slug":"incendio-destroi-veiculos-no-patio-do-batalhao-da-policia-rodoviaria-estadual-em-aracaju","status":"publish","type":"post","link":"https:\/\/www.portalalerta.com.br\/index.php\/2026\/01\/02\/incendio-destroi-veiculos-no-patio-do-batalhao-da-policia-rodoviaria-estadual-em-aracaju\/","title":{"rendered":"Inc\u00eandio destr\u00f3i ve\u00edculos no p\u00e1tio do Batalh\u00e3o da Pol\u00edcia Rodovi\u00e1ria Estadual em Aracaju"},"content":{"rendered":"\n<p>Um inc\u00eandio atingiu o p\u00e1tio do Batalh\u00e3o da Pol\u00edcia Rodovi\u00e1ria Estadual (BPRv), no Bairro Capucho, em Aracaju, na manh\u00e3 desta quinta-feira (1\u00ba). O Corpo de Bombeiros atendeu a ocorr\u00eancia. De acordo com os moradores da Rua Deputado Reinaldo Moura, o fogo come\u00e7ou em uma \u00e1rea de vegeta\u00e7\u00e3o e se espalhou para os ve\u00edculos localizados no p\u00e1tio. Alguns moradores da regi\u00e3o precisaram deixar as casas em virtude da fuma\u00e7a. Ningu\u00e9m ficou ferido.<\/p>\n\n\n\n<!--more-->\n\n\n<div class=\"wp-block-image\">\n<figure class=\"alignleft size-large is-resized\"><img fetchpriority=\"high\" decoding=\"async\" width=\"1024\" height=\"1024\" src=\"https:\/\/www.portalalerta.com.br\/wp-content\/uploads\/2024\/04\/autoescola-emprego-1024x1024.jpg\" alt=\"\" class=\"wp-image-55693\" style=\"width:413px;height:auto\" srcset=\"https:\/\/www.portalalerta.com.br\/wp-content\/uploads\/2024\/04\/autoescola-emprego-1024x1024.jpg 1024w, https:\/\/www.portalalerta.com.br\/wp-content\/uploads\/2024\/04\/autoescola-emprego-240x240.jpg 240w, https:\/\/www.portalalerta.com.br\/wp-content\/uploads\/2024\/04\/autoescola-emprego-768x768.jpg 768w, https:\/\/www.portalalerta.com.br\/wp-content\/uploads\/2024\/04\/autoescola-emprego.jpg 1080w\" sizes=\"(max-width: 1024px) 100vw, 1024px\" \/><\/figure><\/div>\n\n\n<p>De acordo com o BPRV, os ve\u00edculos que estavam no p\u00e1tio n\u00e3o foram apreendidos pelo Batalh\u00e3o. O espa\u00e7o estava cedido para a Secretaria de Seguran\u00e7a P\u00fablica de Sergipe (SSP), para abrigar carros apreendidos em situa\u00e7\u00e3o de crime. Os bombeiros atuaram com sete viaturas, sendo quatro de combate a inc\u00eandio, duas de busca e salvamento e uma ambul\u00e2ncia, com um efetivo total de vinte e cinco bombeiros militares. Tr\u00eas caminh\u00f5es permaneceram em opera\u00e7\u00e3o para garantir a seguran\u00e7a da \u00e1rea.<\/p>\n\n\n\n<p>Houve apoio do Grupamento T\u00e1tico A\u00e9reo da Secretaria da Seguran\u00e7a P\u00fablica (GTA\/SSP), que realizou 12 lan\u00e7amentos a\u00e9reos de \u00e1gua, atua\u00e7\u00e3o fundamental para evitar a propaga\u00e7\u00e3o das chamas. A Defesa Civil estadual e municipal e a Igu\u00e1 Saneamento tamb\u00e9m atuaram na ocorr\u00eancia, com fornecimento de carros pipa. J\u00e1 a Energisa participou no controle do fornecimento de energia el\u00e9trica na \u00e1rea, garantindo a seguran\u00e7a da opera\u00e7\u00e3o.<\/p>\n\n\n\n<p>Ao todo, estima-se que tenham sido utilizados cerca de 85 mil litros de \u00e1gua no combate \u00e0s chamas. O fogo foi totalmente controlado, com poucas avarias materiais e sem registro de v\u00edtimas. As causas do inc\u00eandio ser\u00e3o investigadas pela Pol\u00edcia Civil de Sergipe.<\/p>\n\n\n\n<p><em>Fonte: Sim\u00e3o Dias Como eu Vejo<\/em><\/p>\n\n\n\n<p><em>Com informa\u00e7\u00f5es: G1\/SE<\/em><br><em>Fotos: Leonardo Barreto\/ TV Sergipe<\/em><\/p>\n","protected":false},"excerpt":{"rendered":"<p>Um inc\u00eandio atingiu o p\u00e1tio do Batalh\u00e3o da Pol\u00edcia Rodovi\u00e1ria Estadual (BPRv), no Bairro Capucho, em Aracaju, na manh\u00e3 desta quinta-feira (1\u00ba). O Corpo de Bombeiros atendeu a ocorr\u00eancia. De acordo com os moradores da Rua Deputado Reinaldo Moura, o fogo come\u00e7ou em uma \u00e1rea de vegeta\u00e7\u00e3o e se espalhou para os ve\u00edculos localizados no &hellip;<\/p>\n","protected":false},"author":2,"featured_media":77963,"comment_status":"open","ping_status":"open","sticky":false,"template":"","format":"standard","meta":{"om_disable_all_campaigns":false,"_monsterinsights_skip_tracking":false,"_monsterinsights_sitenote_active":false,"_monsterinsights_sitenote_note":"","_monsterinsights_sitenote_category":0,"footnotes":""},"categories":[34,8473,70,69,22],"tags":[100,71,48,93,75,4178,4180,129,107,4181,593,132,230,106,203,120,51,79,109,88,47,111,190],"class_list":["post-77962","post","type-post","status-publish","format-standard","has-post-thumbnail","hentry","category-brasil","category-destaque","category-destaques","category-noticias2","category-seguranca","tag-adustina","tag-antas","tag-araci","tag-brasil","tag-cicero-dantas","tag-cipo-2","tag-crisopolis-2","tag-euclides-da-cunha","tag-fatima","tag-heliopolis-2","tag-incendio","tag-itapicuru","tag-jeremoabo","tag-nova-soure","tag-novo-triunfo","tag-olindina","tag-paripiranga","tag-policia-militar","tag-quijingue","tag-ribeira-do-amparo","tag-ribeira-do-pombal","tag-sitio-do-quinto","tag-tucano"],"aioseo_notices":[],"_links":{"self":[{"href":"https:\/\/www.portalalerta.com.br\/index.php\/wp-json\/wp\/v2\/posts\/77962","targetHints":{"allow":["GET"]}}],"collection":[{"href":"https:\/\/www.portalalerta.com.br\/index.php\/wp-json\/wp\/v2\/posts"}],"about":[{"href":"https:\/\/www.portalalerta.com.br\/index.php\/wp-json\/wp\/v2\/types\/post"}],"author":[{"embeddable":true,"href":"https:\/\/www.portalalerta.com.br\/index.php\/wp-json\/wp\/v2\/users\/2"}],"replies":[{"embeddable":true,"href":"https:\/\/www.portalalerta.com.br\/index.php\/wp-json\/wp\/v2\/comments?post=77962"}],"version-history":[{"count":1,"href":"https:\/\/www.portalalerta.com.br\/index.php\/wp-json\/wp\/v2\/posts\/77962\/revisions"}],"predecessor-version":[{"id":77964,"href":"https:\/\/www.portalalerta.com.br\/index.php\/wp-json\/wp\/v2\/posts\/77962\/revisions\/77964"}],"wp:featuredmedia":[{"embeddable":true,"href":"https:\/\/www.portalalerta.com.br\/index.php\/wp-json\/wp\/v2\/media\/77963"}],"wp:attachment":[{"href":"https:\/\/www.portalalerta.com.br\/index.php\/wp-json\/wp\/v2\/media?parent=77962"}],"wp:term":[{"taxonomy":"category","embeddable":true,"href":"https:\/\/www.portalalerta.com.br\/index.php\/wp-json\/wp\/v2\/categories?post=77962"},{"taxonomy":"post_tag","embeddable":true,"href":"https:\/\/www.portalalerta.com.br\/index.php\/wp-json\/wp\/v2\/tags?post=77962"}],"curies":[{"name":"wp","href":"https:\/\/api.w.org\/{rel}","templated":true}]}}