{"id":77965,"date":"2026-01-02T23:06:45","date_gmt":"2026-01-03T02:06:45","guid":{"rendered":"https:\/\/www.portalalerta.com.br\/?p=77965"},"modified":"2026-01-03T00:44:06","modified_gmt":"2026-01-03T03:44:06","slug":"irmaos-ficam-feridos-ao-trocarem-golpes-de-faca-em-araci-ba","status":"publish","type":"post","link":"https:\/\/www.portalalerta.com.br\/index.php\/2026\/01\/02\/irmaos-ficam-feridos-ao-trocarem-golpes-de-faca-em-araci-ba\/","title":{"rendered":"Irm\u00e3os ficam feridos ao trocarem agress\u00f5es com faca, em Araci-BA"},"content":{"rendered":"\n<p>Dois irm\u00e3os se esfaquearam durante uma briga na localidade de Pedra Furada, no munic\u00edpio de Araci, na tarde de s\u00e1bado (27\/12\/2025). O caso aconteceu por volta das 17h30.<\/p>\n\n\n\n<!--more-->\n\n\n<div class=\"wp-block-image\">\n<figure class=\"alignleft size-large is-resized\"><img fetchpriority=\"high\" decoding=\"async\" width=\"819\" height=\"1024\" src=\"https:\/\/www.portalalerta.com.br\/wp-content\/uploads\/2025\/12\/Real-Natal-2025-819x1024.jpg\" alt=\"\" class=\"wp-image-77693\" style=\"width:450px;height:auto\" srcset=\"https:\/\/www.portalalerta.com.br\/wp-content\/uploads\/2025\/12\/Real-Natal-2025-819x1024.jpg 819w, https:\/\/www.portalalerta.com.br\/wp-content\/uploads\/2025\/12\/Real-Natal-2025-192x240.jpg 192w, https:\/\/www.portalalerta.com.br\/wp-content\/uploads\/2025\/12\/Real-Natal-2025-768x960.jpg 768w, https:\/\/www.portalalerta.com.br\/wp-content\/uploads\/2025\/12\/Real-Natal-2025.jpg 1024w\" sizes=\"(max-width: 819px) 100vw, 819px\" \/><\/figure><\/div>\n\n\n<p>Segundo informa\u00e7\u00f5es apuradas pela reportagem, o irm\u00e3o mais novo, de 37 anos, teria invadido a casa do mais velho, de 39, e iniciado o ataque com uma faca. Durante a confus\u00e3o, a v\u00edtima conseguiu pegar um fac\u00e3o que estava guardado na cozinha e atingiu o agressor.<br><br>Testemunhas informaram que o homem apontado como autor das agress\u00f5es possui hist\u00f3rico de transtornos psicol\u00f3gicos. Ningu\u00e9m informou ainda o que teria motivado a briga.<br><br>Os dois irm\u00e3os, feridos, foram socorridos para a Unidade de Pronto Atendimento (UPA) da cidade. Os dois seguem em observa\u00e7\u00e3o na unidade.<br><br><em>Fonte: Gil Santos<\/em><\/p>\n\n\n\n<p><em>Com informa\u00e7\u00f5es: Cl\u00e9riston Silva<\/em><\/p>\n","protected":false},"excerpt":{"rendered":"<p>Dois irm\u00e3os se esfaquearam durante uma briga na localidade de Pedra Furada, no munic\u00edpio de Araci, na tarde de s\u00e1bado (27\/12\/2025). O caso aconteceu por volta das 17h30.<\/p>\n","protected":false},"author":2,"featured_media":21880,"comment_status":"open","ping_status":"open","sticky":false,"template":"","format":"standard","meta":{"om_disable_all_campaigns":false,"_monsterinsights_skip_tracking":false,"_monsterinsights_sitenote_active":false,"_monsterinsights_sitenote_note":"","_monsterinsights_sitenote_category":0,"footnotes":""},"categories":[41,8473,70,69,32,22],"tags":[100,71,48,75,4178,4180,129,492,107,393,4181,4429,132,230,106,203,120,51,109,88,47,111,190],"class_list":["post-77965","post","type-post","status-publish","format-standard","has-post-thumbnail","hentry","category-araci","category-destaque","category-destaques","category-noticias2","category-regiao","category-seguranca","tag-adustina","tag-antas","tag-araci","tag-cicero-dantas","tag-cipo-2","tag-crisopolis-2","tag-euclides-da-cunha","tag-facada","tag-fatima","tag-feridos","tag-heliopolis-2","tag-irmaos","tag-itapicuru","tag-jeremoabo","tag-nova-soure","tag-novo-triunfo","tag-olindina","tag-paripiranga","tag-quijingue","tag-ribeira-do-amparo","tag-ribeira-do-pombal","tag-sitio-do-quinto","tag-tucano"],"aioseo_notices":[],"_links":{"self":[{"href":"https:\/\/www.portalalerta.com.br\/index.php\/wp-json\/wp\/v2\/posts\/77965","targetHints":{"allow":["GET"]}}],"collection":[{"href":"https:\/\/www.portalalerta.com.br\/index.php\/wp-json\/wp\/v2\/posts"}],"about":[{"href":"https:\/\/www.portalalerta.com.br\/index.php\/wp-json\/wp\/v2\/types\/post"}],"author":[{"embeddable":true,"href":"https:\/\/www.portalalerta.com.br\/index.php\/wp-json\/wp\/v2\/users\/2"}],"replies":[{"embeddable":true,"href":"https:\/\/www.portalalerta.com.br\/index.php\/wp-json\/wp\/v2\/comments?post=77965"}],"version-history":[{"count":2,"href":"https:\/\/www.portalalerta.com.br\/index.php\/wp-json\/wp\/v2\/posts\/77965\/revisions"}],"predecessor-version":[{"id":77970,"href":"https:\/\/www.portalalerta.com.br\/index.php\/wp-json\/wp\/v2\/posts\/77965\/revisions\/77970"}],"wp:featuredmedia":[{"embeddable":true,"href":"https:\/\/www.portalalerta.com.br\/index.php\/wp-json\/wp\/v2\/media\/21880"}],"wp:attachment":[{"href":"https:\/\/www.portalalerta.com.br\/index.php\/wp-json\/wp\/v2\/media?parent=77965"}],"wp:term":[{"taxonomy":"category","embeddable":true,"href":"https:\/\/www.portalalerta.com.br\/index.php\/wp-json\/wp\/v2\/categories?post=77965"},{"taxonomy":"post_tag","embeddable":true,"href":"https:\/\/www.portalalerta.com.br\/index.php\/wp-json\/wp\/v2\/tags?post=77965"}],"curies":[{"name":"wp","href":"https:\/\/api.w.org\/{rel}","templated":true}]}}