{"id":77981,"date":"2026-01-03T16:07:21","date_gmt":"2026-01-03T19:07:21","guid":{"rendered":"https:\/\/www.portalalerta.com.br\/?p=77981"},"modified":"2026-01-03T16:20:30","modified_gmt":"2026-01-03T19:20:30","slug":"eduardo-bolsonaro-pode-enfrentar-processo-por-abandono-de-carreira-de-escrivao-da-pf","status":"publish","type":"post","link":"https:\/\/www.portalalerta.com.br\/index.php\/2026\/01\/03\/eduardo-bolsonaro-pode-enfrentar-processo-por-abandono-de-carreira-de-escrivao-da-pf\/","title":{"rendered":"Eduardo Bolsonaro pode enfrentar processo por abandono de carreira de escriv\u00e3o da PF"},"content":{"rendered":"\n<p>Conforme regime jur\u00eddico dos servidores p\u00fablicos federais, se ele n\u00e3o comparecer durante 30 dias consecutivos (ou 60, intercalados em um per\u00edodo de 12 meses) ser\u00e1 instaurado um processo de abandono de cargo<\/p>\n\n\n\n<!--more-->\n\n\n<div class=\"wp-block-image\">\n<figure class=\"alignleft size-large is-resized\"><img fetchpriority=\"high\" decoding=\"async\" width=\"1024\" height=\"1024\" src=\"https:\/\/www.portalalerta.com.br\/wp-content\/uploads\/2024\/04\/autoescola-emprego-1024x1024.jpg\" alt=\"\" class=\"wp-image-55693\" style=\"object-fit:cover;width:435px;height:435px\" srcset=\"https:\/\/www.portalalerta.com.br\/wp-content\/uploads\/2024\/04\/autoescola-emprego-1024x1024.jpg 1024w, https:\/\/www.portalalerta.com.br\/wp-content\/uploads\/2024\/04\/autoescola-emprego-240x240.jpg 240w, https:\/\/www.portalalerta.com.br\/wp-content\/uploads\/2024\/04\/autoescola-emprego-768x768.jpg 768w, https:\/\/www.portalalerta.com.br\/wp-content\/uploads\/2024\/04\/autoescola-emprego.jpg 1080w\" sizes=\"(max-width: 1024px) 100vw, 1024px\" \/><\/figure><\/div>\n\n\n<p>Se o ex-deputado federal Eduardo Bolsonaro (PL-SP) n\u00e3o&nbsp;reassumir a carreira como escriv\u00e3o&nbsp;da&nbsp;Pol\u00edcia Federal (PF), ele dever\u00e1 enfrentar um&nbsp;processo de abandono de cargo, conforme a lei que rege o servi\u00e7o p\u00fablico na institui\u00e7\u00e3o.<\/p>\n\n\n\n<p>Eduardo passou em um concurso p\u00fablico para escriv\u00e3o em 2010, antes de come\u00e7ar a vida pol\u00edtica. Ele trabalhou na PF at\u00e9 2014, quando foi eleito deputado federal por S\u00e3o Paulo pela primeira vez.&nbsp;At\u00e9 o fim do ano passado, ele tinha uma licen\u00e7a para desempenhar a atividade de deputado federal, mas seu mandato foi cassado no dia 18 de dezembro.<\/p>\n\n\n\n<p>A PF publicou nesta sexta-feira (2) no Di\u00e1rio Oficial um ato em que ordena que ele retorne \u00e0s atividades na delega\u00e7\u00e3o em Angra dos Reis (RJ).&nbsp;No texto, afirma-se que \u201ca aus\u00eancia injustificada poder\u00e1 ensejar a ado\u00e7\u00e3o das provid\u00eancias administrativas e disciplinares cab\u00edveis\u201d.<\/p>\n\n\n\n<p>Conforme o regime jur\u00eddico dos servidores p\u00fablicos federais, se ele n\u00e3o comparecer durante 30 dias consecutivos (ou 60, intercalados em um per\u00edodo de 12 meses) ser\u00e1 instaurado um processo de abandono de cargo que, segundo Araceli Rodrigues, advogada do Cassel Ruzzarin, \u00e9 c\u00e9lere.<\/p>\n\n\n\n<p><em>Fonte: Metro1<\/em><\/p>\n","protected":false},"excerpt":{"rendered":"<p>Conforme regime jur\u00eddico dos servidores p\u00fablicos federais, se ele n\u00e3o comparecer durante 30 dias consecutivos (ou 60, intercalados em um per\u00edodo de 12 meses) ser\u00e1 instaurado um processo de abandono de cargo<\/p>\n","protected":false},"author":2,"featured_media":75651,"comment_status":"open","ping_status":"open","sticky":false,"template":"","format":"standard","meta":{"om_disable_all_campaigns":false,"_monsterinsights_skip_tracking":false,"_monsterinsights_sitenote_active":false,"_monsterinsights_sitenote_note":"","_monsterinsights_sitenote_category":0,"footnotes":""},"categories":[34,70,35,69,21],"tags":[100,71,48,93,75,4178,4180,2058,129,107,4181,132,230,106,203,120,51,173,199,109,88,47,111,190],"class_list":["post-77981","post","type-post","status-publish","format-standard","has-post-thumbnail","hentry","category-brasil","category-destaques","category-mundo","category-noticias2","category-politica","tag-adustina","tag-antas","tag-araci","tag-brasil","tag-cicero-dantas","tag-cipo-2","tag-crisopolis-2","tag-eduardo-bolsonaro","tag-euclides-da-cunha","tag-fatima","tag-heliopolis-2","tag-itapicuru","tag-jeremoabo","tag-nova-soure","tag-novo-triunfo","tag-olindina","tag-paripiranga","tag-policia-federal","tag-politica","tag-quijingue","tag-ribeira-do-amparo","tag-ribeira-do-pombal","tag-sitio-do-quinto","tag-tucano"],"aioseo_notices":[],"_links":{"self":[{"href":"https:\/\/www.portalalerta.com.br\/index.php\/wp-json\/wp\/v2\/posts\/77981","targetHints":{"allow":["GET"]}}],"collection":[{"href":"https:\/\/www.portalalerta.com.br\/index.php\/wp-json\/wp\/v2\/posts"}],"about":[{"href":"https:\/\/www.portalalerta.com.br\/index.php\/wp-json\/wp\/v2\/types\/post"}],"author":[{"embeddable":true,"href":"https:\/\/www.portalalerta.com.br\/index.php\/wp-json\/wp\/v2\/users\/2"}],"replies":[{"embeddable":true,"href":"https:\/\/www.portalalerta.com.br\/index.php\/wp-json\/wp\/v2\/comments?post=77981"}],"version-history":[{"count":2,"href":"https:\/\/www.portalalerta.com.br\/index.php\/wp-json\/wp\/v2\/posts\/77981\/revisions"}],"predecessor-version":[{"id":77986,"href":"https:\/\/www.portalalerta.com.br\/index.php\/wp-json\/wp\/v2\/posts\/77981\/revisions\/77986"}],"wp:featuredmedia":[{"embeddable":true,"href":"https:\/\/www.portalalerta.com.br\/index.php\/wp-json\/wp\/v2\/media\/75651"}],"wp:attachment":[{"href":"https:\/\/www.portalalerta.com.br\/index.php\/wp-json\/wp\/v2\/media?parent=77981"}],"wp:term":[{"taxonomy":"category","embeddable":true,"href":"https:\/\/www.portalalerta.com.br\/index.php\/wp-json\/wp\/v2\/categories?post=77981"},{"taxonomy":"post_tag","embeddable":true,"href":"https:\/\/www.portalalerta.com.br\/index.php\/wp-json\/wp\/v2\/tags?post=77981"}],"curies":[{"name":"wp","href":"https:\/\/api.w.org\/{rel}","templated":true}]}}