{"id":78034,"date":"2026-01-08T18:56:17","date_gmt":"2026-01-08T21:56:17","guid":{"rendered":"https:\/\/www.portalalerta.com.br\/?p=78034"},"modified":"2026-01-08T18:56:18","modified_gmt":"2026-01-08T21:56:18","slug":"corina-diz-que-governo-interino-na-venezuela-e-absolutamente-temporario","status":"publish","type":"post","link":"https:\/\/www.portalalerta.com.br\/index.php\/2026\/01\/08\/corina-diz-que-governo-interino-na-venezuela-e-absolutamente-temporario\/","title":{"rendered":"Corina diz que governo interino na Venezuela \u00e9 \u201cabsolutamente tempor\u00e1rio\u201d"},"content":{"rendered":"\n<p>L\u00edder da oposi\u00e7\u00e3o venezuelana prometeu voltar ao pa\u00eds &#8220;o mais r\u00e1pido poss\u00edvel&#8221; ap\u00f3s a captura de Nicol\u00e1s Maduro<\/p>\n\n\n\n<!--more-->\n\n\n\n<p>Com a tens\u00e3o persistindo na Venezuela e a incerteza quanto ao crescimento futuro do pa\u00eds, a l\u00edder da oposi\u00e7\u00e3o do pa\u00eds, Mar\u00eda Corina Machado, afirmou que considera o governo de Delcy Rodr\u00edguez, empossada como presidente interina, \u201cabsolutamente tempor\u00e1rio\u201d.<\/p>\n\n\n\n<p>\u201cO objetivo \u00e9 que seja o mais curto, absolutamente o mais curto e r\u00e1pido poss\u00edvel\u201d, acrescentou Machado.<\/p>\n\n\n<div class=\"wp-block-image\">\n<figure class=\"alignleft size-large is-resized\"><img fetchpriority=\"high\" decoding=\"async\" width=\"819\" height=\"1024\" src=\"https:\/\/www.portalalerta.com.br\/wp-content\/uploads\/2026\/01\/Volta-as-aulas-Real-Calcados-2026-819x1024.jpg\" alt=\"\" class=\"wp-image-78035\" style=\"width:407px;height:auto\" srcset=\"https:\/\/www.portalalerta.com.br\/wp-content\/uploads\/2026\/01\/Volta-as-aulas-Real-Calcados-2026-819x1024.jpg 819w, https:\/\/www.portalalerta.com.br\/wp-content\/uploads\/2026\/01\/Volta-as-aulas-Real-Calcados-2026-192x240.jpg 192w, https:\/\/www.portalalerta.com.br\/wp-content\/uploads\/2026\/01\/Volta-as-aulas-Real-Calcados-2026-768x960.jpg 768w, https:\/\/www.portalalerta.com.br\/wp-content\/uploads\/2026\/01\/Volta-as-aulas-Real-Calcados-2026.jpg 1024w\" sizes=\"(max-width: 819px) 100vw, 819px\" \/><\/figure><\/div>\n\n\n<p>Em entrevista ao jornal venezuelano La Patilla, a venezuelana insistiu que a \u201ctransi\u00e7\u00e3o \u00e9 irrevers\u00edvel\u201d na Venezuela.<\/p>\n\n\n\n<p>Mar\u00eda Corina deixou a Venezuela em dezembro, ap\u00f3s quase um ano escondida, e\u00a0viajou para Oslo, capital da Noruega, onde recebeu o Pr\u00eamio Nobel da Paz.<\/p>\n\n\n\n<p>Ela declarou que o\u00a0governo de Rodr\u00edguez\u00a0representa \u201cuma fase anterior ao avan\u00e7o da transi\u00e7\u00e3o\u201d e reiterou a necessidade da liberta\u00e7\u00e3o de presos pol\u00edticos como passo essencial para alcan\u00e7ar a mudan\u00e7a no pa\u00eds.<\/p>\n\n\n\n<p>Ap\u00f3s a\u00a0captura do ditador venezuelano, Nicol\u00e1s Maduro, em uma opera\u00e7\u00e3o militar dos Estados Unidos em Caracas no \u00faltimo s\u00e1bado (3), o presidente americano, Donald Trump, foi questionado sobre o poss\u00edvel papel de Machado na transi\u00e7\u00e3o.<\/p>\n\n\n\n<p>Trump expressou d\u00favidas sobre a capacidade dela de governar o pa\u00eds, afirmando que &#8220;ela n\u00e3o tem o apoio\u00a0nem o respeito do povo&#8221;.<\/p>\n\n\n\n<p>Machado n\u00e3o est\u00e1 mais em Oslo, mas n\u00e3o h\u00e1 informa\u00e7\u00f5es p\u00fablicas sobre seu paradeiro atual.<\/p>\n\n\n\n<p><em>Fonte: CNN<\/em> <\/p>\n","protected":false},"excerpt":{"rendered":"<p>L\u00edder da oposi\u00e7\u00e3o venezuelana prometeu voltar ao pa\u00eds &#8220;o mais r\u00e1pido poss\u00edvel&#8221; ap\u00f3s a captura de Nicol\u00e1s Maduro<\/p>\n","protected":false},"author":2,"featured_media":62917,"comment_status":"open","ping_status":"open","sticky":false,"template":"","format":"standard","meta":{"om_disable_all_campaigns":false,"_monsterinsights_skip_tracking":false,"_monsterinsights_sitenote_active":false,"_monsterinsights_sitenote_note":"","_monsterinsights_sitenote_category":0,"footnotes":""},"categories":[8473,35,69,21],"tags":[100,71,48,75,4178,4180,129,107,4181,132,230,7719,339,106,203,120,51,109,88,47,111,190,326],"class_list":["post-78034","post","type-post","status-publish","format-standard","has-post-thumbnail","hentry","category-destaque","category-mundo","category-noticias2","category-politica","tag-adustina","tag-antas","tag-araci","tag-cicero-dantas","tag-cipo-2","tag-crisopolis-2","tag-euclides-da-cunha","tag-fatima","tag-heliopolis-2","tag-itapicuru","tag-jeremoabo","tag-maria-corina-machado-2","tag-mundo","tag-nova-soure","tag-novo-triunfo","tag-olindina","tag-paripiranga","tag-quijingue","tag-ribeira-do-amparo","tag-ribeira-do-pombal","tag-sitio-do-quinto","tag-tucano","tag-venezuela"],"aioseo_notices":[],"_links":{"self":[{"href":"https:\/\/www.portalalerta.com.br\/index.php\/wp-json\/wp\/v2\/posts\/78034","targetHints":{"allow":["GET"]}}],"collection":[{"href":"https:\/\/www.portalalerta.com.br\/index.php\/wp-json\/wp\/v2\/posts"}],"about":[{"href":"https:\/\/www.portalalerta.com.br\/index.php\/wp-json\/wp\/v2\/types\/post"}],"author":[{"embeddable":true,"href":"https:\/\/www.portalalerta.com.br\/index.php\/wp-json\/wp\/v2\/users\/2"}],"replies":[{"embeddable":true,"href":"https:\/\/www.portalalerta.com.br\/index.php\/wp-json\/wp\/v2\/comments?post=78034"}],"version-history":[{"count":1,"href":"https:\/\/www.portalalerta.com.br\/index.php\/wp-json\/wp\/v2\/posts\/78034\/revisions"}],"predecessor-version":[{"id":78036,"href":"https:\/\/www.portalalerta.com.br\/index.php\/wp-json\/wp\/v2\/posts\/78034\/revisions\/78036"}],"wp:featuredmedia":[{"embeddable":true,"href":"https:\/\/www.portalalerta.com.br\/index.php\/wp-json\/wp\/v2\/media\/62917"}],"wp:attachment":[{"href":"https:\/\/www.portalalerta.com.br\/index.php\/wp-json\/wp\/v2\/media?parent=78034"}],"wp:term":[{"taxonomy":"category","embeddable":true,"href":"https:\/\/www.portalalerta.com.br\/index.php\/wp-json\/wp\/v2\/categories?post=78034"},{"taxonomy":"post_tag","embeddable":true,"href":"https:\/\/www.portalalerta.com.br\/index.php\/wp-json\/wp\/v2\/tags?post=78034"}],"curies":[{"name":"wp","href":"https:\/\/api.w.org\/{rel}","templated":true}]}}