{"id":78037,"date":"2026-01-08T19:00:15","date_gmt":"2026-01-08T22:00:15","guid":{"rendered":"https:\/\/www.portalalerta.com.br\/?p=78037"},"modified":"2026-01-08T19:00:16","modified_gmt":"2026-01-08T22:00:16","slug":"apos-ficar-mais-de-dois-anos-sem-registrar-homicidio-adustina-teve-apenas-um-assassinato-em-2025","status":"publish","type":"post","link":"https:\/\/www.portalalerta.com.br\/index.php\/2026\/01\/08\/apos-ficar-mais-de-dois-anos-sem-registrar-homicidio-adustina-teve-apenas-um-assassinato-em-2025\/","title":{"rendered":"Ap\u00f3s ficar mais de dois anos sem registrar homic\u00eddio, Adustina teve apenas um assassinato em 2025!"},"content":{"rendered":"\n<p>O munic\u00edpio de Adustina-BA registrou apenas um homic\u00eddio ao longo de todo o ano de 2025. A cidade estava desde <strong><a href=\"https:\/\/www.portalalerta.com.br\/index.php\/2023\/05\/17\/adustina-ba-registra-o-segundo-homicidio-do-ano\/\">maio de 2023 sem registros de crimes desta natureza<\/a><\/strong>.<\/p>\n\n\n\n<!--more-->\n\n\n\n<p>O crime de 2025 vitimou fatalmente Denison Vieira Almeida, ap\u00f3s este confrontar com Lu\u00eds Paulo Moraes Veira, na pra\u00e7a da feira da cidade, por volta das 7h do domingo, 21 de setembro.<\/p>\n\n\n\n<p>Atualmente Adustina \u00e9 habitada por 14.201 pessoas, de acordo com a \u00faltima estimativa populacional informada pelo IBGE. Desta forma, em termos proporcionais, a cidade fechou o ano com sete homic\u00eddios para cada 100.000 habitantes.<\/p>\n\n\n\n<p>Vale ressaltar que estes dados s\u00e3o baseados em mat\u00e9rias jornal\u00edsticas do site PORTAL ALERTA, n\u00e3o incluindo mortes por interven\u00e7\u00f5es policiais e tentativas de homic\u00eddios que evolu\u00edram a \u00f3bito, o que podem ser contestadas pelas autoridades policiais.<\/p>\n\n\n\n<p><strong>Confira o Mapa:<\/strong><\/p>\n\n\n<div class=\"wp-block-image\">\n<figure class=\"aligncenter size-full\"><img fetchpriority=\"high\" decoding=\"async\" width=\"600\" height=\"374\" src=\"https:\/\/www.portalalerta.com.br\/wp-content\/uploads\/2026\/01\/Mancha-Criminal-de-Adustina-em-2025.jpg\" alt=\"\" class=\"wp-image-78039\" srcset=\"https:\/\/www.portalalerta.com.br\/wp-content\/uploads\/2026\/01\/Mancha-Criminal-de-Adustina-em-2025.jpg 600w, https:\/\/www.portalalerta.com.br\/wp-content\/uploads\/2026\/01\/Mancha-Criminal-de-Adustina-em-2025-385x240.jpg 385w\" sizes=\"(max-width: 600px) 100vw, 600px\" \/><\/figure><\/div>\n\n\n<p><strong><a href=\"https:\/\/www.portalalerta.com.br\/index.php\/2025\/09\/21\/troca-de-tiros-deixa-um-morto-e-outro-ferido-no-centro-de-adustina-ba\/\">1 \u2013 Denison Vieira Almeida, em 21\/09\/2025<\/a><\/strong><\/p>\n\n\n\n<p><strong>Local:<\/strong> Pra\u00e7a da Feira<\/p>\n\n\n\n<p><strong>Meio Utilizado:<\/strong> Arma de fogo<\/p>\n\n\n\n<p><strong>Poss\u00edvel Motiva\u00e7\u00e3o: <\/strong>Rixa<\/p>\n\n\n\n<p><strong>Confira o gr\u00e1fico com o comparativo mensal, entre os anos 2024 e 2025:<\/strong><\/p>\n\n\n<div class=\"wp-block-image\">\n<figure class=\"aligncenter size-full\"><img decoding=\"async\" width=\"550\" height=\"330\" src=\"https:\/\/www.portalalerta.com.br\/wp-content\/uploads\/2026\/01\/Comparativo-mensal-de-homicidios-em-Adustina-2024-e-2025.jpg\" alt=\"\" class=\"wp-image-78040\" srcset=\"https:\/\/www.portalalerta.com.br\/wp-content\/uploads\/2026\/01\/Comparativo-mensal-de-homicidios-em-Adustina-2024-e-2025.jpg 550w, https:\/\/www.portalalerta.com.br\/wp-content\/uploads\/2026\/01\/Comparativo-mensal-de-homicidios-em-Adustina-2024-e-2025-400x240.jpg 400w\" sizes=\"(max-width: 550px) 100vw, 550px\" \/><\/figure><\/div>\n\n\n<p><em>Reda\u00e7\u00e3o: Portal Alerta<\/em><\/p>\n","protected":false},"excerpt":{"rendered":"<p>O munic\u00edpio de Adustina-BA registrou apenas um homic\u00eddio ao longo de todo o ano de 2025. A cidade estava desde maio de 2023 sem registros de crimes desta natureza.<\/p>\n","protected":false},"author":2,"featured_media":8522,"comment_status":"open","ping_status":"open","sticky":false,"template":"","format":"standard","meta":{"om_disable_all_campaigns":false,"_monsterinsights_skip_tracking":false,"_monsterinsights_sitenote_active":false,"_monsterinsights_sitenote_note":"","_monsterinsights_sitenote_category":0,"footnotes":""},"categories":[40,8473,69,32,22],"tags":[100,71,48,75,4178,4180,129,107,4181,2074,132,230,500,106,203,120,51,109,88,47,111,190],"class_list":["post-78037","post","type-post","status-publish","format-standard","has-post-thumbnail","hentry","category-adustina","category-destaque","category-noticias2","category-regiao","category-seguranca","tag-adustina","tag-antas","tag-araci","tag-cicero-dantas","tag-cipo-2","tag-crisopolis-2","tag-euclides-da-cunha","tag-fatima","tag-heliopolis-2","tag-homicidios","tag-itapicuru","tag-jeremoabo","tag-mancha-criminal","tag-nova-soure","tag-novo-triunfo","tag-olindina","tag-paripiranga","tag-quijingue","tag-ribeira-do-amparo","tag-ribeira-do-pombal","tag-sitio-do-quinto","tag-tucano"],"aioseo_notices":[],"_links":{"self":[{"href":"https:\/\/www.portalalerta.com.br\/index.php\/wp-json\/wp\/v2\/posts\/78037","targetHints":{"allow":["GET"]}}],"collection":[{"href":"https:\/\/www.portalalerta.com.br\/index.php\/wp-json\/wp\/v2\/posts"}],"about":[{"href":"https:\/\/www.portalalerta.com.br\/index.php\/wp-json\/wp\/v2\/types\/post"}],"author":[{"embeddable":true,"href":"https:\/\/www.portalalerta.com.br\/index.php\/wp-json\/wp\/v2\/users\/2"}],"replies":[{"embeddable":true,"href":"https:\/\/www.portalalerta.com.br\/index.php\/wp-json\/wp\/v2\/comments?post=78037"}],"version-history":[{"count":1,"href":"https:\/\/www.portalalerta.com.br\/index.php\/wp-json\/wp\/v2\/posts\/78037\/revisions"}],"predecessor-version":[{"id":78041,"href":"https:\/\/www.portalalerta.com.br\/index.php\/wp-json\/wp\/v2\/posts\/78037\/revisions\/78041"}],"wp:featuredmedia":[{"embeddable":true,"href":"https:\/\/www.portalalerta.com.br\/index.php\/wp-json\/wp\/v2\/media\/8522"}],"wp:attachment":[{"href":"https:\/\/www.portalalerta.com.br\/index.php\/wp-json\/wp\/v2\/media?parent=78037"}],"wp:term":[{"taxonomy":"category","embeddable":true,"href":"https:\/\/www.portalalerta.com.br\/index.php\/wp-json\/wp\/v2\/categories?post=78037"},{"taxonomy":"post_tag","embeddable":true,"href":"https:\/\/www.portalalerta.com.br\/index.php\/wp-json\/wp\/v2\/tags?post=78037"}],"curies":[{"name":"wp","href":"https:\/\/api.w.org\/{rel}","templated":true}]}}