{"id":78046,"date":"2026-01-09T19:19:26","date_gmt":"2026-01-09T22:19:26","guid":{"rendered":"https:\/\/www.portalalerta.com.br\/?p=78046"},"modified":"2026-01-09T19:19:27","modified_gmt":"2026-01-09T22:19:27","slug":"araci-ba-reduz-em-18-o-numero-de-homicidios-em-2025-em-relacao-ao-ano-anterior","status":"publish","type":"post","link":"https:\/\/www.portalalerta.com.br\/index.php\/2026\/01\/09\/araci-ba-reduz-em-18-o-numero-de-homicidios-em-2025-em-relacao-ao-ano-anterior\/","title":{"rendered":"Araci-BA reduz em 18% o n\u00famero de homic\u00eddios em 2025, em rela\u00e7\u00e3o ao ano anterior"},"content":{"rendered":"\n<p>Em 2025, Araci-BA registrou nove homic\u00eddios, sendo seis deles com o uso de arma de fogo.<\/p>\n\n\n\n<!--more-->\n\n\n<div class=\"wp-block-image\">\n<figure class=\"alignleft size-large is-resized\"><img fetchpriority=\"high\" decoding=\"async\" width=\"819\" height=\"1024\" src=\"https:\/\/www.portalalerta.com.br\/wp-content\/uploads\/2026\/01\/Volta-as-aulas-Real-Calcados-2026-819x1024.jpg\" alt=\"\" class=\"wp-image-78035\" style=\"width:354px;height:auto\" srcset=\"https:\/\/www.portalalerta.com.br\/wp-content\/uploads\/2026\/01\/Volta-as-aulas-Real-Calcados-2026-819x1024.jpg 819w, https:\/\/www.portalalerta.com.br\/wp-content\/uploads\/2026\/01\/Volta-as-aulas-Real-Calcados-2026-192x240.jpg 192w, https:\/\/www.portalalerta.com.br\/wp-content\/uploads\/2026\/01\/Volta-as-aulas-Real-Calcados-2026-768x960.jpg 768w, https:\/\/www.portalalerta.com.br\/wp-content\/uploads\/2026\/01\/Volta-as-aulas-Real-Calcados-2026.jpg 1024w\" sizes=\"(max-width: 819px) 100vw, 819px\" \/><\/figure><\/div>\n\n\n<p>Atualmente Araci \u00e9 habitada por 50.336 pessoas, de acordo com a \u00faltima estimativa do IBGE. Desta forma, analisando em propor\u00e7\u00e3o, ficou com uma m\u00e9dia de 18 homic\u00eddios para cada 100.000 habitantes.<\/p>\n\n\n\n<p>Por fim, se concluiu que janeiro, julho e agosto foram os meses mais violentos do ano, registrando dois homic\u00eddios\/cada. &nbsp;Desta forma, o reduziu em 18% o n\u00famero de homic\u00eddios em rela\u00e7\u00e3o ao ano anterior. Todos os crimes aconteceram na zona rural da cidade.<\/p>\n\n\n\n<p>Vale ressaltar que estes dados s\u00e3o baseados em mat\u00e9rias jornal\u00edsticas do site PORTAL ALERTA, n\u00e3o incluindo mortes por interven\u00e7\u00f5es policiais e tentativas de homic\u00eddios que evolu\u00edram a \u00f3bito, o que podem ser contestadas pelas autoridades policiais.<\/p>\n\n\n\n<p><strong>Confira o Mapa:<\/strong><\/p>\n\n\n<div class=\"wp-block-image\">\n<figure class=\"aligncenter size-full\"><img decoding=\"async\" width=\"550\" height=\"334\" src=\"https:\/\/www.portalalerta.com.br\/wp-content\/uploads\/2026\/01\/Mancha-Criminal-de-Araci-2025.jpg\" alt=\"\" class=\"wp-image-78047\" srcset=\"https:\/\/www.portalalerta.com.br\/wp-content\/uploads\/2026\/01\/Mancha-Criminal-de-Araci-2025.jpg 550w, https:\/\/www.portalalerta.com.br\/wp-content\/uploads\/2026\/01\/Mancha-Criminal-de-Araci-2025-395x240.jpg 395w\" sizes=\"(max-width: 550px) 100vw, 550px\" \/><\/figure><\/div>\n\n\n<p><strong><a href=\"https:\/\/www.portalalerta.com.br\/index.php\/2025\/01\/09\/casal-e-assassinado-a-tiros-dentro-de-casa-e-araci-ba-registra-os-primeiros-homicidios-do-ano\/\">1 \u2013 Rodrigo Santos do Nascimento, 25 anos, em 07\/01\/2025<\/a><\/strong><\/p>\n\n\n\n<p><strong>Local: <\/strong>Povoado Ab\u00f3bora<\/p>\n\n\n\n<p><strong>Meio Utilizado: <\/strong>Arma de Fogo<\/p>\n\n\n\n<p><strong>Poss\u00edvel Motiva\u00e7\u00e3o:<\/strong> Desconhecida<\/p>\n\n\n\n<p><a href=\"https:\/\/www.portalalerta.com.br\/index.php\/2025\/01\/09\/casal-e-assassinado-a-tiros-dentro-de-casa-e-araci-ba-registra-os-primeiros-homicidios-do-ano\/\"><strong>2 \u2013 Denise Novaes de Sousa, 24 anos, 07\/01\/2025<\/strong><\/a><strong><\/strong><\/p>\n\n\n\n<p><strong>Local: <\/strong>Povoado Ab\u00f3bora<\/p>\n\n\n\n<p><strong>Meio Utilizado: <\/strong>Arma de Fogo<\/p>\n\n\n\n<p><strong>Poss\u00edvel Motiva\u00e7\u00e3o:<\/strong> Desconhecida<\/p>\n\n\n\n<p><a href=\"https:\/\/www.portalalerta.com.br\/index.php\/2025\/02\/04\/corpo-de-homem-e-encontrado-com-marca-de-tiro-na-testa-em-zona-rural-de-araci\/\"><strong>3 \u2013 Adelmo Pereira Santos, 41 anos, em 03\/02\/2025<\/strong><\/a><strong><\/strong><\/p>\n\n\n\n<p><strong>Local:<\/strong> Fazenda Dion\u00edzio<\/p>\n\n\n\n<p><strong>Meio Utilizado:<\/strong> Arma de fogo<\/p>\n\n\n\n<p><strong>Poss\u00edvel Motiva\u00e7\u00e3o: <\/strong>Crime Organizado<\/p>\n\n\n\n<p><a href=\"https:\/\/www.portalalerta.com.br\/index.php\/2025\/05\/26\/homem-e-morto-apos-desentendimento-na-zona-rural-de-araci\/\"><strong>4 \u2013 N\u00e3o identificado, 47 anos, em 24\/05\/2025<\/strong><\/a><strong><\/strong><\/p>\n\n\n\n<p><strong>Local:<\/strong> Povoado Sem Freio<\/p>\n\n\n\n<p><strong>Meio Utilizado:<\/strong> Faca<\/p>\n\n\n\n<p><strong>Poss\u00edvel Motiva\u00e7\u00e3o: <\/strong>Rixa<\/p>\n\n\n\n<p><strong><a href=\"https:\/\/www.portalalerta.com.br\/index.php\/2025\/07\/08\/homem-e-morto-com-crueldade-e-enterrado-em-matagal-em-araci\/\">5 \u2013 Jos\u00e9 Helder Moura dos Santos (Besouro), 29 anos, em 05\/07\/2025<\/a><\/strong><\/p>\n\n\n\n<p><strong>Local:<\/strong> Povoado Barbosa<\/p>\n\n\n\n<p><strong>Meio Utilizado:<\/strong> Desconhecida<\/p>\n\n\n\n<p><strong>Poss\u00edvel Motiva\u00e7\u00e3o: <\/strong>Desconhecida<\/p>\n\n\n\n<p><a href=\"https:\/\/www.portalalerta.com.br\/index.php\/2025\/07\/17\/homem-morre-apos-ser-baleado-na-cabeca-na-zona-rural-de-araci\/\"><strong>6 \u2013 Jivanildo Sousa dos Santos, 29 anos, em 16\/07\/2025<\/strong><\/a><strong><\/strong><\/p>\n\n\n\n<p><strong>Local:<\/strong> Povoado Barbosa<\/p>\n\n\n\n<p><strong>Meio Utilizado:<\/strong> Arma de fogo<\/p>\n\n\n\n<p><strong>Poss\u00edvel Motiva\u00e7\u00e3o:<\/strong> Desconhecida<\/p>\n\n\n\n<p><a href=\"https:\/\/www.portalalerta.com.br\/index.php\/2025\/08\/31\/homem-e-morto-a-tiros-na-zona-rural-de-araci\/\"><strong>7 \u2013 Cristiano Santos dos Anjos, 41 anos, em 30\/08\/2025<\/strong><\/a><strong><\/strong><\/p>\n\n\n\n<p><strong>Local:<\/strong> Povoado Lagoa Nova<\/p>\n\n\n\n<p><strong>Meio Utilizado:<\/strong> Arma de fogo<\/p>\n\n\n\n<p><strong>Poss\u00edvel Motiva\u00e7\u00e3o:<\/strong> Desconhecida<\/p>\n\n\n\n<p><a href=\"https:\/\/www.portalalerta.com.br\/index.php\/2025\/09\/01\/homem-e-encontrado-morto-nos-fundos-de-posto-de-saude-apos-discutir-com-padrasto-na-zona-rural-de-araci\/\"><strong>8 \u2013 Tiago Mendes dos Santos, 37 anos, em 31\/08\/2025<\/strong><\/a><strong><\/strong><\/p>\n\n\n\n<p><strong>Local:<\/strong> Povoado Ribeira 1<\/p>\n\n\n\n<p><strong>Meio Utilizado:<\/strong> Facada<\/p>\n\n\n\n<p><strong>Poss\u00edvel Motiva\u00e7\u00e3o:<\/strong> Rixa Familiar<\/p>\n\n\n\n<p><a href=\"https:\/\/www.portalalerta.com.br\/index.php\/2025\/09\/23\/homem-e-morto-a-tiros-na-zona-rural-de-araci-2\/\"><strong>9 \u2013 Cristiano Jesus dos Santos, em 22\/09\/2025<\/strong><\/a><strong><\/strong><\/p>\n\n\n\n<p><strong>Local:<\/strong> Povoado Jo\u00e3o Vieira<\/p>\n\n\n\n<p><strong>Meio Utilizado:<\/strong> Arma de Fogo<\/p>\n\n\n\n<p><strong>Poss\u00edvel Motiva\u00e7\u00e3o:<\/strong> Crime Organizado<\/p>\n\n\n\n<p><strong>Confira o Gr\u00e1fico comparativo entre os anos 2024 e 2025:<\/strong><\/p>\n\n\n<div class=\"wp-block-image\">\n<figure class=\"aligncenter size-full\"><img decoding=\"async\" width=\"550\" height=\"330\" src=\"https:\/\/www.portalalerta.com.br\/wp-content\/uploads\/2026\/01\/Comparativo-mensal-de-homicidios-em-Araci-2024-e-2025.jpg\" alt=\"\" class=\"wp-image-78048\" srcset=\"https:\/\/www.portalalerta.com.br\/wp-content\/uploads\/2026\/01\/Comparativo-mensal-de-homicidios-em-Araci-2024-e-2025.jpg 550w, https:\/\/www.portalalerta.com.br\/wp-content\/uploads\/2026\/01\/Comparativo-mensal-de-homicidios-em-Araci-2024-e-2025-400x240.jpg 400w\" sizes=\"(max-width: 550px) 100vw, 550px\" \/><\/figure><\/div>\n\n\n<p><em>Reda\u00e7\u00e3o: Portal Alerta &nbsp;<\/em><\/p>\n","protected":false},"excerpt":{"rendered":"<p>Em 2025, Araci-BA registrou nove homic\u00eddios, sendo seis deles com o uso de arma de fogo.<\/p>\n","protected":false},"author":2,"featured_media":31943,"comment_status":"open","ping_status":"open","sticky":false,"template":"","format":"standard","meta":{"om_disable_all_campaigns":false,"_monsterinsights_skip_tracking":false,"_monsterinsights_sitenote_active":false,"_monsterinsights_sitenote_note":"","_monsterinsights_sitenote_category":0,"footnotes":""},"categories":[41,8473,70,69,32,22],"tags":[100,71,48,75,4178,4180,129,107,4181,2074,132,230,500,439,106,203,120,51,109,88,47,111,190],"class_list":["post-78046","post","type-post","status-publish","format-standard","has-post-thumbnail","hentry","category-araci","category-destaque","category-destaques","category-noticias2","category-regiao","category-seguranca","tag-adustina","tag-antas","tag-araci","tag-cicero-dantas","tag-cipo-2","tag-crisopolis-2","tag-euclides-da-cunha","tag-fatima","tag-heliopolis-2","tag-homicidios","tag-itapicuru","tag-jeremoabo","tag-mancha-criminal","tag-mortes","tag-nova-soure","tag-novo-triunfo","tag-olindina","tag-paripiranga","tag-quijingue","tag-ribeira-do-amparo","tag-ribeira-do-pombal","tag-sitio-do-quinto","tag-tucano"],"aioseo_notices":[],"_links":{"self":[{"href":"https:\/\/www.portalalerta.com.br\/index.php\/wp-json\/wp\/v2\/posts\/78046","targetHints":{"allow":["GET"]}}],"collection":[{"href":"https:\/\/www.portalalerta.com.br\/index.php\/wp-json\/wp\/v2\/posts"}],"about":[{"href":"https:\/\/www.portalalerta.com.br\/index.php\/wp-json\/wp\/v2\/types\/post"}],"author":[{"embeddable":true,"href":"https:\/\/www.portalalerta.com.br\/index.php\/wp-json\/wp\/v2\/users\/2"}],"replies":[{"embeddable":true,"href":"https:\/\/www.portalalerta.com.br\/index.php\/wp-json\/wp\/v2\/comments?post=78046"}],"version-history":[{"count":1,"href":"https:\/\/www.portalalerta.com.br\/index.php\/wp-json\/wp\/v2\/posts\/78046\/revisions"}],"predecessor-version":[{"id":78049,"href":"https:\/\/www.portalalerta.com.br\/index.php\/wp-json\/wp\/v2\/posts\/78046\/revisions\/78049"}],"wp:featuredmedia":[{"embeddable":true,"href":"https:\/\/www.portalalerta.com.br\/index.php\/wp-json\/wp\/v2\/media\/31943"}],"wp:attachment":[{"href":"https:\/\/www.portalalerta.com.br\/index.php\/wp-json\/wp\/v2\/media?parent=78046"}],"wp:term":[{"taxonomy":"category","embeddable":true,"href":"https:\/\/www.portalalerta.com.br\/index.php\/wp-json\/wp\/v2\/categories?post=78046"},{"taxonomy":"post_tag","embeddable":true,"href":"https:\/\/www.portalalerta.com.br\/index.php\/wp-json\/wp\/v2\/tags?post=78046"}],"curies":[{"name":"wp","href":"https:\/\/api.w.org\/{rel}","templated":true}]}}