{"id":78053,"date":"2026-01-12T19:13:47","date_gmt":"2026-01-12T22:13:47","guid":{"rendered":"https:\/\/www.portalalerta.com.br\/?p=78053"},"modified":"2026-01-12T19:14:04","modified_gmt":"2026-01-12T22:14:04","slug":"prefeitura-de-antas-ba-abre-processo-seletivo-com-69-vagas","status":"publish","type":"post","link":"https:\/\/www.portalalerta.com.br\/index.php\/2026\/01\/12\/prefeitura-de-antas-ba-abre-processo-seletivo-com-69-vagas\/","title":{"rendered":"Prefeitura de Antas-BA abre Processo Seletivo com 69 vagas"},"content":{"rendered":"\n<p>A&nbsp;Prefeitura de Antas, estado da Bahia publicou Edital do Processo Seletivo 01\/2026 com a abertura de uma sele\u00e7\u00e3o tempor\u00e1ria para&nbsp;69 vagas&nbsp;e forma\u00e7\u00e3o de cadastro reserva em diversos cargos de ensino fundamental, m\u00e9dio\/t\u00e9cnico e superior na administra\u00e7\u00e3o.<\/p>\n\n\n\n<!--more-->\n\n\n\n<p><strong>Veja as oportunidades<\/strong><\/p>\n\n\n\n<p><strong>SECRETARIA MUNICIPAL DE EDUCA\u00c7\u00c3O<\/strong><\/p>\n\n\n\n<figure class=\"wp-block-table\"><table class=\"has-fixed-layout\"><thead><tr><td><strong>C\u00f3d.<\/strong><\/td><td><strong>Cargo<\/strong><\/td><td><strong>Carga Hor\u00e1ria<\/strong><\/td><td><strong>Vagas AC<\/strong><\/td><td><strong>Cadastro Reserva<\/strong><\/td><td><strong>Vagas PcD<\/strong><\/td><td><strong>Vencimento<\/strong><\/td><\/tr><\/thead><tbody><tr><td>01<\/td><td>Agente de Portaria<\/td><td>40h<\/td><td>4<\/td><td>&#8211;<\/td><td>1<\/td><td>Sal\u00e1rio m\u00ednimo<\/td><\/tr><tr><td>02<\/td><td>Arte Educador<\/td><td>20h<\/td><td>2<\/td><td>&#8211;<\/td><td>&#8211;<\/td><td>R$ 2.433,88<\/td><\/tr><tr><td>03<\/td><td>Fonoaudi\u00f3logo<\/td><td>20h<\/td><td>2<\/td><td>&#8211;<\/td><td>&#8211;<\/td><td>R$ 2.500,00<\/td><\/tr><tr><td>04<\/td><td>Neuropediatra<\/td><td>8h<\/td><td>2<\/td><td>&#8211;<\/td><td>&#8211;<\/td><td>R$ 7.000,00<\/td><\/tr><tr><td>05<\/td><td>Neuropsicopedagogo<\/td><td>20h<\/td><td>2<\/td><td>&#8211;<\/td><td>&#8211;<\/td><td>R$ 2.433,88<\/td><\/tr><tr><td>06<\/td><td>Nutricionista<\/td><td>30h<\/td><td>2<\/td><td>&#8211;<\/td><td>&#8211;<\/td><td>R$ 2.900,00<\/td><\/tr><tr><td>07<\/td><td>Professor de Braile<\/td><td>20h<\/td><td>1<\/td><td>&#8211;<\/td><td>&#8211;<\/td><td>R$ 2.433,88<\/td><\/tr><tr><td>08<\/td><td>Professor de Dan\u00e7a<\/td><td>20h<\/td><td>1<\/td><td>&#8211;<\/td><td>&#8211;<\/td><td>R$ 2.433,88<\/td><\/tr><tr><td>09<\/td><td>Professor de Libras<\/td><td>20h<\/td><td>1<\/td><td>&#8211;<\/td><td>&#8211;<\/td><td>R$ 2.433,88<\/td><\/tr><tr><td>10<\/td><td>Professor de M\u00fasica<\/td><td>20h<\/td><td>2<\/td><td>&#8211;<\/td><td>&#8211;<\/td><td>R$ 2.433,88<\/td><\/tr><tr><td>11<\/td><td>Psicomotricista<\/td><td>20h<\/td><td>2<\/td><td>&#8211;<\/td><td>&#8211;<\/td><td>R$ 2.433,00<\/td><\/tr><tr><td>12<\/td><td>Psicopedagogo<\/td><td>20h<\/td><td>2<\/td><td>&#8211;<\/td><td>&#8211;<\/td><td>R$ 2.433,00<\/td><\/tr><tr><td>13<\/td><td>Terapeuta Ocupacional<\/td><td>20h<\/td><td>2<\/td><td>&#8211;<\/td><td>&#8211;<\/td><td>R$ 4.200,00<\/td><\/tr><\/tbody><\/table><\/figure>\n\n\n\n<p><strong>SECRETARIA MUNICIPAL DE SA\u00daDE<\/strong><\/p>\n\n\n\n<figure class=\"wp-block-table\"><table class=\"has-fixed-layout\"><thead><tr><td><strong>C\u00f3d.<\/strong><\/td><td><strong>Cargo<\/strong><\/td><td><strong>Carga Hor\u00e1ria<\/strong><\/td><td><strong>Vagas AC<\/strong><\/td><td><strong>Cadastro Reserva<\/strong><\/td><td><strong>Vagas PcD<\/strong><\/td><td><strong>Vencimento<\/strong><\/td><\/tr><\/thead><tbody><tr><td>14<\/td><td>Condutor de Ve\u00edculo Especial<\/td><td>40h<\/td><td>1<\/td><td>1<\/td><td>&#8211;<\/td><td>Sal\u00e1rio m\u00ednimo<\/td><\/tr><tr><td>15<\/td><td>Enfermeiro<\/td><td>40h<\/td><td>7<\/td><td>&#8211;<\/td><td>1<\/td><td>R$ 2.500,00 + complementos da Uni\u00e3o<\/td><\/tr><tr><td>16<\/td><td>Enfermeiro<\/td><td>44h<\/td><td>1<\/td><td>&#8211;<\/td><td>&#8211;<\/td><td>R$ 2.500,00 + complementos da Uni\u00e3o<\/td><\/tr><tr><td>17<\/td><td>M\u00e9dico Cl\u00ednico Geral<\/td><td>40h<\/td><td>4<\/td><td>5<\/td><td>1<\/td><td>R$ 21.400,39<\/td><\/tr><tr><td>18<\/td><td>Odont\u00f3logo<\/td><td>40h<\/td><td>7<\/td><td>&#8211;<\/td><td>1<\/td><td>R$ 5.000,00<\/td><\/tr><tr><td>19<\/td><td>T\u00e9cnico de Enfermagem<\/td><td>40h<\/td><td>14<\/td><td>&#8211;<\/td><td>1<\/td><td>R$ 1.518,00 + complementos da Uni\u00e3o<\/td><\/tr><tr><td>20<\/td><td>T\u00e9cnico de Enfermagem<\/td><td>44h<\/td><td>4<\/td><td>&#8211;<\/td><td>1<\/td><td>R$ 1.518,00 + complementos da Uni\u00e3o<\/td><\/tr><\/tbody><\/table><\/figure>\n\n\n\n<p><strong>Inscri\u00e7\u00f5es<\/strong><\/p>\n\n\n\n<p>Para participar da sele\u00e7\u00e3o, a inscri\u00e7\u00e3o deve ser feita no per\u00edodo de&nbsp;<strong>05 a 15 de janeiro de 2026,<\/strong>&nbsp;apenas pela internet, por meio do endere\u00e7o eletr\u00f4nico&nbsp;<a href=\"https:\/\/www.ibptec.org.br\/concursos\/publicacoes\/PREFEITURA+MUNICIPAL+DE+ANTAS\/24\"><strong>www.ibptec.org.br<\/strong><\/a>. Ser\u00e1 cobrada taxa de participa\u00e7\u00e3o nos valores de R$ 50,00, R$ 51,00 e R$ 70,00.<\/p>\n\n\n\n<p>Haver\u00e1 possibilidade de isen\u00e7\u00e3o total da taxa de inscri\u00e7\u00e3o para o candidato que estiver inscrito no&nbsp;Cadastro \u00danico para Programas Sociais do Governo Federal &#8211; Cad\u00danico.<\/p>\n\n\n\n<p><strong>Provas<\/strong><\/p>\n\n\n\n<p>A sele\u00e7\u00e3o dos candidatos ser\u00e1 realizada por meio de an\u00e1lise de documentos e prova de t\u00edtulos para os cargos de n\u00edvel fundamental e prova objetiva e prova de t\u00edtulos para os cargos de n\u00edvel m\u00e9dio\/t\u00e9cnico e superior. As provas objetivas est\u00e3o marcadas para o dia 01 de fevereiro.<\/p>\n\n\n\n<p><strong>Composi\u00e7\u00e3o das provas<\/strong><\/p>\n\n\n\n<p><strong>CARGOS DE N\u00cdVEL M\u00c9DIO \/ T\u00c9CNICO<\/strong><\/p>\n\n\n\n<figure class=\"wp-block-table\"><table class=\"has-fixed-layout\"><thead><tr><td><strong>\u00c1rea de Conhecimento<\/strong><\/td><td><strong>N\u00ba de Quest\u00f5es<\/strong><\/td><td><strong>Pontos por Quest\u00e3o<\/strong><\/td><td><strong>Total de Pontos<\/strong><\/td><\/tr><\/thead><tbody><tr><td>L\u00edngua Portuguesa<\/td><td>9<\/td><td>2,0<\/td><td>18,0<\/td><\/tr><tr><td>Matem\u00e1tica<\/td><td>9<\/td><td>2,0<\/td><td>18,0<\/td><\/tr><tr><td>Conhecimentos do Munic\u00edpio de Antas e sua Legisla\u00e7\u00e3o<\/td><td>9<\/td><td>2,0<\/td><td>18,0<\/td><\/tr><tr><td>No\u00e7\u00f5es de Inform\u00e1tica<\/td><td>3<\/td><td>2,0<\/td><td>6,0<\/td><\/tr><tr><td>TOTAL<\/td><td>30<\/td><td>\u2014<\/td><td>60,0<\/td><\/tr><\/tbody><\/table><\/figure>\n\n\n\n<p><strong>CARGOS DE N\u00cdVEL SUPERIOR<\/strong><\/p>\n\n\n\n<figure class=\"wp-block-table\"><table class=\"has-fixed-layout\"><thead><tr><td><strong>\u00c1rea de Conhecimento<\/strong><\/td><td><strong>N\u00ba de Quest\u00f5es<\/strong><\/td><td><strong>Pontos por Quest\u00e3o<\/strong><\/td><td><strong>Total de Pontos<\/strong><\/td><\/tr><\/thead><tbody><tr><td>L\u00edngua Portuguesa<\/td><td>9<\/td><td>2,0<\/td><td>18,0<\/td><\/tr><tr><td>Conhecimentos Espec\u00edficos<\/td><td>9<\/td><td>2,0<\/td><td>18,0<\/td><\/tr><tr><td>Conhecimentos do Munic\u00edpio de Antas e sua Legisla\u00e7\u00e3o<\/td><td>9<\/td><td>2,0<\/td><td>18,0<\/td><\/tr><tr><td>Conhecimentos Gerais e Atualidades<\/td><td>3<\/td><td>2,0<\/td><td>6,0<\/td><\/tr><tr><td>TOTAL<\/td><td>30<\/td><td>\u2014<\/td><td>60,0<\/td><\/tr><\/tbody><\/table><\/figure>\n\n\n\n<p>O prazo de validade do processo seletivo ser\u00e1 de um ano, contado a partir da data da respectiva homologa\u00e7\u00e3o, podendo, antes de se esgotar, ser prorrogado uma vez, por igual per\u00edodo, a crit\u00e9rio da Administra\u00e7\u00e3o.<\/p>\n\n\n\n<p><em>Fonte: Jeremoabo.com.br<\/em><\/p>\n","protected":false},"excerpt":{"rendered":"<p>A&nbsp;Prefeitura de Antas, estado da Bahia publicou Edital do Processo Seletivo 01\/2026 com a abertura de uma sele\u00e7\u00e3o tempor\u00e1ria para&nbsp;69 vagas&nbsp;e forma\u00e7\u00e3o de cadastro reserva em diversos cargos de ensino fundamental, m\u00e9dio\/t\u00e9cnico e superior na administra\u00e7\u00e3o.<\/p>\n","protected":false},"author":2,"featured_media":3799,"comment_status":"open","ping_status":"open","sticky":false,"template":"","format":"standard","meta":{"om_disable_all_campaigns":false,"_monsterinsights_skip_tracking":false,"_monsterinsights_sitenote_active":false,"_monsterinsights_sitenote_note":"","_monsterinsights_sitenote_category":0,"footnotes":""},"categories":[5,8473,69,32],"tags":[100,71,48,75,4178,4180,129,107,4181,132,230,106,203,120,51,511,109,88,47,111,190],"class_list":["post-78053","post","type-post","status-publish","format-standard","has-post-thumbnail","hentry","category-antas","category-destaque","category-noticias2","category-regiao","tag-adustina","tag-antas","tag-araci","tag-cicero-dantas","tag-cipo-2","tag-crisopolis-2","tag-euclides-da-cunha","tag-fatima","tag-heliopolis-2","tag-itapicuru","tag-jeremoabo","tag-nova-soure","tag-novo-triunfo","tag-olindina","tag-paripiranga","tag-processo-seletivo","tag-quijingue","tag-ribeira-do-amparo","tag-ribeira-do-pombal","tag-sitio-do-quinto","tag-tucano"],"aioseo_notices":[],"_links":{"self":[{"href":"https:\/\/www.portalalerta.com.br\/index.php\/wp-json\/wp\/v2\/posts\/78053","targetHints":{"allow":["GET"]}}],"collection":[{"href":"https:\/\/www.portalalerta.com.br\/index.php\/wp-json\/wp\/v2\/posts"}],"about":[{"href":"https:\/\/www.portalalerta.com.br\/index.php\/wp-json\/wp\/v2\/types\/post"}],"author":[{"embeddable":true,"href":"https:\/\/www.portalalerta.com.br\/index.php\/wp-json\/wp\/v2\/users\/2"}],"replies":[{"embeddable":true,"href":"https:\/\/www.portalalerta.com.br\/index.php\/wp-json\/wp\/v2\/comments?post=78053"}],"version-history":[{"count":1,"href":"https:\/\/www.portalalerta.com.br\/index.php\/wp-json\/wp\/v2\/posts\/78053\/revisions"}],"predecessor-version":[{"id":78054,"href":"https:\/\/www.portalalerta.com.br\/index.php\/wp-json\/wp\/v2\/posts\/78053\/revisions\/78054"}],"wp:featuredmedia":[{"embeddable":true,"href":"https:\/\/www.portalalerta.com.br\/index.php\/wp-json\/wp\/v2\/media\/3799"}],"wp:attachment":[{"href":"https:\/\/www.portalalerta.com.br\/index.php\/wp-json\/wp\/v2\/media?parent=78053"}],"wp:term":[{"taxonomy":"category","embeddable":true,"href":"https:\/\/www.portalalerta.com.br\/index.php\/wp-json\/wp\/v2\/categories?post=78053"},{"taxonomy":"post_tag","embeddable":true,"href":"https:\/\/www.portalalerta.com.br\/index.php\/wp-json\/wp\/v2\/tags?post=78053"}],"curies":[{"name":"wp","href":"https:\/\/api.w.org\/{rel}","templated":true}]}}