{"id":78062,"date":"2026-01-12T23:33:50","date_gmt":"2026-01-13T02:33:50","guid":{"rendered":"https:\/\/www.portalalerta.com.br\/?p=78062"},"modified":"2026-01-12T23:33:51","modified_gmt":"2026-01-13T02:33:51","slug":"policia-militar-recupera-veiculo-roubado-em-fatima-ba","status":"publish","type":"post","link":"https:\/\/www.portalalerta.com.br\/index.php\/2026\/01\/12\/policia-militar-recupera-veiculo-roubado-em-fatima-ba\/","title":{"rendered":"Pol\u00edcia militar recupera ve\u00edculo roubado, em F\u00e1tima-BA"},"content":{"rendered":"\n<p>Por volta das 17h do \u00faltimo domingo (11), policiais militares do munic\u00edpio de F\u00e1tima-BA, foram informados a respeito da presen\u00e7a de uma moto roubada, no povoado Serradinha, zona rural da cidade.<\/p>\n\n\n\n<!--more-->\n\n\n\n<p>Os militares foram at\u00e9 o local, onde constataram a veracidade da informa\u00e7\u00e3o. Na ocasi\u00e3o, um homem foi preso ao ser flagrado com uma moto Honda CG de cor preta, placa de identifica\u00e7\u00e3o NVL 6A63, ve\u00edculo proveniente de crime.<br><br>Tanto a moto quanto o condutor, foram levados e apresentados na Central de Flagrantes, em Ribeira do Pombal-BA, para a ado\u00e7\u00e3o das medidas cab\u00edveis.<\/p>\n\n\n\n<p><em>Reda\u00e7\u00e3o: Portal Alerta<\/em><\/p>\n","protected":false},"excerpt":{"rendered":"<p>Por volta das 17h do \u00faltimo domingo (11), policiais militares do munic\u00edpio de F\u00e1tima-BA, foram informados a respeito da presen\u00e7a de uma moto roubada, no povoado Serradinha, zona rural da cidade.<\/p>\n","protected":false},"author":2,"featured_media":78063,"comment_status":"open","ping_status":"open","sticky":false,"template":"","format":"standard","meta":{"om_disable_all_campaigns":false,"_monsterinsights_skip_tracking":false,"_monsterinsights_sitenote_active":false,"_monsterinsights_sitenote_note":"","_monsterinsights_sitenote_category":0,"footnotes":""},"categories":[8473,10,69,32,22],"tags":[182,100,71,48,75,4178,4180,129,107,4181,132,230,106,203,120,51,79,109,88,47,101,111,190,102],"class_list":["post-78062","post","type-post","status-publish","format-standard","has-post-thumbnail","hentry","category-destaque","category-fatima","category-noticias2","category-regiao","category-seguranca","tag-21a-cipm","tag-adustina","tag-antas","tag-araci","tag-cicero-dantas","tag-cipo-2","tag-crisopolis-2","tag-euclides-da-cunha","tag-fatima","tag-heliopolis-2","tag-itapicuru","tag-jeremoabo","tag-nova-soure","tag-novo-triunfo","tag-olindina","tag-paripiranga","tag-policia-militar","tag-quijingue","tag-ribeira-do-amparo","tag-ribeira-do-pombal","tag-roubo-de-moto","tag-sitio-do-quinto","tag-tucano","tag-veiculo-recuperado"],"aioseo_notices":[],"_links":{"self":[{"href":"https:\/\/www.portalalerta.com.br\/index.php\/wp-json\/wp\/v2\/posts\/78062","targetHints":{"allow":["GET"]}}],"collection":[{"href":"https:\/\/www.portalalerta.com.br\/index.php\/wp-json\/wp\/v2\/posts"}],"about":[{"href":"https:\/\/www.portalalerta.com.br\/index.php\/wp-json\/wp\/v2\/types\/post"}],"author":[{"embeddable":true,"href":"https:\/\/www.portalalerta.com.br\/index.php\/wp-json\/wp\/v2\/users\/2"}],"replies":[{"embeddable":true,"href":"https:\/\/www.portalalerta.com.br\/index.php\/wp-json\/wp\/v2\/comments?post=78062"}],"version-history":[{"count":1,"href":"https:\/\/www.portalalerta.com.br\/index.php\/wp-json\/wp\/v2\/posts\/78062\/revisions"}],"predecessor-version":[{"id":78064,"href":"https:\/\/www.portalalerta.com.br\/index.php\/wp-json\/wp\/v2\/posts\/78062\/revisions\/78064"}],"wp:featuredmedia":[{"embeddable":true,"href":"https:\/\/www.portalalerta.com.br\/index.php\/wp-json\/wp\/v2\/media\/78063"}],"wp:attachment":[{"href":"https:\/\/www.portalalerta.com.br\/index.php\/wp-json\/wp\/v2\/media?parent=78062"}],"wp:term":[{"taxonomy":"category","embeddable":true,"href":"https:\/\/www.portalalerta.com.br\/index.php\/wp-json\/wp\/v2\/categories?post=78062"},{"taxonomy":"post_tag","embeddable":true,"href":"https:\/\/www.portalalerta.com.br\/index.php\/wp-json\/wp\/v2\/tags?post=78062"}],"curies":[{"name":"wp","href":"https:\/\/api.w.org\/{rel}","templated":true}]}}