{"id":78070,"date":"2026-01-13T00:28:00","date_gmt":"2026-01-13T03:28:00","guid":{"rendered":"https:\/\/www.portalalerta.com.br\/?p=78070"},"modified":"2026-01-13T00:28:02","modified_gmt":"2026-01-13T03:28:02","slug":"corpo-de-edson-karaoke-e-encontrado-apos-afogamento-em-acude-municipal-de-adustina-ba","status":"publish","type":"post","link":"https:\/\/www.portalalerta.com.br\/index.php\/2026\/01\/13\/corpo-de-edson-karaoke-e-encontrado-apos-afogamento-em-acude-municipal-de-adustina-ba\/","title":{"rendered":"Corpo de \u201cEdson Karaok\u00ea\u201d \u00e9 encontrado ap\u00f3s afogamento em a\u00e7ude municipal de Adustina-BA"},"content":{"rendered":"\n<p>O corpo do cantor Jos\u00e9 Edson Santos de Oliveira, de 36 anos, conhecido como \u201cEdson Karaok\u00ea\u201d, foi localizado no domingo (11) no a\u00e7ude p\u00fablico do munic\u00edpio de Adustina, no nordeste da Bahia. O artista estava desaparecido desde a tarde da sexta-feira (9), quando sofreu um acidente com uma embarca\u00e7\u00e3o.<\/p>\n\n\n\n<!--more-->\n\n\n<div class=\"wp-block-image\">\n<figure class=\"alignleft size-large is-resized\"><img fetchpriority=\"high\" decoding=\"async\" width=\"1024\" height=\"1024\" src=\"https:\/\/www.portalalerta.com.br\/wp-content\/uploads\/2024\/04\/autoescola-emprego-1024x1024.jpg\" alt=\"\" class=\"wp-image-55693\" style=\"width:385px;height:auto\" srcset=\"https:\/\/www.portalalerta.com.br\/wp-content\/uploads\/2024\/04\/autoescola-emprego-1024x1024.jpg 1024w, https:\/\/www.portalalerta.com.br\/wp-content\/uploads\/2024\/04\/autoescola-emprego-240x240.jpg 240w, https:\/\/www.portalalerta.com.br\/wp-content\/uploads\/2024\/04\/autoescola-emprego-768x768.jpg 768w, https:\/\/www.portalalerta.com.br\/wp-content\/uploads\/2024\/04\/autoescola-emprego.jpg 1080w\" sizes=\"(max-width: 1024px) 100vw, 1024px\" \/><\/figure><\/div>\n\n\n<p>De acordo com informa\u00e7\u00f5es, o barco em que Edson estava com outras seis pessoas, entre elas uma crian\u00e7a, virou por volta das 15h. Ap\u00f3s o acidente, o cantor tentou nadar at\u00e9 a margem do a\u00e7ude, mas desapareceu durante o percurso. Ele n\u00e3o utilizava colete salva-vidas.<br><br>Ainda na sexta-feira, equipes do Corpo de Bombeiros iniciaram as buscas no local. Os trabalhos foram retomados na manh\u00e3 do s\u00e1bado (10), com o apoio de mergulhadores especializados e do N\u00facleo de Mergulho de Salvador, mas precisaram ser interrompidos temporariamente em alguns momentos devido \u00e0 reposi\u00e7\u00e3o de cilindros de oxig\u00eanio.<br><br>As buscas continuaram ao longo do fim de semana, contando tamb\u00e9m com o apoio volunt\u00e1rio de pescadores da regi\u00e3o. Na manh\u00e3 do domingo (11), os mergulhadores localizaram o corpo do artista, encerrando uma opera\u00e7\u00e3o que mobilizou autoridades e comoveu a popula\u00e7\u00e3o local e cidades vizinhas.<br><br>O caso segue sob responsabilidade da Pol\u00edcia Civil e do Departamento de Pol\u00edcia T\u00e9cnica (DPT), que realizam os procedimentos legais. Natural de F\u00e1tima, Edson Karaok\u00ea era bastante conhecido na regi\u00e3o, e sua morte gerou forte como\u00e7\u00e3o entre familiares, amigos e admiradores.<br><br><em>Fonte: Rodrygo Ferraz<\/em><\/p>\n","protected":false},"excerpt":{"rendered":"<p>O corpo do cantor Jos\u00e9 Edson Santos de Oliveira, de 36 anos, conhecido como \u201cEdson Karaok\u00ea\u201d, foi localizado no domingo (11) no a\u00e7ude p\u00fablico do munic\u00edpio de Adustina, no nordeste da Bahia. O artista estava desaparecido desde a tarde da sexta-feira (9), quando sofreu um acidente com uma embarca\u00e7\u00e3o.<\/p>\n","protected":false},"author":2,"featured_media":78071,"comment_status":"open","ping_status":"open","sticky":false,"template":"","format":"standard","meta":{"om_disable_all_campaigns":false,"_monsterinsights_skip_tracking":false,"_monsterinsights_sitenote_active":false,"_monsterinsights_sitenote_note":"","_monsterinsights_sitenote_category":0,"footnotes":""},"categories":[40,8473,69,32],"tags":[100,814,71,48,75,4178,4180,129,107,4181,132,230,169,106,203,120,51,109,88,47,111,190],"class_list":["post-78070","post","type-post","status-publish","format-standard","has-post-thumbnail","hentry","category-adustina","category-destaque","category-noticias2","category-regiao","tag-adustina","tag-afogamento","tag-antas","tag-araci","tag-cicero-dantas","tag-cipo-2","tag-crisopolis-2","tag-euclides-da-cunha","tag-fatima","tag-heliopolis-2","tag-itapicuru","tag-jeremoabo","tag-morte","tag-nova-soure","tag-novo-triunfo","tag-olindina","tag-paripiranga","tag-quijingue","tag-ribeira-do-amparo","tag-ribeira-do-pombal","tag-sitio-do-quinto","tag-tucano"],"aioseo_notices":[],"_links":{"self":[{"href":"https:\/\/www.portalalerta.com.br\/index.php\/wp-json\/wp\/v2\/posts\/78070","targetHints":{"allow":["GET"]}}],"collection":[{"href":"https:\/\/www.portalalerta.com.br\/index.php\/wp-json\/wp\/v2\/posts"}],"about":[{"href":"https:\/\/www.portalalerta.com.br\/index.php\/wp-json\/wp\/v2\/types\/post"}],"author":[{"embeddable":true,"href":"https:\/\/www.portalalerta.com.br\/index.php\/wp-json\/wp\/v2\/users\/2"}],"replies":[{"embeddable":true,"href":"https:\/\/www.portalalerta.com.br\/index.php\/wp-json\/wp\/v2\/comments?post=78070"}],"version-history":[{"count":1,"href":"https:\/\/www.portalalerta.com.br\/index.php\/wp-json\/wp\/v2\/posts\/78070\/revisions"}],"predecessor-version":[{"id":78072,"href":"https:\/\/www.portalalerta.com.br\/index.php\/wp-json\/wp\/v2\/posts\/78070\/revisions\/78072"}],"wp:featuredmedia":[{"embeddable":true,"href":"https:\/\/www.portalalerta.com.br\/index.php\/wp-json\/wp\/v2\/media\/78071"}],"wp:attachment":[{"href":"https:\/\/www.portalalerta.com.br\/index.php\/wp-json\/wp\/v2\/media?parent=78070"}],"wp:term":[{"taxonomy":"category","embeddable":true,"href":"https:\/\/www.portalalerta.com.br\/index.php\/wp-json\/wp\/v2\/categories?post=78070"},{"taxonomy":"post_tag","embeddable":true,"href":"https:\/\/www.portalalerta.com.br\/index.php\/wp-json\/wp\/v2\/tags?post=78070"}],"curies":[{"name":"wp","href":"https:\/\/api.w.org\/{rel}","templated":true}]}}