{"id":78119,"date":"2026-01-21T19:42:25","date_gmt":"2026-01-21T22:42:25","guid":{"rendered":"https:\/\/www.portalalerta.com.br\/?p=78119"},"modified":"2026-01-21T19:42:33","modified_gmt":"2026-01-21T22:42:33","slug":"jovem-de-19-anos-e-assassinado-a-tiros-em-ribeira-do-pombal-ba","status":"publish","type":"post","link":"https:\/\/www.portalalerta.com.br\/index.php\/2026\/01\/21\/jovem-de-19-anos-e-assassinado-a-tiros-em-ribeira-do-pombal-ba\/","title":{"rendered":"Jovem de 19 anos \u00e9 assassinado a tiros, em Ribeira do Pombal-BA"},"content":{"rendered":"\n<p>Por volta das 18h da \u00faltima ter\u00e7a-feira (20), um jovem de apenas 19 anos, foi assassinado a tiros, quando se encontrava em sua resid\u00eancia, situada \u00e0 Rua Miguel Calmon, centro de Ribeira do Pombal-BA.<\/p>\n\n\n\n<!--more-->\n\n\n\n<p>De acordo com informa\u00e7\u00f5es iniciais, dois criminosos chegaram ao local encapuzados, onde passaram a efetuar diversos disparos de arma de fogo em dire\u00e7\u00e3o ao rapaz, que morreu ainda no local. A v\u00edtima foi identificada como Mathias dos Santos da Silva.<\/p>\n\n\n\n<p>Policiais militares foram at\u00e9 o local, onde preservaram o corpo at\u00e9 a chegada do Departamento de Pol\u00edcia T\u00e9cnica (DPT \u2013 Ribeira do Pombal), para a realiza\u00e7\u00e3o da per\u00edcia, bem como a remo\u00e7\u00e3o do corpo para ser autopsiado.<\/p>\n\n\n\n<p>Este j\u00e1 \u00e9 o segundo homic\u00eddio do ano na cidade.<\/p>\n\n\n\n<p><em>Reda\u00e7\u00e3o: Portal Alerta<\/em><\/p>\n","protected":false},"excerpt":{"rendered":"<p>Por volta das 18h da \u00faltima ter\u00e7a-feira (20), um jovem de apenas 19 anos, foi assassinado a tiros, quando se encontrava em sua resid\u00eancia, situada \u00e0 Rua Miguel Calmon, centro de Ribeira do Pombal-BA.<\/p>\n","protected":false},"author":2,"featured_media":78120,"comment_status":"open","ping_status":"open","sticky":false,"template":"","format":"standard","meta":{"om_disable_all_campaigns":false,"_monsterinsights_skip_tracking":false,"_monsterinsights_sitenote_active":false,"_monsterinsights_sitenote_note":"","_monsterinsights_sitenote_category":0,"footnotes":""},"categories":[8473,70,69,32,3,22],"tags":[100,71,48,75,4178,4180,375,129,107,4181,206,132,230,169,106,203,120,51,109,88,47,111,190],"class_list":["post-78119","post","type-post","status-publish","format-standard","has-post-thumbnail","hentry","category-destaque","category-destaques","category-noticias2","category-regiao","category-ribeira-do-pombal","category-seguranca","tag-adustina","tag-antas","tag-araci","tag-cicero-dantas","tag-cipo-2","tag-crisopolis-2","tag-disparos-de-arma-de-fogo","tag-euclides-da-cunha","tag-fatima","tag-heliopolis-2","tag-homicidio","tag-itapicuru","tag-jeremoabo","tag-morte","tag-nova-soure","tag-novo-triunfo","tag-olindina","tag-paripiranga","tag-quijingue","tag-ribeira-do-amparo","tag-ribeira-do-pombal","tag-sitio-do-quinto","tag-tucano"],"aioseo_notices":[],"_links":{"self":[{"href":"https:\/\/www.portalalerta.com.br\/index.php\/wp-json\/wp\/v2\/posts\/78119","targetHints":{"allow":["GET"]}}],"collection":[{"href":"https:\/\/www.portalalerta.com.br\/index.php\/wp-json\/wp\/v2\/posts"}],"about":[{"href":"https:\/\/www.portalalerta.com.br\/index.php\/wp-json\/wp\/v2\/types\/post"}],"author":[{"embeddable":true,"href":"https:\/\/www.portalalerta.com.br\/index.php\/wp-json\/wp\/v2\/users\/2"}],"replies":[{"embeddable":true,"href":"https:\/\/www.portalalerta.com.br\/index.php\/wp-json\/wp\/v2\/comments?post=78119"}],"version-history":[{"count":1,"href":"https:\/\/www.portalalerta.com.br\/index.php\/wp-json\/wp\/v2\/posts\/78119\/revisions"}],"predecessor-version":[{"id":78121,"href":"https:\/\/www.portalalerta.com.br\/index.php\/wp-json\/wp\/v2\/posts\/78119\/revisions\/78121"}],"wp:featuredmedia":[{"embeddable":true,"href":"https:\/\/www.portalalerta.com.br\/index.php\/wp-json\/wp\/v2\/media\/78120"}],"wp:attachment":[{"href":"https:\/\/www.portalalerta.com.br\/index.php\/wp-json\/wp\/v2\/media?parent=78119"}],"wp:term":[{"taxonomy":"category","embeddable":true,"href":"https:\/\/www.portalalerta.com.br\/index.php\/wp-json\/wp\/v2\/categories?post=78119"},{"taxonomy":"post_tag","embeddable":true,"href":"https:\/\/www.portalalerta.com.br\/index.php\/wp-json\/wp\/v2\/tags?post=78119"}],"curies":[{"name":"wp","href":"https:\/\/api.w.org\/{rel}","templated":true}]}}