{"id":78123,"date":"2026-01-22T14:35:25","date_gmt":"2026-01-22T17:35:25","guid":{"rendered":"https:\/\/www.portalalerta.com.br\/?p=78123"},"modified":"2026-01-22T14:35:27","modified_gmt":"2026-01-22T17:35:27","slug":"master-defesa-de-vorcaro-coloca-foco-em-busca-de-nulidades","status":"publish","type":"post","link":"https:\/\/www.portalalerta.com.br\/index.php\/2026\/01\/22\/master-defesa-de-vorcaro-coloca-foco-em-busca-de-nulidades\/","title":{"rendered":"Master: Defesa de Vorcaro coloca foco em busca de nulidades"},"content":{"rendered":"\n<p>Grupo de advogados mant\u00e9m unidade contra dela\u00e7\u00e3o premiada<\/p>\n\n\n\n<!--more-->\n\n\n\n<p>A defesa do banqueiro&nbsp;Daniel Vorcaro, dono do&nbsp;Banco Master, negou \u00e0&nbsp;CNN&nbsp;que exista qualquer negocia\u00e7\u00e3o ou proposta de dela\u00e7\u00e3o premiada em curso.<\/p>\n\n\n\n<p>A negativa ocorre ap\u00f3s a\u00a0sa\u00edda do advogado\u00a0Walfrido Warde\u00a0da equipe de defesa, que levantou especula\u00e7\u00f5es sobre a possibilidade de uma colabora\u00e7\u00e3o estar sendo considerada por Vorcaro, contra a vontade do jurista. Warde \u00e9 tradicional cr\u00edtico das dela\u00e7\u00f5es.<\/p>\n\n\n\n<p>A estrat\u00e9gia da defesa deve se voltar para a an\u00e1lise detalhada dos aspectos processuais &#8212; sobre a regularidade das provas, por exemplo &#8212; e para o trabalho em diferentes frentes, inclusive no\u00a0STF (Supremo Tribunal Federal), onde o processo criminal tramita sob sigilo.<\/p>\n\n\n\n<p>Al\u00e9m de Warde, a equipe jur\u00eddica de Vorcaro conta com os advogados&nbsp;Pierpaolo Bottini,&nbsp;Roberto Podval&nbsp;e&nbsp;S\u00e9rgio Leonardo.<\/p>\n\n\n\n<p>A\u00a0CNN\u00a0apurou que\u00a0nenhum deles apoiaria uma dela\u00e7\u00e3o premiada\u00a0neste momento. Para esses advogados,\u00a0um acordo de tal natureza colocaria em xeque a atua\u00e7\u00e3o deles no processo, em especial pela rela\u00e7\u00e3o que mant\u00eam na defesa de nomes do mercado e da pol\u00edtica, eventualmente, implicados no caso.<\/p>\n\n\n\n<p>Tampouco houve proposta de dela\u00e7\u00e3o por parte da Pol\u00edcia Federal, outro ponto que tem sido objeto de rumores, mas que, segundo o pr\u00f3prio grupo jur\u00eddico, n\u00e3o ocorreu em tratativas oficiais.<\/p>\n\n\n\n<p>Ap\u00f3s a sa\u00edda de Warde, a defesa assinou uma nota conjunta dizendo que \u201cDaniel Vorcaro reafirma sua inoc\u00eancia, segue exercendo plenamente seu direito de defesa, colaborando com as autoridades dentro dos limites legais e confia no esclarecimento dos fatos por meio dos instrumentos regulares do devido processo legal\u201d.<\/p>\n\n\n\n<p>Na \u00faltima semana, a\u00a0PF (Pol\u00edcia Federal)\u00a0deflagrou a segunda fase da\u00a0Opera\u00e7\u00e3o Compliance Zero, que investiga Vorcaro, seus parentes e outros empres\u00e1rios envolvidos na venda do Banco Master.<\/p>\n\n\n\n<p>O banqueiro foi preso em novembro de 2025, durante a primeira fase da opera\u00e7\u00e3o. O empres\u00e1rio estava no Aeroporto de Internacional de Guarulhos, onde embarcaria para Dubai para fechar neg\u00f3cios.<\/p>\n\n\n\n<p><em>Fonte: CNN<\/em><\/p>\n","protected":false},"excerpt":{"rendered":"<p>Grupo de advogados mant\u00e9m unidade contra dela\u00e7\u00e3o premiada<\/p>\n","protected":false},"author":2,"featured_media":77287,"comment_status":"open","ping_status":"open","sticky":false,"template":"","format":"standard","meta":{"om_disable_all_campaigns":false,"_monsterinsights_skip_tracking":false,"_monsterinsights_sitenote_active":false,"_monsterinsights_sitenote_note":"","_monsterinsights_sitenote_category":0,"footnotes":""},"categories":[34,8473,69],"tags":[100,71,48,8472,93,75,4178,4180,8477,129,107,4181,132,230,106,203,120,51,109,88,47,111,190],"class_list":["post-78123","post","type-post","status-publish","format-standard","has-post-thumbnail","hentry","category-brasil","category-destaque","category-noticias2","tag-adustina","tag-antas","tag-araci","tag-banco-master","tag-brasil","tag-cicero-dantas","tag-cipo-2","tag-crisopolis-2","tag-daniel-vorcaro","tag-euclides-da-cunha","tag-fatima","tag-heliopolis-2","tag-itapicuru","tag-jeremoabo","tag-nova-soure","tag-novo-triunfo","tag-olindina","tag-paripiranga","tag-quijingue","tag-ribeira-do-amparo","tag-ribeira-do-pombal","tag-sitio-do-quinto","tag-tucano"],"aioseo_notices":[],"_links":{"self":[{"href":"https:\/\/www.portalalerta.com.br\/index.php\/wp-json\/wp\/v2\/posts\/78123","targetHints":{"allow":["GET"]}}],"collection":[{"href":"https:\/\/www.portalalerta.com.br\/index.php\/wp-json\/wp\/v2\/posts"}],"about":[{"href":"https:\/\/www.portalalerta.com.br\/index.php\/wp-json\/wp\/v2\/types\/post"}],"author":[{"embeddable":true,"href":"https:\/\/www.portalalerta.com.br\/index.php\/wp-json\/wp\/v2\/users\/2"}],"replies":[{"embeddable":true,"href":"https:\/\/www.portalalerta.com.br\/index.php\/wp-json\/wp\/v2\/comments?post=78123"}],"version-history":[{"count":1,"href":"https:\/\/www.portalalerta.com.br\/index.php\/wp-json\/wp\/v2\/posts\/78123\/revisions"}],"predecessor-version":[{"id":78124,"href":"https:\/\/www.portalalerta.com.br\/index.php\/wp-json\/wp\/v2\/posts\/78123\/revisions\/78124"}],"wp:featuredmedia":[{"embeddable":true,"href":"https:\/\/www.portalalerta.com.br\/index.php\/wp-json\/wp\/v2\/media\/77287"}],"wp:attachment":[{"href":"https:\/\/www.portalalerta.com.br\/index.php\/wp-json\/wp\/v2\/media?parent=78123"}],"wp:term":[{"taxonomy":"category","embeddable":true,"href":"https:\/\/www.portalalerta.com.br\/index.php\/wp-json\/wp\/v2\/categories?post=78123"},{"taxonomy":"post_tag","embeddable":true,"href":"https:\/\/www.portalalerta.com.br\/index.php\/wp-json\/wp\/v2\/tags?post=78123"}],"curies":[{"name":"wp","href":"https:\/\/api.w.org\/{rel}","templated":true}]}}