{"id":78125,"date":"2026-01-22T14:40:25","date_gmt":"2026-01-22T17:40:25","guid":{"rendered":"https:\/\/www.portalalerta.com.br\/?p=78125"},"modified":"2026-01-22T14:40:27","modified_gmt":"2026-01-22T17:40:27","slug":"em-2025-fatima-ba-diminuiu-em-40-o-numero-de-homicidios-em-relacao-a-2024","status":"publish","type":"post","link":"https:\/\/www.portalalerta.com.br\/index.php\/2026\/01\/22\/em-2025-fatima-ba-diminuiu-em-40-o-numero-de-homicidios-em-relacao-a-2024\/","title":{"rendered":"Em 2025 F\u00e1tima-BA diminuiu em 40% o n\u00famero de homic\u00eddios em rela\u00e7\u00e3o \u00e0 2024"},"content":{"rendered":"\n<p>Em 2025, F\u00e1tima-BA registrou tr\u00eas homic\u00eddios, dois a menos que no ano anterior, uma queda de 40%. &nbsp;<\/p>\n\n\n\n<!--more-->\n\n\n<div class=\"wp-block-image\">\n<figure class=\"alignleft size-large is-resized\"><img fetchpriority=\"high\" decoding=\"async\" width=\"1024\" height=\"1024\" src=\"https:\/\/www.portalalerta.com.br\/wp-content\/uploads\/2024\/04\/autoescola-emprego-1024x1024.jpg\" alt=\"\" class=\"wp-image-55693\" style=\"width:374px;height:auto\" srcset=\"https:\/\/www.portalalerta.com.br\/wp-content\/uploads\/2024\/04\/autoescola-emprego-1024x1024.jpg 1024w, https:\/\/www.portalalerta.com.br\/wp-content\/uploads\/2024\/04\/autoescola-emprego-240x240.jpg 240w, https:\/\/www.portalalerta.com.br\/wp-content\/uploads\/2024\/04\/autoescola-emprego-768x768.jpg 768w, https:\/\/www.portalalerta.com.br\/wp-content\/uploads\/2024\/04\/autoescola-emprego.jpg 1080w\" sizes=\"(max-width: 1024px) 100vw, 1024px\" \/><\/figure><\/div>\n\n\n<p>Atualmente F\u00e1tima \u00e9 habitada por 17.895 pessoas, de acordo com o \u00faltimo levantamento do IBGE. Desta forma, analisando em propor\u00e7\u00e3o, ficou com uma m\u00e9dia de 17 homic\u00eddios para cada 100.000 habitantes.<\/p>\n\n\n\n<p>Os crimes aconteceram no primeiro semestre, entre janeiro e abril, sendo que 67% com uso de arma de fogo, e apenas um com uso de faca. Todos os homic\u00eddios aconteceram na zona rural da cidade.<\/p>\n\n\n\n<p>Vale ressaltar que estes dados s\u00e3o baseados em mat\u00e9rias jornal\u00edsticas do site PORTAL ALERTA, n\u00e3o incluindo mortes por interven\u00e7\u00f5es policiais e tentativas de homic\u00eddios que evolu\u00edram a \u00f3bito, o que podem ser contestadas pelas autoridades policiais.<\/p>\n\n\n\n<p><strong>Confira o Mapa:<\/strong><\/p>\n\n\n<div class=\"wp-block-image\">\n<figure class=\"aligncenter size-full\"><img decoding=\"async\" width=\"600\" height=\"366\" src=\"https:\/\/www.portalalerta.com.br\/wp-content\/uploads\/2026\/01\/Mancha-Criminal-de-Fatima-2025.jpg\" alt=\"\" class=\"wp-image-78126\" srcset=\"https:\/\/www.portalalerta.com.br\/wp-content\/uploads\/2026\/01\/Mancha-Criminal-de-Fatima-2025.jpg 600w, https:\/\/www.portalalerta.com.br\/wp-content\/uploads\/2026\/01\/Mancha-Criminal-de-Fatima-2025-393x240.jpg 393w\" sizes=\"(max-width: 600px) 100vw, 600px\" \/><\/figure><\/div>\n\n\n<p><a href=\"https:\/\/www.portalalerta.com.br\/index.php\/2025\/01\/16\/mulher-e-assassinada-a-tiros-em-fatima-ba-e-policia-suspeita-de-latrocinio\/\"><strong>1 \u2013 Josefa Elma Jesus Neves, 43 anos, em 15\/01\/2025<\/strong><\/a><\/p>\n\n\n\n<p><strong>Local:<\/strong> Povoado Alto dos Nunes, regi\u00e3o do Povoado Formigueiro<\/p>\n\n\n\n<p><strong>Meio Utilizado: <\/strong>Arma de Fogo<\/p>\n\n\n\n<p><strong>Poss\u00edvel Motiva\u00e7\u00e3o:<\/strong> Latroc\u00ednio<\/p>\n\n\n\n<p><a href=\"https:\/\/www.portalalerta.com.br\/index.php\/2025\/03\/30\/recem-chegado-de-salvador-ba-e-assassinado-a-tiros-e-fatima-ba-registra-o-segundo-homicidio-do-ano\/\"><strong>2 \u2013 Leandro dos Santos Jorge (L\u00e9o), 21 anos, em 29\/03\/2025<\/strong><\/a><\/p>\n\n\n\n<p><strong>Local:<\/strong> Povoado Formigueiro<\/p>\n\n\n\n<p><strong>Meio Utilizado:<\/strong> Arma de fogo<\/p>\n\n\n\n<p><strong>Poss\u00edvel Motiva\u00e7\u00e3o:<\/strong> Desconhecida<\/p>\n\n\n\n<p><a href=\"https:\/\/www.portalalerta.com.br\/index.php\/2025\/04\/21\/homem-e-morto-a-facadas-na-zona-rural-de-fatima-ba-suspeito-foi-preso-em-flagrante\/\"><strong>3 \u2013 Jos\u00e9 Orlando Ribeiro Santos Junior, 26 anos, em 20\/04\/2025<\/strong><\/a><\/p>\n\n\n\n<p><strong>Local:<\/strong> Povoado Ara\u00e7\u00e1s<\/p>\n\n\n\n<p><strong>Meio Utilizado:<\/strong> Faca<\/p>\n\n\n\n<p><strong>Poss\u00edvel Motiva\u00e7\u00e3o: <\/strong>Rixa<\/p>\n\n\n\n<p><strong>Confira o Gr\u00e1fico com o comparativo Mensal, entre os anos 2024 e 2025:<\/strong><\/p>\n\n\n<div class=\"wp-block-image\">\n<figure class=\"aligncenter size-full\"><img decoding=\"async\" width=\"550\" height=\"330\" src=\"https:\/\/www.portalalerta.com.br\/wp-content\/uploads\/2026\/01\/comparativo-mensal-de-homicidios-em-Fatima-2024-e-2025.jpg\" alt=\"\" class=\"wp-image-78127\" srcset=\"https:\/\/www.portalalerta.com.br\/wp-content\/uploads\/2026\/01\/comparativo-mensal-de-homicidios-em-Fatima-2024-e-2025.jpg 550w, https:\/\/www.portalalerta.com.br\/wp-content\/uploads\/2026\/01\/comparativo-mensal-de-homicidios-em-Fatima-2024-e-2025-400x240.jpg 400w\" sizes=\"(max-width: 550px) 100vw, 550px\" \/><\/figure><\/div>\n\n\n<p><em>Reda\u00e7\u00e3o: Portal Alerta<\/em><\/p>\n","protected":false},"excerpt":{"rendered":"<p>Em 2025, F\u00e1tima-BA registrou tr\u00eas homic\u00eddios, dois a menos que no ano anterior, uma queda de 40%. &nbsp;<\/p>\n","protected":false},"author":2,"featured_media":24518,"comment_status":"open","ping_status":"open","sticky":false,"template":"","format":"standard","meta":{"om_disable_all_campaigns":false,"_monsterinsights_skip_tracking":false,"_monsterinsights_sitenote_active":false,"_monsterinsights_sitenote_note":"","_monsterinsights_sitenote_category":0,"footnotes":""},"categories":[8473,70,10,69,32,22],"tags":[7902,100,71,48,75,4178,4180,129,107,4181,2074,132,230,500,106,203,120,51,109,88,47,111,190],"class_list":["post-78125","post","type-post","status-publish","format-standard","has-post-thumbnail","hentry","category-destaque","category-destaques","category-fatima","category-noticias2","category-regiao","category-seguranca","tag-7902","tag-adustina","tag-antas","tag-araci","tag-cicero-dantas","tag-cipo-2","tag-crisopolis-2","tag-euclides-da-cunha","tag-fatima","tag-heliopolis-2","tag-homicidios","tag-itapicuru","tag-jeremoabo","tag-mancha-criminal","tag-nova-soure","tag-novo-triunfo","tag-olindina","tag-paripiranga","tag-quijingue","tag-ribeira-do-amparo","tag-ribeira-do-pombal","tag-sitio-do-quinto","tag-tucano"],"aioseo_notices":[],"_links":{"self":[{"href":"https:\/\/www.portalalerta.com.br\/index.php\/wp-json\/wp\/v2\/posts\/78125","targetHints":{"allow":["GET"]}}],"collection":[{"href":"https:\/\/www.portalalerta.com.br\/index.php\/wp-json\/wp\/v2\/posts"}],"about":[{"href":"https:\/\/www.portalalerta.com.br\/index.php\/wp-json\/wp\/v2\/types\/post"}],"author":[{"embeddable":true,"href":"https:\/\/www.portalalerta.com.br\/index.php\/wp-json\/wp\/v2\/users\/2"}],"replies":[{"embeddable":true,"href":"https:\/\/www.portalalerta.com.br\/index.php\/wp-json\/wp\/v2\/comments?post=78125"}],"version-history":[{"count":1,"href":"https:\/\/www.portalalerta.com.br\/index.php\/wp-json\/wp\/v2\/posts\/78125\/revisions"}],"predecessor-version":[{"id":78128,"href":"https:\/\/www.portalalerta.com.br\/index.php\/wp-json\/wp\/v2\/posts\/78125\/revisions\/78128"}],"wp:featuredmedia":[{"embeddable":true,"href":"https:\/\/www.portalalerta.com.br\/index.php\/wp-json\/wp\/v2\/media\/24518"}],"wp:attachment":[{"href":"https:\/\/www.portalalerta.com.br\/index.php\/wp-json\/wp\/v2\/media?parent=78125"}],"wp:term":[{"taxonomy":"category","embeddable":true,"href":"https:\/\/www.portalalerta.com.br\/index.php\/wp-json\/wp\/v2\/categories?post=78125"},{"taxonomy":"post_tag","embeddable":true,"href":"https:\/\/www.portalalerta.com.br\/index.php\/wp-json\/wp\/v2\/tags?post=78125"}],"curies":[{"name":"wp","href":"https:\/\/api.w.org\/{rel}","templated":true}]}}