{"id":78129,"date":"2026-01-22T14:45:33","date_gmt":"2026-01-22T17:45:33","guid":{"rendered":"https:\/\/www.portalalerta.com.br\/?p=78129"},"modified":"2026-01-22T14:45:34","modified_gmt":"2026-01-22T17:45:34","slug":"o-agente-secreto-recebe-4-indicacoes-ao-oscar-2026","status":"publish","type":"post","link":"https:\/\/www.portalalerta.com.br\/index.php\/2026\/01\/22\/o-agente-secreto-recebe-4-indicacoes-ao-oscar-2026\/","title":{"rendered":"&#8220;O Agente Secreto&#8221; recebe 4 indica\u00e7\u00f5es ao Oscar 2026"},"content":{"rendered":"\n<p>Obra brasileira de Kleber Mendon\u00e7a Filho concorre \u00e0 categorias principais da premia\u00e7\u00e3o<\/p>\n\n\n\n<!--more-->\n\n\n\n<p>O filme brasileiro&nbsp;&#8220;O Agente Secreto&#8221;&nbsp;foi indicado \u00e0s principais categorias do&nbsp;Oscar 2026:&nbsp;Melhor Filme, Melhor Filme Internacional, Melhor Ator para Wagner Moura e Melhor Elenco.<\/p>\n\n\n<div class=\"wp-block-image\">\n<figure class=\"alignleft size-large is-resized\"><img fetchpriority=\"high\" decoding=\"async\" width=\"819\" height=\"1024\" src=\"https:\/\/www.portalalerta.com.br\/wp-content\/uploads\/2026\/01\/Volta-as-aulas-Real-Calcados-2026-819x1024.jpg\" alt=\"\" class=\"wp-image-78035\" style=\"width:418px;height:auto\" srcset=\"https:\/\/www.portalalerta.com.br\/wp-content\/uploads\/2026\/01\/Volta-as-aulas-Real-Calcados-2026-819x1024.jpg 819w, https:\/\/www.portalalerta.com.br\/wp-content\/uploads\/2026\/01\/Volta-as-aulas-Real-Calcados-2026-192x240.jpg 192w, https:\/\/www.portalalerta.com.br\/wp-content\/uploads\/2026\/01\/Volta-as-aulas-Real-Calcados-2026-768x960.jpg 768w, https:\/\/www.portalalerta.com.br\/wp-content\/uploads\/2026\/01\/Volta-as-aulas-Real-Calcados-2026.jpg 1024w\" sizes=\"(max-width: 819px) 100vw, 819px\" \/><\/figure><\/div>\n\n\n<p>A obra, dirigida por\u00a0<strong>Kleber Mendon\u00e7a Filho<\/strong>\u00a0e estrelada por\u00a0<strong>Wagner Moura<\/strong>, vem sendo destaque em grandes eventos de Hollywood desde maio de 2025, quando venceu dois\u00a0dos\u00a0principais pr\u00eamios do Festival de Cannes:\u00a0Melhor Ator, para Wagner Moura, e\u00a0Melhor Diretor, para Kleber Mendon\u00e7a Filho.<\/p>\n\n\n\n<p>Ap\u00f3s as vit\u00f3rias, as expectativas para um Oscar se elevaram ainda mais.&nbsp;A cerim\u00f4nia de entrega dos pr\u00eamios do Oscar 2026 ser\u00e1 realizada em&nbsp;<strong>15 de mar\u00e7o de 2026<\/strong>, em Los Angeles, Estados Unidos, com exibi\u00e7\u00e3o ao vivo pelo canal TNT e o servi\u00e7o de streaming HBO Max, a partir das 20h (hor\u00e1rio de Bras\u00edlia).&nbsp;<\/p>\n\n\n\n<p><strong>Sobre o que fala &#8220;O Agente Secreto&#8221;?&nbsp;<\/strong>&nbsp;<\/p>\n\n\n\n<p>Ambientado no Recife de 1977, o t\u00edtulo \u00e9 um\u00a0thriller pol\u00edtico, que acompanha Marcelo, um professor que foge de um passado misterioso e volta ao Recife em busca de paz, mas logo percebe que a cidade est\u00e1 longe de ser o ref\u00fagio que procura.\u00a0\u00a0<\/p>\n\n\n\n<p>A produ\u00e7\u00e3o \u00e9 estrelada por\u00a0<strong>Wagner Moura<\/strong>\u00a0(\u201cTropa de Elite\u201d),\u00a0<strong>Maria Fernanda C\u00e2ndido\u00a0<\/strong>(\u201cTerra Nostra\u201d),\u00a0<strong>Gabriel Leone<\/strong>\u00a0(\u201cDom\u201d),\u00a0<strong>Isab\u00e9l\u00a0Zuaa\u00a0<\/strong>(\u201cO N\u00f3 do Diabo\u201d),\u00a0<strong>Alice Carvalho<\/strong>\u00a0(\u201cCanga\u00e7o Novo\u201d) e mais.\u00a0<\/p>\n\n\n\n<p><em>Fonte: CNN<\/em><\/p>\n","protected":false},"excerpt":{"rendered":"<p>Obra brasileira de Kleber Mendon\u00e7a Filho concorre \u00e0 categorias principais da premia\u00e7\u00e3o<\/p>\n","protected":false},"author":2,"featured_media":78130,"comment_status":"open","ping_status":"open","sticky":false,"template":"","format":"standard","meta":{"om_disable_all_campaigns":false,"_monsterinsights_skip_tracking":false,"_monsterinsights_sitenote_active":false,"_monsterinsights_sitenote_note":"","_monsterinsights_sitenote_category":0,"footnotes":""},"categories":[34,8473,35,69],"tags":[100,71,48,93,75,521,4178,4180,129,107,4181,132,230,339,106,203,8561,120,7838,51,109,88,47,111,190],"class_list":["post-78129","post","type-post","status-publish","format-standard","has-post-thumbnail","hentry","category-brasil","category-destaque","category-mundo","category-noticias2","tag-adustina","tag-antas","tag-araci","tag-brasil","tag-cicero-dantas","tag-cinema","tag-cipo-2","tag-crisopolis-2","tag-euclides-da-cunha","tag-fatima","tag-heliopolis-2","tag-itapicuru","tag-jeremoabo","tag-mundo","tag-nova-soure","tag-novo-triunfo","tag-o-agente-secreto","tag-olindina","tag-oscar","tag-paripiranga","tag-quijingue","tag-ribeira-do-amparo","tag-ribeira-do-pombal","tag-sitio-do-quinto","tag-tucano"],"aioseo_notices":[],"_links":{"self":[{"href":"https:\/\/www.portalalerta.com.br\/index.php\/wp-json\/wp\/v2\/posts\/78129","targetHints":{"allow":["GET"]}}],"collection":[{"href":"https:\/\/www.portalalerta.com.br\/index.php\/wp-json\/wp\/v2\/posts"}],"about":[{"href":"https:\/\/www.portalalerta.com.br\/index.php\/wp-json\/wp\/v2\/types\/post"}],"author":[{"embeddable":true,"href":"https:\/\/www.portalalerta.com.br\/index.php\/wp-json\/wp\/v2\/users\/2"}],"replies":[{"embeddable":true,"href":"https:\/\/www.portalalerta.com.br\/index.php\/wp-json\/wp\/v2\/comments?post=78129"}],"version-history":[{"count":1,"href":"https:\/\/www.portalalerta.com.br\/index.php\/wp-json\/wp\/v2\/posts\/78129\/revisions"}],"predecessor-version":[{"id":78131,"href":"https:\/\/www.portalalerta.com.br\/index.php\/wp-json\/wp\/v2\/posts\/78129\/revisions\/78131"}],"wp:featuredmedia":[{"embeddable":true,"href":"https:\/\/www.portalalerta.com.br\/index.php\/wp-json\/wp\/v2\/media\/78130"}],"wp:attachment":[{"href":"https:\/\/www.portalalerta.com.br\/index.php\/wp-json\/wp\/v2\/media?parent=78129"}],"wp:term":[{"taxonomy":"category","embeddable":true,"href":"https:\/\/www.portalalerta.com.br\/index.php\/wp-json\/wp\/v2\/categories?post=78129"},{"taxonomy":"post_tag","embeddable":true,"href":"https:\/\/www.portalalerta.com.br\/index.php\/wp-json\/wp\/v2\/tags?post=78129"}],"curies":[{"name":"wp","href":"https:\/\/api.w.org\/{rel}","templated":true}]}}