{"id":78132,"date":"2026-01-22T14:53:58","date_gmt":"2026-01-22T17:53:58","guid":{"rendered":"https:\/\/www.portalalerta.com.br\/?p=78132"},"modified":"2026-01-22T14:53:59","modified_gmt":"2026-01-22T17:53:59","slug":"jovem-de-18-anos-e-assassinado-a-tiros-em-euclides-da-cunha-ba","status":"publish","type":"post","link":"https:\/\/www.portalalerta.com.br\/index.php\/2026\/01\/22\/jovem-de-18-anos-e-assassinado-a-tiros-em-euclides-da-cunha-ba\/","title":{"rendered":"Jovem de 18 anos \u00e9 assassinado a tiros, em Euclides da Cunha-BA"},"content":{"rendered":"\n<p>Um jovem de apenas 18 anos foi assassinado a tiros no munic\u00edpio de Euclides da Cunha-BA, na \u00faltima segunda-feira (19).<\/p>\n\n\n\n<!--more-->\n\n\n\n<p>O crime aconteceu no bairro Duda Mac\u00e1rio, pr\u00f3ximo a uma localidade conhecida como Coentros.<\/p>\n\n\n\n<p>De acordo com informa\u00e7\u00f5es, dois criminosos chegaram ao local a bordo de uma moto, e passaram a efetuar disparos de arma de fogo em dire\u00e7\u00e3o \u00e0 Jo\u00e3o Henrique, que sem chances de defesa foi alvejado e teve o seu \u00f3bito confirmado ainda no local.<\/p>\n\n\n\n<p>A Pol\u00edcia Civil dever\u00e1 investigar a autoria e motiva\u00e7\u00e3o deste que \u00e9 o primeiro homic\u00eddio do ano na cidade.<\/p>\n\n\n\n<p><em>Reda\u00e7\u00e3o: Portal Alerta<\/em><\/p>\n\n\n\n<p><em>Com informa\u00e7\u00f5es: Web Euclides<\/em><\/p>\n","protected":false},"excerpt":{"rendered":"<p>Um jovem de apenas 18 anos foi assassinado a tiros no munic\u00edpio de Euclides da Cunha-BA, na \u00faltima segunda-feira (19).<\/p>\n","protected":false},"author":2,"featured_media":78133,"comment_status":"open","ping_status":"open","sticky":false,"template":"","format":"standard","meta":{"om_disable_all_campaigns":false,"_monsterinsights_skip_tracking":false,"_monsterinsights_sitenote_active":false,"_monsterinsights_sitenote_note":"","_monsterinsights_sitenote_category":0,"footnotes":""},"categories":[8473,70,17,69,32,22],"tags":[100,71,48,75,4178,4180,375,129,107,4181,206,132,230,169,106,203,120,51,109,88,47,111,190],"class_list":["post-78132","post","type-post","status-publish","format-standard","has-post-thumbnail","hentry","category-destaque","category-destaques","category-euclides-da-cunha","category-noticias2","category-regiao","category-seguranca","tag-adustina","tag-antas","tag-araci","tag-cicero-dantas","tag-cipo-2","tag-crisopolis-2","tag-disparos-de-arma-de-fogo","tag-euclides-da-cunha","tag-fatima","tag-heliopolis-2","tag-homicidio","tag-itapicuru","tag-jeremoabo","tag-morte","tag-nova-soure","tag-novo-triunfo","tag-olindina","tag-paripiranga","tag-quijingue","tag-ribeira-do-amparo","tag-ribeira-do-pombal","tag-sitio-do-quinto","tag-tucano"],"aioseo_notices":[],"_links":{"self":[{"href":"https:\/\/www.portalalerta.com.br\/index.php\/wp-json\/wp\/v2\/posts\/78132","targetHints":{"allow":["GET"]}}],"collection":[{"href":"https:\/\/www.portalalerta.com.br\/index.php\/wp-json\/wp\/v2\/posts"}],"about":[{"href":"https:\/\/www.portalalerta.com.br\/index.php\/wp-json\/wp\/v2\/types\/post"}],"author":[{"embeddable":true,"href":"https:\/\/www.portalalerta.com.br\/index.php\/wp-json\/wp\/v2\/users\/2"}],"replies":[{"embeddable":true,"href":"https:\/\/www.portalalerta.com.br\/index.php\/wp-json\/wp\/v2\/comments?post=78132"}],"version-history":[{"count":1,"href":"https:\/\/www.portalalerta.com.br\/index.php\/wp-json\/wp\/v2\/posts\/78132\/revisions"}],"predecessor-version":[{"id":78134,"href":"https:\/\/www.portalalerta.com.br\/index.php\/wp-json\/wp\/v2\/posts\/78132\/revisions\/78134"}],"wp:featuredmedia":[{"embeddable":true,"href":"https:\/\/www.portalalerta.com.br\/index.php\/wp-json\/wp\/v2\/media\/78133"}],"wp:attachment":[{"href":"https:\/\/www.portalalerta.com.br\/index.php\/wp-json\/wp\/v2\/media?parent=78132"}],"wp:term":[{"taxonomy":"category","embeddable":true,"href":"https:\/\/www.portalalerta.com.br\/index.php\/wp-json\/wp\/v2\/categories?post=78132"},{"taxonomy":"post_tag","embeddable":true,"href":"https:\/\/www.portalalerta.com.br\/index.php\/wp-json\/wp\/v2\/tags?post=78132"}],"curies":[{"name":"wp","href":"https:\/\/api.w.org\/{rel}","templated":true}]}}