{"id":78144,"date":"2026-01-23T11:11:14","date_gmt":"2026-01-23T14:11:14","guid":{"rendered":"https:\/\/www.portalalerta.com.br\/?p=78144"},"modified":"2026-01-23T11:11:15","modified_gmt":"2026-01-23T14:11:15","slug":"nota-de-fachin-sobre-caso-master-decepciona-ministros-e-racha-stf","status":"publish","type":"post","link":"https:\/\/www.portalalerta.com.br\/index.php\/2026\/01\/23\/nota-de-fachin-sobre-caso-master-decepciona-ministros-e-racha-stf\/","title":{"rendered":"Nota de Fachin sobre caso Master decepciona ministros e racha STF"},"content":{"rendered":"\n<p>Presidente do tribunal interrompeu f\u00e9rias, antecipou retorno a Bras\u00edlia e conversou com colegas para debelar crise; resultado foi manifesta\u00e7\u00e3o divulgada nesta quinta<\/p>\n\n\n\n<!--more-->\n\n\n\n<p>O&nbsp;STF (Supremo Tribunal Federal)&nbsp;se dividiu em torno da primeira manifesta\u00e7\u00e3o p\u00fablica do presidente da Corte,&nbsp;Edson Fachin, sobre o desgaste causado por decis\u00f5es pol\u00eamicas do ministro&nbsp;Dias Toffoli&nbsp;no \u00e2mbito do&nbsp;caso Master.<\/p>\n\n\n\n<p>Fachin interrompeu as f\u00e9rias,\u00a0antecipou seu retorno a Bras\u00edlia\u00a0e iniciou uma rodada de conversas com colegas para tentar debelar a crise.<\/p>\n\n\n\n<p>O presidente do STF alegou a pessoas pr\u00f3ximas que o \u201cmomento exige\u201d sua presen\u00e7a em Bras\u00edlia.<\/p>\n\n\n\n<p>O posicionamento de Fachin em nome da Corte foi discutido previamente com alguns colegas do STF, entre eles o vice-presidente da Corte, ministro&nbsp;Alexandre de Moraes.<\/p>\n\n\n\n<p>O magistrado integra a ala do tribunal que tem defendido a atua\u00e7\u00e3o de Toffoli no inqu\u00e9rito. O ministro\u00a0Gilmar Mendes, o mais antigo em atividade no STF, tamb\u00e9m comp\u00f5e esse grupo.<\/p>\n\n\n\n<p>Outros ministros, no entanto, relataram \u00e0&nbsp;CNN&nbsp;que souberam da nota a partir do momento em que ela foi divulgada pela Secretaria de Comunica\u00e7\u00e3o Social do STF.<\/p>\n\n\n\n<p>O posicionamento de Fachin dividiu integrantes do tribunal. Uma ala avalia que o presidente da Corte redigiu uma manifesta\u00e7\u00e3o \u201cboa e equilibrada\u201d em que defende institucionalmente a atua\u00e7\u00e3o de Toffoli, respons\u00e1vel por conduzir a investiga\u00e7\u00e3o.<\/p>\n\n\n\n<p>Outra ala considera que a nota p\u00fablica do presidente do STF \u201cpouco esclarece\u201d e, ao fazer acenos ao&nbsp;Banco Central, \u00e0&nbsp;Pol\u00edcia Federal, \u00e0&nbsp;Procuradoria-Geral da Rep\u00fablica, a Toffoli e aos ministros que criticam reservadamente sua atua\u00e7\u00e3o, &#8220;fica em cima do muro\u201d.<\/p>\n\n\n\n<p>A manifesta\u00e7\u00e3o de Fachin ocorreu ap\u00f3s ministros da Suprema Corte apontarem a necessidade de uma defesa institucional do Poder Judici\u00e1rio devido \u00e0s reportagens contra Toffoli.<\/p>\n\n\n\n<p>Segundo relatos feitos \u00e0&nbsp;CNN, pressionado da direita \u00e0 esquerda, Toffoli chegou a se queixar das cr\u00edticas a integrantes da Suprema Corte nos \u00faltimos dias, o que levou a uma rea\u00e7\u00e3o de Fachin.<\/p>\n\n\n\n<p>A avalia\u00e7\u00e3o \u00e9 de que, embora a postura do ministro n\u00e3o tenha agradado magistrados, o momento \u00e9 de uma defesa da institui\u00e7\u00e3o para, no futuro, corrigir excessos e equ\u00edvocos na postura dos ministros.<\/p>\n\n\n\n<p>A nota de Fachin, contudo, decepcionou assessores e magistrados defensores do c\u00f3digo de \u00e9tica para os integrantes do STF.<\/p>\n\n\n\n<p>Para eles, faltou autocr\u00edtica da Suprema Corte em um momento em que, na avalia\u00e7\u00e3o deles, valeria reconhecer a necessidade de mudan\u00e7a de h\u00e1bitos para dar um exemplo \u00e0 sociedade.<\/p>\n\n\n\n<p><em>Fonte: CNN<\/em><\/p>\n","protected":false},"excerpt":{"rendered":"<p>Presidente do tribunal interrompeu f\u00e9rias, antecipou retorno a Bras\u00edlia e conversou com colegas para debelar crise; resultado foi manifesta\u00e7\u00e3o divulgada nesta quinta<\/p>\n","protected":false},"author":2,"featured_media":33566,"comment_status":"open","ping_status":"open","sticky":false,"template":"","format":"standard","meta":{"om_disable_all_campaigns":false,"_monsterinsights_skip_tracking":false,"_monsterinsights_sitenote_active":false,"_monsterinsights_sitenote_note":"","_monsterinsights_sitenote_category":0,"footnotes":""},"categories":[34,8473,69],"tags":[100,71,48,8472,93,75,4178,4180,3538,129,107,4181,132,230,106,203,120,51,109,88,47,111,216],"class_list":["post-78144","post","type-post","status-publish","format-standard","has-post-thumbnail","hentry","category-brasil","category-destaque","category-noticias2","tag-adustina","tag-antas","tag-araci","tag-banco-master","tag-brasil","tag-cicero-dantas","tag-cipo-2","tag-crisopolis-2","tag-edson-fachin","tag-euclides-da-cunha","tag-fatima","tag-heliopolis-2","tag-itapicuru","tag-jeremoabo","tag-nova-soure","tag-novo-triunfo","tag-olindina","tag-paripiranga","tag-quijingue","tag-ribeira-do-amparo","tag-ribeira-do-pombal","tag-sitio-do-quinto","tag-stf"],"aioseo_notices":[],"_links":{"self":[{"href":"https:\/\/www.portalalerta.com.br\/index.php\/wp-json\/wp\/v2\/posts\/78144","targetHints":{"allow":["GET"]}}],"collection":[{"href":"https:\/\/www.portalalerta.com.br\/index.php\/wp-json\/wp\/v2\/posts"}],"about":[{"href":"https:\/\/www.portalalerta.com.br\/index.php\/wp-json\/wp\/v2\/types\/post"}],"author":[{"embeddable":true,"href":"https:\/\/www.portalalerta.com.br\/index.php\/wp-json\/wp\/v2\/users\/2"}],"replies":[{"embeddable":true,"href":"https:\/\/www.portalalerta.com.br\/index.php\/wp-json\/wp\/v2\/comments?post=78144"}],"version-history":[{"count":2,"href":"https:\/\/www.portalalerta.com.br\/index.php\/wp-json\/wp\/v2\/posts\/78144\/revisions"}],"predecessor-version":[{"id":78146,"href":"https:\/\/www.portalalerta.com.br\/index.php\/wp-json\/wp\/v2\/posts\/78144\/revisions\/78146"}],"wp:featuredmedia":[{"embeddable":true,"href":"https:\/\/www.portalalerta.com.br\/index.php\/wp-json\/wp\/v2\/media\/33566"}],"wp:attachment":[{"href":"https:\/\/www.portalalerta.com.br\/index.php\/wp-json\/wp\/v2\/media?parent=78144"}],"wp:term":[{"taxonomy":"category","embeddable":true,"href":"https:\/\/www.portalalerta.com.br\/index.php\/wp-json\/wp\/v2\/categories?post=78144"},{"taxonomy":"post_tag","embeddable":true,"href":"https:\/\/www.portalalerta.com.br\/index.php\/wp-json\/wp\/v2\/tags?post=78144"}],"curies":[{"name":"wp","href":"https:\/\/api.w.org\/{rel}","templated":true}]}}