{"id":78147,"date":"2026-01-23T21:26:03","date_gmt":"2026-01-24T00:26:03","guid":{"rendered":"https:\/\/www.portalalerta.com.br\/?p=78147"},"modified":"2026-01-23T21:26:05","modified_gmt":"2026-01-24T00:26:05","slug":"moraes-manda-retirar-apoiadores-de-bolsonaro-de-acampamento-na-papuda","status":"publish","type":"post","link":"https:\/\/www.portalalerta.com.br\/index.php\/2026\/01\/23\/moraes-manda-retirar-apoiadores-de-bolsonaro-de-acampamento-na-papuda\/","title":{"rendered":"Moraes manda retirar apoiadores de Bolsonaro de acampamento na Papuda"},"content":{"rendered":"\n<p>Ministro do STF determina remo\u00e7\u00e3o imediata e pro\u00edbe acampamentos em frente ao 19\u00ba BPM no DF<\/p>\n\n\n\n<!--more-->\n\n\n\n<p>O ministro Alexandre de Moraes, do Supremo Tribunal Federal (STF), determinou nesta sexta-feira (23) a desocupa\u00e7\u00e3o imediata e a veda\u00e7\u00e3o de acesso e perman\u00eancia de apoiadores do ex-presidente Jair Bolsonaro (PL) que estejam reunidos em frente ou pr\u00f3ximo do 19\u00ba Batalh\u00e3o da Pol\u00edcia Militar do Distrito Federal (19\u00ba BPM), conhecido como Papudinha.<\/p>\n\n\n\n<p>Na decis\u00e3o, Moraes ordenou a retirada de quaisquer acampamentos ou pessoas que se encontrem nas cercanias da Penitenci\u00e1ria Federal de Bras\u00edlia, no Complexo da Papuda. Segundo o ministro, a medida tem como objetivo inibir eventuais pr\u00e1ticas il\u00edcitas e prevenir atos que possam colocar em risco a seguran\u00e7a da unidade prisional.<\/p>\n\n\n\n<p>\u201cDetermino a remo\u00e7\u00e3o imediata e a proibi\u00e7\u00e3o de acesso e perman\u00eancia de quaisquer acampamentos ou indiv\u00edduos que se encontrem em frente ou nas adjac\u00eancias da Penitenci\u00e1ria Federal de Bras\u00edlia \u2013 Complexo da Papuda, participando de poss\u00edvel pr\u00e1tica criminosa ou de quaisquer atos que possam comprometer a seguran\u00e7a do estabelecimento prisional\u201d, registrou o ministro na decis\u00e3o.<\/p>\n\n\n\n<p>A determina\u00e7\u00e3o foi adotada diante da presen\u00e7a de apoiadores do ex-presidente nas imedia\u00e7\u00f5es do local, o que levou o Supremo a acionar as for\u00e7as de seguran\u00e7a para assegurar a ordem p\u00fablica e a integridade do complexo prisional.<\/p>\n\n\n\n<p><em>Fonte: Metro1<\/em><\/p>\n","protected":false},"excerpt":{"rendered":"<p>Ministro do STF determina remo\u00e7\u00e3o imediata e pro\u00edbe acampamentos em frente ao 19\u00ba BPM no DF<\/p>\n","protected":false},"author":2,"featured_media":45612,"comment_status":"open","ping_status":"open","sticky":false,"template":"","format":"standard","meta":{"om_disable_all_campaigns":false,"_monsterinsights_skip_tracking":false,"_monsterinsights_sitenote_active":false,"_monsterinsights_sitenote_note":"","_monsterinsights_sitenote_category":0,"footnotes":""},"categories":[34,8473,69,21],"tags":[100,1173,71,48,93,75,4178,4180,129,107,4181,132,1395,230,106,203,120,51,1256,109,88,47,111,190],"class_list":["post-78147","post","type-post","status-publish","format-standard","has-post-thumbnail","hentry","category-brasil","category-destaque","category-noticias2","category-politica","tag-adustina","tag-alexandre-de-moraes","tag-antas","tag-araci","tag-brasil","tag-cicero-dantas","tag-cipo-2","tag-crisopolis-2","tag-euclides-da-cunha","tag-fatima","tag-heliopolis-2","tag-itapicuru","tag-jair-bolsonaro","tag-jeremoabo","tag-nova-soure","tag-novo-triunfo","tag-olindina","tag-paripiranga","tag-presidio-da-papuda","tag-quijingue","tag-ribeira-do-amparo","tag-ribeira-do-pombal","tag-sitio-do-quinto","tag-tucano"],"aioseo_notices":[],"_links":{"self":[{"href":"https:\/\/www.portalalerta.com.br\/index.php\/wp-json\/wp\/v2\/posts\/78147","targetHints":{"allow":["GET"]}}],"collection":[{"href":"https:\/\/www.portalalerta.com.br\/index.php\/wp-json\/wp\/v2\/posts"}],"about":[{"href":"https:\/\/www.portalalerta.com.br\/index.php\/wp-json\/wp\/v2\/types\/post"}],"author":[{"embeddable":true,"href":"https:\/\/www.portalalerta.com.br\/index.php\/wp-json\/wp\/v2\/users\/2"}],"replies":[{"embeddable":true,"href":"https:\/\/www.portalalerta.com.br\/index.php\/wp-json\/wp\/v2\/comments?post=78147"}],"version-history":[{"count":1,"href":"https:\/\/www.portalalerta.com.br\/index.php\/wp-json\/wp\/v2\/posts\/78147\/revisions"}],"predecessor-version":[{"id":78148,"href":"https:\/\/www.portalalerta.com.br\/index.php\/wp-json\/wp\/v2\/posts\/78147\/revisions\/78148"}],"wp:featuredmedia":[{"embeddable":true,"href":"https:\/\/www.portalalerta.com.br\/index.php\/wp-json\/wp\/v2\/media\/45612"}],"wp:attachment":[{"href":"https:\/\/www.portalalerta.com.br\/index.php\/wp-json\/wp\/v2\/media?parent=78147"}],"wp:term":[{"taxonomy":"category","embeddable":true,"href":"https:\/\/www.portalalerta.com.br\/index.php\/wp-json\/wp\/v2\/categories?post=78147"},{"taxonomy":"post_tag","embeddable":true,"href":"https:\/\/www.portalalerta.com.br\/index.php\/wp-json\/wp\/v2\/tags?post=78147"}],"curies":[{"name":"wp","href":"https:\/\/api.w.org\/{rel}","templated":true}]}}