{"id":78152,"date":"2026-01-23T23:18:13","date_gmt":"2026-01-24T02:18:13","guid":{"rendered":"https:\/\/www.portalalerta.com.br\/?p=78152"},"modified":"2026-01-23T23:18:15","modified_gmt":"2026-01-24T02:18:15","slug":"lula-diz-que-trump-esta-fazendo-proposta-de-criar-nova-onu","status":"publish","type":"post","link":"https:\/\/www.portalalerta.com.br\/index.php\/2026\/01\/23\/lula-diz-que-trump-esta-fazendo-proposta-de-criar-nova-onu\/","title":{"rendered":"Lula diz que Trump est\u00e1 fazendo proposta de &#8220;criar nova ONU&#8221;"},"content":{"rendered":"\n<p>Presidente afirmou que a carta da organiza\u00e7\u00e3o est\u00e1 sendo \u201crasgada\u201d e defendeu uma reforma na institui\u00e7\u00e3o<\/p>\n\n\n\n<!--more-->\n\n\n\n<p>O presidente&nbsp;Luiz In\u00e1cio Lula da Silva&nbsp;(PT) criticou nesta sexta-feira (23) o Conselho de Paz, criado pelo presidente dos Estados Unidos,&nbsp;Donald Trump&nbsp;e que ele estaria tentando criar uma nova&nbsp;ONU (Organiza\u00e7\u00e3o das Na\u00e7\u00f5es Unidas) b<\/p>\n\n\n<div class=\"wp-block-image\">\n<figure class=\"alignleft size-large is-resized\"><img fetchpriority=\"high\" decoding=\"async\" width=\"819\" height=\"1024\" src=\"https:\/\/www.portalalerta.com.br\/wp-content\/uploads\/2026\/01\/Volta-as-aulas-Real-Calcados-2026-819x1024.jpg\" alt=\"\" class=\"wp-image-78035\" style=\"width:404px;height:auto\" srcset=\"https:\/\/www.portalalerta.com.br\/wp-content\/uploads\/2026\/01\/Volta-as-aulas-Real-Calcados-2026-819x1024.jpg 819w, https:\/\/www.portalalerta.com.br\/wp-content\/uploads\/2026\/01\/Volta-as-aulas-Real-Calcados-2026-192x240.jpg 192w, https:\/\/www.portalalerta.com.br\/wp-content\/uploads\/2026\/01\/Volta-as-aulas-Real-Calcados-2026-768x960.jpg 768w, https:\/\/www.portalalerta.com.br\/wp-content\/uploads\/2026\/01\/Volta-as-aulas-Real-Calcados-2026.jpg 1024w\" sizes=\"(max-width: 819px) 100vw, 819px\" \/><\/figure><\/div>\n\n\n<p>A fala ocorreu durante o 14\u00ba Encontro Nacional do MST (Movimento dos Trabalhadores Rurais Sem Terra), em Salvador.<\/p>\n\n\n\n<p>Lula afirmou que o mundo vive um per\u00edodo \u201cmuito cr\u00edtico\u201d, e que a carta da&nbsp;ONU&nbsp;est\u00e1 sendo \u201crasgada\u201d. \u201cO presidente Trump est\u00e1 fazendo a proposta de criar uma nova ONU em que ele sozinho \u00e9 o dono da ONU\u201d, prosseguiu, defendendo uma reforma na Organiza\u00e7\u00e3o e um aumento no n\u00famero de pa\u00edses membros do Conselho de Seguran\u00e7a.<\/p>\n\n\n\n<p>O presidente tamb\u00e9m criticou a proposta de cria\u00e7\u00e3o de um resort em Gaza.\u00a0A medida foi publicada por Trump no ano passado.<\/p>\n\n\n\n<p>\u201cVoc\u00ea viu a fotografia do que v\u00e3o tentar fazer em Gaza? Um resort, ou seja, derrubaram e mataram mais de 80 mil pessoas para agora fazer hotel de luxo. E quem morreu? E o povo pobre de l\u00e1, vai morar onde?\u201d, indagou Lula.<\/p>\n\n\n\n<p>O chefe do Executivo ainda afirmou que a geopol\u00edtica mundial vive um enfraquecimento do multilateralismo e um avan\u00e7o do unilateralismo. \u201cEst\u00e1 prevalecendo a lei do mais forte\u201d, finalizou.<\/p>\n\n\n\n<p><strong>O que \u00e9 o Conselho de Paz de Trump?<\/strong><\/p>\n\n\n\n<p>O Conselho de Paz \u00e9 um grupo criado por Donald Trump, que visa atuar na resolu\u00e7\u00e3o de conflitos mundiais. A oficializa\u00e7\u00e3o aconteceu na quinta-feira (22), em uma cerim\u00f4nia em Davos, na Su\u00ed\u00e7a.<\/p>\n\n\n\n<p>O grupo foi anunciado em 2025, quando o l\u00edder dos EUA revelou planos para acabar com a guerra na Faixa de Gaza. Por\u00e9m, mais tarde, ele deixou claro que a atua\u00e7\u00e3o do&nbsp;conselho&nbsp;seria expandida para al\u00e9m do territ\u00f3rio palestino, abrangendo outros conflitos ao redor do mundo.<\/p>\n\n\n\n<p>Trump chegou a\u00a0sugerir que o grupo &#8220;poderia&#8221; substituir a ONU, o que agravou preocupa\u00e7\u00f5es de especialistas.\u00a0<\/p>\n\n\n\n<p>Alguns l\u00edderes europeus disseram que est\u00e3o desconfort\u00e1veis \u200b\u200bcom certos elementos da minuta da Carta do conselho, particularmente com as disposi\u00e7\u00f5es que parecem concentrar o poder de decis\u00e3o em Trump.<\/p>\n\n\n\n<p>De acordo com a minuta da carta constitutiva, cuja c\u00f3pia tamb\u00e9m foi obtida pela\u00a0CNN Brasil,\u00a0Trump atuar\u00e1 como presidente do conselho, por tempo indefinido, possivelmente ocupando o cargo al\u00e9m de seu segundo mandato como chefe de Estado.<\/p>\n\n\n\n<p>Ele s\u00f3 ser\u00e1 substitu\u00eddo em caso de &#8220;ren\u00fancia volunt\u00e1ria ou incapacidade, conforme determinado por voto un\u00e2nime do Conselho Executivo&#8221;.<\/p>\n\n\n\n<p>Segundo o documento, os pa\u00edses integrantes teriam mandatos limitados a tr\u00eas anos, a menos que\u00a0paguem US$ 1 bilh\u00e3o. Diversos pa\u00edses foram convidados,\u00a0incluindo o Brasil, Argentina, Canad\u00e1, Paraguai, Turquia, Egito, entre outros.<\/p>\n\n\n\n<p><em>Fonte: CNN<\/em><\/p>\n","protected":false},"excerpt":{"rendered":"<p>Presidente afirmou que a carta da organiza\u00e7\u00e3o est\u00e1 sendo \u201crasgada\u201d e defendeu uma reforma na institui\u00e7\u00e3o<\/p>\n","protected":false},"author":2,"featured_media":76676,"comment_status":"open","ping_status":"open","sticky":false,"template":"","format":"standard","meta":{"om_disable_all_campaigns":false,"_monsterinsights_skip_tracking":false,"_monsterinsights_sitenote_active":false,"_monsterinsights_sitenote_note":"","_monsterinsights_sitenote_category":0,"footnotes":""},"categories":[34,8473,35,69,21],"tags":[100,71,48,93,75,4178,4180,897,129,107,4181,132,230,303,339,106,203,120,1128,51,109,88,47,111],"class_list":["post-78152","post","type-post","status-publish","format-standard","has-post-thumbnail","hentry","category-brasil","category-destaque","category-mundo","category-noticias2","category-politica","tag-adustina","tag-antas","tag-araci","tag-brasil","tag-cicero-dantas","tag-cipo-2","tag-crisopolis-2","tag-donald-trump","tag-euclides-da-cunha","tag-fatima","tag-heliopolis-2","tag-itapicuru","tag-jeremoabo","tag-lula","tag-mundo","tag-nova-soure","tag-novo-triunfo","tag-olindina","tag-onu","tag-paripiranga","tag-quijingue","tag-ribeira-do-amparo","tag-ribeira-do-pombal","tag-sitio-do-quinto"],"aioseo_notices":[],"_links":{"self":[{"href":"https:\/\/www.portalalerta.com.br\/index.php\/wp-json\/wp\/v2\/posts\/78152","targetHints":{"allow":["GET"]}}],"collection":[{"href":"https:\/\/www.portalalerta.com.br\/index.php\/wp-json\/wp\/v2\/posts"}],"about":[{"href":"https:\/\/www.portalalerta.com.br\/index.php\/wp-json\/wp\/v2\/types\/post"}],"author":[{"embeddable":true,"href":"https:\/\/www.portalalerta.com.br\/index.php\/wp-json\/wp\/v2\/users\/2"}],"replies":[{"embeddable":true,"href":"https:\/\/www.portalalerta.com.br\/index.php\/wp-json\/wp\/v2\/comments?post=78152"}],"version-history":[{"count":2,"href":"https:\/\/www.portalalerta.com.br\/index.php\/wp-json\/wp\/v2\/posts\/78152\/revisions"}],"predecessor-version":[{"id":78154,"href":"https:\/\/www.portalalerta.com.br\/index.php\/wp-json\/wp\/v2\/posts\/78152\/revisions\/78154"}],"wp:featuredmedia":[{"embeddable":true,"href":"https:\/\/www.portalalerta.com.br\/index.php\/wp-json\/wp\/v2\/media\/76676"}],"wp:attachment":[{"href":"https:\/\/www.portalalerta.com.br\/index.php\/wp-json\/wp\/v2\/media?parent=78152"}],"wp:term":[{"taxonomy":"category","embeddable":true,"href":"https:\/\/www.portalalerta.com.br\/index.php\/wp-json\/wp\/v2\/categories?post=78152"},{"taxonomy":"post_tag","embeddable":true,"href":"https:\/\/www.portalalerta.com.br\/index.php\/wp-json\/wp\/v2\/tags?post=78152"}],"curies":[{"name":"wp","href":"https:\/\/api.w.org\/{rel}","templated":true}]}}