{"id":78155,"date":"2026-01-24T20:21:59","date_gmt":"2026-01-24T23:21:59","guid":{"rendered":"https:\/\/www.portalalerta.com.br\/?p=78155"},"modified":"2026-01-24T20:22:01","modified_gmt":"2026-01-24T23:22:01","slug":"apos-realizar-assalto-em-ribeira-do-amparo-ba-criminoso-e-preso-em-ribeira-do-pombal-ba-revela-plano-de-homicidio-e-delata-assassinos","status":"publish","type":"post","link":"https:\/\/www.portalalerta.com.br\/index.php\/2026\/01\/24\/apos-realizar-assalto-em-ribeira-do-amparo-ba-criminoso-e-preso-em-ribeira-do-pombal-ba-revela-plano-de-homicidio-e-delata-assassinos\/","title":{"rendered":"Ap\u00f3s realizar assalto em Ribeira do Amparo-BA, criminoso \u00e9 preso em Ribeira do Pombal-BA, revela plano de homic\u00eddio, e delata assassinos"},"content":{"rendered":"\n<p>Um crime ocorrido na \u00faltima quinta-feira (22), em Ribeira do Amparo-BA, terminou com a pris\u00e3o assassinos, revela\u00e7\u00e3o de um planejamento de homic\u00eddio, al\u00e9m de uma poss\u00edvel elucida\u00e7\u00e3o de assassinato ocorrido em Ribeira do Pombal-BA.<\/p>\n\n\n\n<!--more-->\n\n\n\n<p>Era por volta de 8h50 quando policiais militares de Ribeira do Pombal-BA, foram informados a respeito de um roubo ocorrido em Ribeira do Amparo-BA, em que dois criminosos a bordo de uma moto Honda CG de cor preta, teriam roubado uma Honda Bros de cor vermelha, fugindo na sequ\u00eancia por uma estrada que dar acesso ao povoado Laje, em Ribeira do Amparo. Policiais do Pelot\u00e3o de Emprego T\u00e1tico Operacional (PETO), que estavam em Ribeira do Pombal, seguiram para a estrada da Fazenda Pedrinhas no referido munic\u00edpio, acreditando que na fuga, a dupla poderia seguir sentido o territ\u00f3rio pombalense, o que de fato se confirmou<\/p>\n\n\n\n<p>Um dos criminosos, que estava a bordo de Honda CG, fugiu do bloqueio policial, efetuando disparos de arma de fogo em dire\u00e7\u00e3o aos militares, que revidaram, gerando assim um confronto. J\u00e1 o outro criminoso, que estava a bordo da moto subtra\u00edda momentos antes, n\u00e3o teve a mesma sorte, sendo capturado e preso. Este \u00faltimo se mostrou indignado com a atitude do comparsa, que o deixou para tr\u00e1s, e passou a fazer confiss\u00f5es, apontando os poss\u00edveis locais onde o mesmo poderia ser encontrado. Al\u00e9m disso, o assaltante afirmou que a moto roubada em Ribeira do Amparo seria utilizada em um homic\u00eddio em Ribeira do Pombal, tendo como alvo uma pessoa conhecida como \u00cdris.<\/p>\n\n\n<div class=\"wp-block-image\">\n<figure class=\"aligncenter size-full\"><img fetchpriority=\"high\" decoding=\"async\" width=\"640\" height=\"464\" src=\"https:\/\/www.portalalerta.com.br\/wp-content\/uploads\/2026\/01\/veiculo-recuperado-em-Ribeira-do-Pombal-2026.1.jpg\" alt=\"\" class=\"wp-image-78156\" srcset=\"https:\/\/www.portalalerta.com.br\/wp-content\/uploads\/2026\/01\/veiculo-recuperado-em-Ribeira-do-Pombal-2026.1.jpg 640w, https:\/\/www.portalalerta.com.br\/wp-content\/uploads\/2026\/01\/veiculo-recuperado-em-Ribeira-do-Pombal-2026.1-331x240.jpg 331w\" sizes=\"(max-width: 640px) 100vw, 640px\" \/><figcaption class=\"wp-element-caption\">Ve\u00edculo roubado em Ribeira do Amparo-BA, foi recuperado em Ribeira do Pombal-BA<\/figcaption><\/figure><\/div>\n\n\n<p>Os militares iniciaram dilig\u00eancias de forma conjunta, realizando buscas nos locais apontados pelo malfeitor no intuito de capturar o segundo envolvido no roubo, por\u00e9m sem sucesso. Por outro lado, em uma das resid\u00eancias, os militares encontraram dois suspeitos de terem participado do homic\u00eddio ocorrido na cidade, na \u00faltima ter\u00e7a-feira (20), <strong><a href=\"https:\/\/www.portalalerta.com.br\/index.php\/2026\/01\/21\/jovem-de-19-anos-e-assassinado-a-tiros-em-ribeira-do-pombal-ba\/\">que teve como v\u00edtima Mathias dos Santos da Silva, 19 anos<\/a><\/strong>. Com a chegada dos policiais, a dupla tentou fugir pulando os muros da casa, por\u00e9m sem sucesso, j\u00e1 que foram capturados e presos. Na ocasi\u00e3o, tamb\u00e9m foi apreendida uma arma de fogo, que supostamente foi utilizada para o cometimento do crime em quest\u00e3o.<\/p>\n\n\n<div class=\"wp-block-image\">\n<figure class=\"aligncenter size-full\"><img decoding=\"async\" width=\"630\" height=\"498\" src=\"https:\/\/www.portalalerta.com.br\/wp-content\/uploads\/2026\/01\/veiculo-apreendido-em-Ribeira-do-Pombal-2026.jpg\" alt=\"\" class=\"wp-image-78157\" srcset=\"https:\/\/www.portalalerta.com.br\/wp-content\/uploads\/2026\/01\/veiculo-apreendido-em-Ribeira-do-Pombal-2026.jpg 630w, https:\/\/www.portalalerta.com.br\/wp-content\/uploads\/2026\/01\/veiculo-apreendido-em-Ribeira-do-Pombal-2026-304x240.jpg 304w\" sizes=\"(max-width: 630px) 100vw, 630px\" \/><figcaption class=\"wp-element-caption\">Moto foi apreendida durante a\u00e7\u00e3o policial, em Ribeira do Pombal-BA<\/figcaption><\/figure><\/div>\n\n\n<p>Durante as a\u00e7\u00f5es, tamb\u00e9m foram apreendidos<strong>: drogas, diversos aparelhos celulares, r\u00e1dio comunicador, cart\u00f5es magn\u00e9ticos, uma quantia em dinheiro n\u00e3o divulgada, e uma m\u00e1scara.<\/strong><\/p>\n\n\n\n<p>Tanto os criminosos, quanto o material apreendido, foram conduzidos e apresentados na Delegacia de Pol\u00edcia Civil da cidade para a ado\u00e7\u00e3o das medidas cab\u00edveis.<\/p>\n\n\n\n<p><em>Reda\u00e7\u00e3o: Portal Alerta<\/em><\/p>\n","protected":false},"excerpt":{"rendered":"<p>Um crime ocorrido na \u00faltima quinta-feira (22), em Ribeira do Amparo-BA, terminou com a pris\u00e3o assassinos, revela\u00e7\u00e3o de um planejamento de homic\u00eddio, al\u00e9m de uma poss\u00edvel elucida\u00e7\u00e3o de assassinato ocorrido em Ribeira do Pombal-BA.<\/p>\n","protected":false},"author":2,"featured_media":78158,"comment_status":"open","ping_status":"open","sticky":false,"template":"","format":"standard","meta":{"om_disable_all_campaigns":false,"_monsterinsights_skip_tracking":false,"_monsterinsights_sitenote_active":false,"_monsterinsights_sitenote_note":"","_monsterinsights_sitenote_category":0,"footnotes":""},"categories":[8473,70,69,32,3,22],"tags":[100,71,2563,48,75,4178,4180,129,107,137,4181,2074,132,230,169,106,203,120,51,110,109,88,47,367,101,111,190],"class_list":["post-78155","post","type-post","status-publish","format-standard","has-post-thumbnail","hentry","category-destaque","category-destaques","category-noticias2","category-regiao","category-ribeira-do-pombal","category-seguranca","tag-adustina","tag-antas","tag-apreensao-de-arma-de-fogo","tag-araci","tag-cicero-dantas","tag-cipo-2","tag-crisopolis-2","tag-euclides-da-cunha","tag-fatima","tag-fuga","tag-heliopolis-2","tag-homicidios","tag-itapicuru","tag-jeremoabo","tag-morte","tag-nova-soure","tag-novo-triunfo","tag-olindina","tag-paripiranga","tag-presos","tag-quijingue","tag-ribeira-do-amparo","tag-ribeira-do-pombal","tag-roubo","tag-roubo-de-moto","tag-sitio-do-quinto","tag-tucano"],"aioseo_notices":[],"_links":{"self":[{"href":"https:\/\/www.portalalerta.com.br\/index.php\/wp-json\/wp\/v2\/posts\/78155","targetHints":{"allow":["GET"]}}],"collection":[{"href":"https:\/\/www.portalalerta.com.br\/index.php\/wp-json\/wp\/v2\/posts"}],"about":[{"href":"https:\/\/www.portalalerta.com.br\/index.php\/wp-json\/wp\/v2\/types\/post"}],"author":[{"embeddable":true,"href":"https:\/\/www.portalalerta.com.br\/index.php\/wp-json\/wp\/v2\/users\/2"}],"replies":[{"embeddable":true,"href":"https:\/\/www.portalalerta.com.br\/index.php\/wp-json\/wp\/v2\/comments?post=78155"}],"version-history":[{"count":1,"href":"https:\/\/www.portalalerta.com.br\/index.php\/wp-json\/wp\/v2\/posts\/78155\/revisions"}],"predecessor-version":[{"id":78159,"href":"https:\/\/www.portalalerta.com.br\/index.php\/wp-json\/wp\/v2\/posts\/78155\/revisions\/78159"}],"wp:featuredmedia":[{"embeddable":true,"href":"https:\/\/www.portalalerta.com.br\/index.php\/wp-json\/wp\/v2\/media\/78158"}],"wp:attachment":[{"href":"https:\/\/www.portalalerta.com.br\/index.php\/wp-json\/wp\/v2\/media?parent=78155"}],"wp:term":[{"taxonomy":"category","embeddable":true,"href":"https:\/\/www.portalalerta.com.br\/index.php\/wp-json\/wp\/v2\/categories?post=78155"},{"taxonomy":"post_tag","embeddable":true,"href":"https:\/\/www.portalalerta.com.br\/index.php\/wp-json\/wp\/v2\/tags?post=78155"}],"curies":[{"name":"wp","href":"https:\/\/api.w.org\/{rel}","templated":true}]}}