{"id":78162,"date":"2026-01-26T17:07:59","date_gmt":"2026-01-26T20:07:59","guid":{"rendered":"https:\/\/www.portalalerta.com.br\/?p=78162"},"modified":"2026-01-26T17:08:00","modified_gmt":"2026-01-26T20:08:00","slug":"policia-civil-captura-foragido-da-justica-de-adustina-ba-em-alagoas","status":"publish","type":"post","link":"https:\/\/www.portalalerta.com.br\/index.php\/2026\/01\/26\/policia-civil-captura-foragido-da-justica-de-adustina-ba-em-alagoas\/","title":{"rendered":"Pol\u00edcia Civil captura foragido da Justi\u00e7a de Adustina\/BA em Alagoas"},"content":{"rendered":"\n<p>Ap\u00f3s dilig\u00eancias investigativas e troca de informa\u00e7\u00f5es entre as for\u00e7as de seguran\u00e7a da Bahia e de Alagoas, a Pol\u00edcia Civil localizou e prendeu, no munic\u00edpio de Arapiraca\/AL, Fernando de Andrade Silva, de 37 anos, foragido da Justi\u00e7a baiana.<\/p>\n\n\n\n<!--more-->\n\n\n<div class=\"wp-block-image\">\n<figure class=\"alignleft size-large is-resized\"><img fetchpriority=\"high\" decoding=\"async\" width=\"1024\" height=\"1024\" src=\"https:\/\/www.portalalerta.com.br\/wp-content\/uploads\/2024\/04\/autoescola-emprego-1024x1024.jpg\" alt=\"\" class=\"wp-image-55693\" style=\"width:387px;height:auto\" srcset=\"https:\/\/www.portalalerta.com.br\/wp-content\/uploads\/2024\/04\/autoescola-emprego-1024x1024.jpg 1024w, https:\/\/www.portalalerta.com.br\/wp-content\/uploads\/2024\/04\/autoescola-emprego-240x240.jpg 240w, https:\/\/www.portalalerta.com.br\/wp-content\/uploads\/2024\/04\/autoescola-emprego-768x768.jpg 768w, https:\/\/www.portalalerta.com.br\/wp-content\/uploads\/2024\/04\/autoescola-emprego.jpg 1080w\" sizes=\"(max-width: 1024px) 100vw, 1024px\" \/><\/figure><\/div>\n\n\n<p>O suspeito estava em paradeiro ignorado desde 2020, ano em que, juntamente com outro indiv\u00edduo, assassinou um jovem que tentava fugir da persegui\u00e7\u00e3o da dupla em uma motocicleta. A a\u00e7\u00e3o, de car\u00e1ter pontual e semelhante \u00e0 atua\u00e7\u00e3o de mil\u00edcia, ocorreu no munic\u00edpio de Adustina\/BA.<\/p>\n\n\n\n<p>Em 2025, Fernando de Andrade Silva e seu comparsa foram julgados \u00e0 revelia e condenados ao cumprimento de pena em regime fechado, conforme o processo n\u00ba 8000133-71.2021.8.05.0189.<\/p>\n\n\n\n<p>Ap\u00f3s a captura, o preso foi encaminhado ao sistema penitenci\u00e1rio, encontrando-se atualmente recolhido no Centro de Cust\u00f3dia Penal de Alagoas, onde aguarda recambiamento para o estado da Bahia.<\/p>\n\n\n\n<p><em>Fonte: Pol\u00edcia Civil da Bahia<\/em><\/p>\n","protected":false},"excerpt":{"rendered":"<p>Ap\u00f3s dilig\u00eancias investigativas e troca de informa\u00e7\u00f5es entre as for\u00e7as de seguran\u00e7a da Bahia e de Alagoas, a Pol\u00edcia Civil localizou e prendeu, no munic\u00edpio de Arapiraca\/AL, Fernando de Andrade Silva, de 37 anos, foragido da Justi\u00e7a baiana.<\/p>\n","protected":false},"author":2,"featured_media":78163,"comment_status":"open","ping_status":"open","sticky":false,"template":"","format":"standard","meta":{"om_disable_all_campaigns":false,"_monsterinsights_skip_tracking":false,"_monsterinsights_sitenote_active":false,"_monsterinsights_sitenote_note":"","_monsterinsights_sitenote_category":0,"footnotes":""},"categories":[40,34,8473,70,69,32,22],"tags":[100,454,71,48,8563,75,4178,4180,129,107,4181,258,206,132,230,488,106,203,120,51,122,77,109,88,47,111,190],"class_list":["post-78162","post","type-post","status-publish","format-standard","has-post-thumbnail","hentry","category-adustina","category-brasil","category-destaque","category-destaques","category-noticias2","category-regiao","category-seguranca","tag-adustina","tag-alagoas","tag-antas","tag-araci","tag-arapiraca","tag-cicero-dantas","tag-cipo-2","tag-crisopolis-2","tag-euclides-da-cunha","tag-fatima","tag-heliopolis-2","tag-homicida","tag-homicidio","tag-itapicuru","tag-jeremoabo","tag-mandado-de-prisao","tag-nova-soure","tag-novo-triunfo","tag-olindina","tag-paripiranga","tag-policia-civil","tag-preso","tag-quijingue","tag-ribeira-do-amparo","tag-ribeira-do-pombal","tag-sitio-do-quinto","tag-tucano"],"aioseo_notices":[],"_links":{"self":[{"href":"https:\/\/www.portalalerta.com.br\/index.php\/wp-json\/wp\/v2\/posts\/78162","targetHints":{"allow":["GET"]}}],"collection":[{"href":"https:\/\/www.portalalerta.com.br\/index.php\/wp-json\/wp\/v2\/posts"}],"about":[{"href":"https:\/\/www.portalalerta.com.br\/index.php\/wp-json\/wp\/v2\/types\/post"}],"author":[{"embeddable":true,"href":"https:\/\/www.portalalerta.com.br\/index.php\/wp-json\/wp\/v2\/users\/2"}],"replies":[{"embeddable":true,"href":"https:\/\/www.portalalerta.com.br\/index.php\/wp-json\/wp\/v2\/comments?post=78162"}],"version-history":[{"count":1,"href":"https:\/\/www.portalalerta.com.br\/index.php\/wp-json\/wp\/v2\/posts\/78162\/revisions"}],"predecessor-version":[{"id":78164,"href":"https:\/\/www.portalalerta.com.br\/index.php\/wp-json\/wp\/v2\/posts\/78162\/revisions\/78164"}],"wp:featuredmedia":[{"embeddable":true,"href":"https:\/\/www.portalalerta.com.br\/index.php\/wp-json\/wp\/v2\/media\/78163"}],"wp:attachment":[{"href":"https:\/\/www.portalalerta.com.br\/index.php\/wp-json\/wp\/v2\/media?parent=78162"}],"wp:term":[{"taxonomy":"category","embeddable":true,"href":"https:\/\/www.portalalerta.com.br\/index.php\/wp-json\/wp\/v2\/categories?post=78162"},{"taxonomy":"post_tag","embeddable":true,"href":"https:\/\/www.portalalerta.com.br\/index.php\/wp-json\/wp\/v2\/tags?post=78162"}],"curies":[{"name":"wp","href":"https:\/\/api.w.org\/{rel}","templated":true}]}}