{"id":78173,"date":"2026-01-26T18:10:27","date_gmt":"2026-01-26T21:10:27","guid":{"rendered":"https:\/\/www.portalalerta.com.br\/?p=78173"},"modified":"2026-01-27T01:13:10","modified_gmt":"2026-01-27T04:13:10","slug":"final-de-semana-marcado-por-acidentes-e-mortes-na-regiao-nordeste-da-bahia","status":"publish","type":"post","link":"https:\/\/www.portalalerta.com.br\/index.php\/2026\/01\/26\/final-de-semana-marcado-por-acidentes-e-mortes-na-regiao-nordeste-da-bahia\/","title":{"rendered":"Final de Semana marcado por acidentes e mortes na regi\u00e3o nordeste da Bahia"},"content":{"rendered":"\n<p>Quatro acidentes registrados no \u00faltimo final de semana, chamou aten\u00e7\u00e3o de moradores de <strong>Ribeira do Pombal, Tucano, C\u00edcero Dantas, e Coronel Jo\u00e3o S\u00e1.<\/strong><\/p>\n\n\n\n<!--more-->\n\n\n\n<p>O \u00fanico que n\u00e3o teve \u00f3bito, aconteceu na noite do \u00faltimo s\u00e1bado (24), quando o motorista de um carro de dados n\u00e3o informados, colidiu com um poste, no povoado Quixaba, em C\u00edcero Dantas-BA. Com o impacto deu in\u00edcio a um inc\u00eandio na vegeta\u00e7\u00e3o que se espalhou rapidamente pelo ve\u00edculo que foi totalmente destru\u00eddo. Segundo relatos, os ocupantes deixaram o carro \u00e0 tempo, e ningu\u00e9m ficou ferido.<\/p>\n\n\n\n<p><strong>Ribeira do Pombal<\/strong><\/p>\n\n\n<div class=\"wp-block-image\">\n<figure class=\"aligncenter size-full\"><img fetchpriority=\"high\" decoding=\"async\" width=\"248\" height=\"301\" src=\"https:\/\/www.portalalerta.com.br\/wp-content\/uploads\/2026\/01\/acidente-em-Ribeira-do-Pombal-2026.jpg\" alt=\"\" class=\"wp-image-78174\" srcset=\"https:\/\/www.portalalerta.com.br\/wp-content\/uploads\/2026\/01\/acidente-em-Ribeira-do-Pombal-2026.jpg 248w, https:\/\/www.portalalerta.com.br\/wp-content\/uploads\/2026\/01\/acidente-em-Ribeira-do-Pombal-2026-198x240.jpg 198w\" sizes=\"(max-width: 248px) 100vw, 248px\" \/><\/figure><\/div>\n\n\n<p>Um pouco mais cedo, ainda no s\u00e1bado, um jovem de 23 anos, identificado como Jo\u00e3o Vitor Silva Menezes, morador de Ribeira do Pombal-BA, sofreu um grave acidente no povoado Po\u00e7o das Varas, zona rural da cidade.<\/p>\n\n\n\n<p>Na ocasi\u00e3o, Jo\u00e3o Vitor teria chocado a sua moto contra uma estaca de madeira, e com impacto, n\u00e3o resistiu aos ferimentos, tendo o seu \u00f3bito confirmado ainda no local.<\/p>\n\n\n\n<p><strong>Tucano<\/strong><\/p>\n\n\n<div class=\"wp-block-image\">\n<figure class=\"aligncenter size-full\"><img decoding=\"async\" width=\"200\" height=\"247\" src=\"https:\/\/www.portalalerta.com.br\/wp-content\/uploads\/2026\/01\/acidente-em-Tucano-2026.2-.jpg\" alt=\"\" class=\"wp-image-78175\" srcset=\"https:\/\/www.portalalerta.com.br\/wp-content\/uploads\/2026\/01\/acidente-em-Tucano-2026.2-.jpg 200w, https:\/\/www.portalalerta.com.br\/wp-content\/uploads\/2026\/01\/acidente-em-Tucano-2026.2--194x240.jpg 194w\" sizes=\"(max-width: 200px) 100vw, 200px\" \/><\/figure><\/div>\n\n\n<p>Por volta das 20h30 do \u00faltimo s\u00e1bado, policiais miliares da 2\u00aa CIA\/ Tucano, foram informados que no Distrito do Creguenhem a viatura do Samu estaria precisando de um apoio e ao chegar no local foi encontrado um caminh\u00e3o Ca\u00e7amba Ford Cargo tendo uma motocicleta embaixo das ferragens do mesmo. Tamb\u00e9m ao lado foi encontrado o corpo do jovem Anderson Jesus Cabral, 25 anos, j\u00e1 sem os sinais vitais. O caso foi informado ao Departamento de Pol\u00edcia T\u00e9cnica (DPT \u2013 Euclides da Cunha), para a realiza\u00e7\u00e3o da per\u00edcia, bem como a remo\u00e7\u00e3o do corpo para ser autopsiado. As circunst\u00e2ncias do acidente, dever\u00e3o ser investigadas pela Pol\u00edcia Civil local.<\/p>\n\n\n\n<p><strong>Coronel Jo\u00e3o S\u00e1<\/strong><\/p>\n\n\n<div class=\"wp-block-image\">\n<figure class=\"aligncenter size-full\"><img decoding=\"async\" width=\"642\" height=\"785\" src=\"https:\/\/www.portalalerta.com.br\/wp-content\/uploads\/2026\/01\/acidente-em-Coronel-Joao-Sa-2026.jpg\" alt=\"\" class=\"wp-image-78176\" srcset=\"https:\/\/www.portalalerta.com.br\/wp-content\/uploads\/2026\/01\/acidente-em-Coronel-Joao-Sa-2026.jpg 642w, https:\/\/www.portalalerta.com.br\/wp-content\/uploads\/2026\/01\/acidente-em-Coronel-Joao-Sa-2026-196x240.jpg 196w\" sizes=\"(max-width: 642px) 100vw, 642px\" \/><\/figure><\/div>\n\n\n<p>J\u00e1 na tarde do \u00faltimo domingo (25), no povoado Tim\u00f3teo, zona rural do munic\u00edpio de Coronel Jo\u00e3o S\u00e1, foi registrado outro grave acidente. De acordo com informa\u00e7\u00f5es preliminares, um homem identificado como Wallas conduzia uma motocicleta quando perdeu o controle da dire\u00e7\u00e3o ao fazer uma curva e acabou colidindo contra um poste. O impacto foi violento, e a v\u00edtima n\u00e3o resistiu aos ferimentos, vindo a \u00f3bito ainda no local, antes da chegada do socorro.<br><br><em>Reda\u00e7\u00e3o: Portal Alerta<\/em><\/p>\n\n\n\n<p><em>Com informa\u00e7\u00f5es: Bahia Gazeta e Rodrygo Ferraz<\/em><\/p>\n","protected":false},"excerpt":{"rendered":"<p>Quatro acidentes registrados no \u00faltimo final de semana, chamou aten\u00e7\u00e3o de moradores de Ribeira do Pombal, Tucano, C\u00edcero Dantas, e Coronel Jo\u00e3o S\u00e1.<\/p>\n","protected":false},"author":2,"featured_media":78177,"comment_status":"open","ping_status":"open","sticky":false,"template":"","format":"standard","meta":{"om_disable_all_campaigns":false,"_monsterinsights_skip_tracking":false,"_monsterinsights_sitenote_active":false,"_monsterinsights_sitenote_note":"","_monsterinsights_sitenote_category":0,"footnotes":""},"categories":[33,4,8473,70,69,32,3,12],"tags":[5212,100,71,48,75,4178,312,4180,129,107,4181,132,230,439,106,203,120,51,109,88,47,111,190],"class_list":["post-78173","post","type-post","status-publish","format-standard","has-post-thumbnail","hentry","category-bahia","category-cicero-dantas","category-destaque","category-destaques","category-noticias2","category-regiao","category-ribeira-do-pombal","category-tucano","tag-acidentes","tag-adustina","tag-antas","tag-araci","tag-cicero-dantas","tag-cipo-2","tag-coronel-joao-sa","tag-crisopolis-2","tag-euclides-da-cunha","tag-fatima","tag-heliopolis-2","tag-itapicuru","tag-jeremoabo","tag-mortes","tag-nova-soure","tag-novo-triunfo","tag-olindina","tag-paripiranga","tag-quijingue","tag-ribeira-do-amparo","tag-ribeira-do-pombal","tag-sitio-do-quinto","tag-tucano"],"aioseo_notices":[],"_links":{"self":[{"href":"https:\/\/www.portalalerta.com.br\/index.php\/wp-json\/wp\/v2\/posts\/78173","targetHints":{"allow":["GET"]}}],"collection":[{"href":"https:\/\/www.portalalerta.com.br\/index.php\/wp-json\/wp\/v2\/posts"}],"about":[{"href":"https:\/\/www.portalalerta.com.br\/index.php\/wp-json\/wp\/v2\/types\/post"}],"author":[{"embeddable":true,"href":"https:\/\/www.portalalerta.com.br\/index.php\/wp-json\/wp\/v2\/users\/2"}],"replies":[{"embeddable":true,"href":"https:\/\/www.portalalerta.com.br\/index.php\/wp-json\/wp\/v2\/comments?post=78173"}],"version-history":[{"count":2,"href":"https:\/\/www.portalalerta.com.br\/index.php\/wp-json\/wp\/v2\/posts\/78173\/revisions"}],"predecessor-version":[{"id":78180,"href":"https:\/\/www.portalalerta.com.br\/index.php\/wp-json\/wp\/v2\/posts\/78173\/revisions\/78180"}],"wp:featuredmedia":[{"embeddable":true,"href":"https:\/\/www.portalalerta.com.br\/index.php\/wp-json\/wp\/v2\/media\/78177"}],"wp:attachment":[{"href":"https:\/\/www.portalalerta.com.br\/index.php\/wp-json\/wp\/v2\/media?parent=78173"}],"wp:term":[{"taxonomy":"category","embeddable":true,"href":"https:\/\/www.portalalerta.com.br\/index.php\/wp-json\/wp\/v2\/categories?post=78173"},{"taxonomy":"post_tag","embeddable":true,"href":"https:\/\/www.portalalerta.com.br\/index.php\/wp-json\/wp\/v2\/tags?post=78173"}],"curies":[{"name":"wp","href":"https:\/\/api.w.org\/{rel}","templated":true}]}}