{"id":78187,"date":"2026-01-27T19:01:29","date_gmt":"2026-01-27T22:01:29","guid":{"rendered":"https:\/\/www.portalalerta.com.br\/?p=78187"},"modified":"2026-01-27T19:01:30","modified_gmt":"2026-01-27T22:01:30","slug":"estados-aprovam-fim-da-baliza-para-obtencao-da-cnh-saiba-quais-aderiram-a-medida","status":"publish","type":"post","link":"https:\/\/www.portalalerta.com.br\/index.php\/2026\/01\/27\/estados-aprovam-fim-da-baliza-para-obtencao-da-cnh-saiba-quais-aderiram-a-medida\/","title":{"rendered":"Estados aprovam fim da baliza para obten\u00e7\u00e3o da CNH; saiba quais aderiram \u00e0 medida"},"content":{"rendered":"\n<p>Flexibiliza\u00e7\u00e3o antecipa resolu\u00e7\u00e3o do Contran que prev\u00ea cria\u00e7\u00e3o de manual para padronizar exames pr\u00e1ticos de dire\u00e7\u00e3o em todo o pa\u00eds<\/p>\n\n\n\n<!--more-->\n\n\n\n<p><strong>Santa Catarina efetuou mudan\u00e7as no processo, mas n\u00e3o deu detalhes sobre como ficar\u00e1 etapa da baliza<\/strong>Antonio Cruz\/Ag\u00eancia Brasil &#8211; Arquivo<\/p>\n\n\n\n<p>S\u00e3o Paulo e ao menos outros tr\u00eas estados aprovaram mudan\u00e7as no processo para obten\u00e7\u00e3o da\u00a0<strong>CNH (Carteira Nacional de Habilita\u00e7\u00e3o)<\/strong>; entre elas, o fim da baliza como etapa obrigat\u00f3ria no exame pr\u00e1tico.<\/p>\n\n\n\n<p>A altera\u00e7\u00e3o antecipa uma resolu\u00e7\u00e3o do\u00a0Contran (Conselho Nacional de Tr\u00e2nsito), que prev\u00ea a cria\u00e7\u00e3o do Manual Brasileiro de Exames de Dire\u00e7\u00e3o Veicular, para padronizar as provas em todo o pa\u00eds.<\/p>\n\n\n\n<p>At\u00e9 o momento, a medida foi adotada em S\u00e3o Paulo, em Mato Grosso do Sul, no Amazonas e no Esp\u00edrito Santo.<\/p>\n\n\n\n<p><strong>Estado a estado<\/strong><\/p>\n\n\n\n<p>Em S\u00e3o Paulo, por exemplo, as atualiza\u00e7\u00f5es envolvem n\u00e3o s\u00f3 a retirada definitiva da etapa da baliza, como tamb\u00e9m a possibilidade de efetuar a prova em ve\u00edculos com c\u00e2mbio autom\u00e1tico.<\/p>\n\n\n<div class=\"wp-block-image\">\n<figure class=\"alignleft size-large is-resized\"><img fetchpriority=\"high\" decoding=\"async\" width=\"819\" height=\"1024\" src=\"https:\/\/www.portalalerta.com.br\/wp-content\/uploads\/2026\/01\/Volta-as-aulas-Real-Calcados-2026-819x1024.jpg\" alt=\"\" class=\"wp-image-78035\" style=\"width:451px;height:auto\" srcset=\"https:\/\/www.portalalerta.com.br\/wp-content\/uploads\/2026\/01\/Volta-as-aulas-Real-Calcados-2026-819x1024.jpg 819w, https:\/\/www.portalalerta.com.br\/wp-content\/uploads\/2026\/01\/Volta-as-aulas-Real-Calcados-2026-192x240.jpg 192w, https:\/\/www.portalalerta.com.br\/wp-content\/uploads\/2026\/01\/Volta-as-aulas-Real-Calcados-2026-768x960.jpg 768w, https:\/\/www.portalalerta.com.br\/wp-content\/uploads\/2026\/01\/Volta-as-aulas-Real-Calcados-2026.jpg 1024w\" sizes=\"(max-width: 819px) 100vw, 819px\" \/><\/figure><\/div>\n\n\n<p>Assim, o exame passa a concentrar a avalia\u00e7\u00e3o na etapa de circula\u00e7\u00e3o, segundo o governo do estado. O trajeto do exame pr\u00e1tico, por\u00e9m, segue inalterado e focado em aspectos como convers\u00f5es \u00e0 direita e \u00e0 esquerda; uso correto da seta; e parada em local permitido.<\/p>\n\n\n\n<p>Em Mato Grosso do Sul, ainda ficou estabelecido que o candidato poder\u00e1 poder perder at\u00e9 10 pontos no percurso, com a classifica\u00e7\u00e3o dos erros alinhada \u00e0s infra\u00e7\u00f5es previstas no\u00a0CTB (C\u00f3digo de Tr\u00e2nsito Brasileiro).<\/p>\n\n\n\n<p>O Detran-MS (Departamento de Tr\u00e2nsito do estado) detalhou que o exame pr\u00e1tico passar\u00e1 a ocorrer exclusivamente em percurso, sob acompanhamento de examinador.<\/p>\n\n\n\n<p>Pelas m\u00eddias sociais, o Detran-ES comunicou que as mudan\u00e7as est\u00e3o em fase de ado\u00e7\u00e3o no estado capixaba: \u201cEm \u00e2mbito estadual, o \u00f3rg\u00e3o retirou a exig\u00eancia das etapas de baliza e ladeira das provas, e o sistema de pontua\u00e7\u00e3o j\u00e1 est\u00e1 adequado\u201c.<\/p>\n\n\n\n<p><strong>Santa Catarina<\/strong><\/p>\n\n\n\n<p>O estado efetuou mudan\u00e7as no processo de obten\u00e7\u00e3o da CNH, mas n\u00e3o deu detalhes sobre o fim da baliza.<\/p>\n\n\n\n<p>Nas aulas pr\u00e1ticas, a carga hor\u00e1ria m\u00ednima de aulas pr\u00e1ticas exigida para as categorias A e B foi reduzida para duas horas; no caso de acr\u00e9scimo de modalidade, o total \u00e9 de 10 horas-aula; e, para ACC, a carga foi ajustada para zero.<\/p>\n\n\n\n<p>Tamb\u00e9m foram simplificados os procedimentos para finaliza\u00e7\u00e3o do curso pr\u00e1tico e autorizado o uso de ve\u00edculos com c\u00e2mbio autom\u00e1tico nos cursos e exames.<\/p>\n\n\n\n<p><em>Fonte: R7<\/em><\/p>\n","protected":false},"excerpt":{"rendered":"<p>Flexibiliza\u00e7\u00e3o antecipa resolu\u00e7\u00e3o do Contran que prev\u00ea cria\u00e7\u00e3o de manual para padronizar exames pr\u00e1ticos de dire\u00e7\u00e3o em todo o pa\u00eds<\/p>\n","protected":false},"author":2,"featured_media":78188,"comment_status":"open","ping_status":"open","sticky":false,"template":"","format":"standard","meta":{"om_disable_all_campaigns":false,"_monsterinsights_skip_tracking":false,"_monsterinsights_sitenote_active":false,"_monsterinsights_sitenote_note":"","_monsterinsights_sitenote_category":0,"footnotes":""},"categories":[34,8473,70,69],"tags":[100,71,48,8564,93,75,4178,461,4180,129,107,4181,132,230,106,203,120,51,109,88,47,111,190],"class_list":["post-78187","post","type-post","status-publish","format-standard","has-post-thumbnail","hentry","category-brasil","category-destaque","category-destaques","category-noticias2","tag-adustina","tag-antas","tag-araci","tag-baliza","tag-brasil","tag-cicero-dantas","tag-cipo-2","tag-cnh","tag-crisopolis-2","tag-euclides-da-cunha","tag-fatima","tag-heliopolis-2","tag-itapicuru","tag-jeremoabo","tag-nova-soure","tag-novo-triunfo","tag-olindina","tag-paripiranga","tag-quijingue","tag-ribeira-do-amparo","tag-ribeira-do-pombal","tag-sitio-do-quinto","tag-tucano"],"aioseo_notices":[],"_links":{"self":[{"href":"https:\/\/www.portalalerta.com.br\/index.php\/wp-json\/wp\/v2\/posts\/78187","targetHints":{"allow":["GET"]}}],"collection":[{"href":"https:\/\/www.portalalerta.com.br\/index.php\/wp-json\/wp\/v2\/posts"}],"about":[{"href":"https:\/\/www.portalalerta.com.br\/index.php\/wp-json\/wp\/v2\/types\/post"}],"author":[{"embeddable":true,"href":"https:\/\/www.portalalerta.com.br\/index.php\/wp-json\/wp\/v2\/users\/2"}],"replies":[{"embeddable":true,"href":"https:\/\/www.portalalerta.com.br\/index.php\/wp-json\/wp\/v2\/comments?post=78187"}],"version-history":[{"count":1,"href":"https:\/\/www.portalalerta.com.br\/index.php\/wp-json\/wp\/v2\/posts\/78187\/revisions"}],"predecessor-version":[{"id":78189,"href":"https:\/\/www.portalalerta.com.br\/index.php\/wp-json\/wp\/v2\/posts\/78187\/revisions\/78189"}],"wp:featuredmedia":[{"embeddable":true,"href":"https:\/\/www.portalalerta.com.br\/index.php\/wp-json\/wp\/v2\/media\/78188"}],"wp:attachment":[{"href":"https:\/\/www.portalalerta.com.br\/index.php\/wp-json\/wp\/v2\/media?parent=78187"}],"wp:term":[{"taxonomy":"category","embeddable":true,"href":"https:\/\/www.portalalerta.com.br\/index.php\/wp-json\/wp\/v2\/categories?post=78187"},{"taxonomy":"post_tag","embeddable":true,"href":"https:\/\/www.portalalerta.com.br\/index.php\/wp-json\/wp\/v2\/tags?post=78187"}],"curies":[{"name":"wp","href":"https:\/\/api.w.org\/{rel}","templated":true}]}}