{"id":78192,"date":"2026-01-27T19:18:55","date_gmt":"2026-01-27T22:18:55","guid":{"rendered":"https:\/\/www.portalalerta.com.br\/?p=78192"},"modified":"2026-01-27T19:18:57","modified_gmt":"2026-01-27T22:18:57","slug":"nomes-ligados-ao-banco-master-e-brb-depoem-no-stf-nesta-terca-feira-27","status":"publish","type":"post","link":"https:\/\/www.portalalerta.com.br\/index.php\/2026\/01\/27\/nomes-ligados-ao-banco-master-e-brb-depoem-no-stf-nesta-terca-feira-27\/","title":{"rendered":"Nomes ligados ao Banco Master e BRB dep\u00f5em no STF nesta ter\u00e7a-feira (27)"},"content":{"rendered":"\n<p>Os depoimentos t\u00eam sido conduzidos pela PF. Para esta ter\u00e7a-feira, est\u00e1 programada a oitiva de quatro nomes<\/p>\n\n\n\n<!--more-->\n\n\n\n<p>O STF (Supremo Tribunal Federal) d\u00e1\u00a0seguimento \u00e0 tomada de depoimentos no \u00e2mbito da investiga\u00e7\u00e3o\u00a0que apura suposta\u00a0fraude no Banco Master. Devem depor, nesta ter\u00e7a-feira (27), quatro nomes ligados ao banco\u00a0e ao\u00a0BRB\u00a0(Banco Regional de Bras\u00edlia).<\/p>\n\n\n\n<p>Na segunda-feira (26), foram ouvidos D\u00e1rio Oswaldo Garcia Junior, diretor executivo Financeiro e de Administra\u00e7\u00e3o do BRB, e Alberto Felix de Oliveira Neto, superintendente-executivo de tesouraria do Master. Os depoimentos foram conduzidos pela PF (Pol\u00edcia Federal).<\/p>\n\n\n\n<p>Para esta ter\u00e7a-feira, est\u00e1 programada a&nbsp;oitiva presencial&nbsp;de Rob\u00e9rio Cesar Bonfim Mangueira, superintendente de opera\u00e7\u00f5es financeiras do BRB; Luiz Antonio Bull, ex-diretor de riscos, compliance, RH e tecnologia do Master; e Augusto Ferreira Lima, ex-s\u00f3cio do Master.<\/p>\n\n\n\n<p>A PF ainda espera ouvir, \u00e0 dist\u00e2ncia, Angelo Antonio Ribeiro da Silva, s\u00f3cio do Banco Master.<\/p>\n\n\n\n<p>Como mostrou a\u00a0CNN,\u00a0na segunda, apenas D\u00e1rio Oswaldo Garcia Junior, diretor executivo Financeiro e de Administra\u00e7\u00e3o do BRB, falou. O superintendente-executivo de tesouraria do Master, Alberto Felix de Oliveira Neto, permaneceu em sil\u00eancio durante todo o depoimento.<\/p>\n\n\n\n<p>J\u00e1 Henrique Souza e Silva Peretto e Andr\u00e9 Felipe de Oliveira Seixas Maia, ambos executivos da Tirreno, empresa investigada no esquema, deixaram de ir ao tribunal e\u00a0devem ter o depoimento remarcado. A defesa argumentou que eles tiveram pouco tempo para analisar o processo e, por isso, n\u00e3o conseguiu prepar\u00e1-los para os questionamentos da delegada.<\/p>\n\n\n\n<p>Os depoimentos ser\u00e3o colhidos em apenas dois dias, ap\u00f3s Toffoli reduzir o prazo pedido pela PF. Essa decis\u00e3o representou um novo desgaste na rela\u00e7\u00e3o institucional com a corpora\u00e7\u00e3o. O ministro tem demonstrado desconfian\u00e7a com a atua\u00e7\u00e3o da PF no \u00e2mbito da investiga\u00e7\u00e3o.<\/p>\n\n\n\n<p>As oitivas fazem parte da investiga\u00e7\u00e3o da Pol\u00edcia Federal que, no prazo de 60 dias, se n\u00e3o houver pedido de adiamento, dever\u00e1 entregar um relat\u00f3rio com as provas colhidas e nomes indiciados.<\/p>\n\n\n\n<p>Conforme mostrou a\u00a0CNN,\u00a0Toffoli j\u00e1 avalia devolver a investiga\u00e7\u00e3o para a primeira inst\u00e2ncia da Justi\u00e7a, onde o caso tramitava at\u00e9 o final do ano passado. O processo s\u00f3 chegou ao STF e \u00e0s m\u00e3os do ministro por causa do suposto envolvimento do deputado nas fraudes, j\u00e1 que ele possui foro privilegiado.<\/p>\n\n\n\n<p>Desde dezembro, ordens do ministro t\u00eam gerado inc\u00f4modo na Pol\u00edcia Federal e nos pr\u00f3prios integrantes do STF, que passaram a discutir nos bastidores maneiras de evitar maiores desgastes \u00e0 imagem da Corte.<\/p>\n\n\n\n<p><em>Fonte: CNN<\/em><\/p>\n","protected":false},"excerpt":{"rendered":"<p>Os depoimentos t\u00eam sido conduzidos pela PF. Para esta ter\u00e7a-feira, est\u00e1 programada a oitiva de quatro nomes<\/p>\n","protected":false},"author":2,"featured_media":77227,"comment_status":"open","ping_status":"open","sticky":false,"template":"","format":"standard","meta":{"om_disable_all_campaigns":false,"_monsterinsights_skip_tracking":false,"_monsterinsights_sitenote_active":false,"_monsterinsights_sitenote_note":"","_monsterinsights_sitenote_category":0,"footnotes":""},"categories":[34,8473,69],"tags":[100,71,48,8472,93,75,4178,4180,129,107,4181,132,230,106,203,120,51,109,88,47,111,216,190],"class_list":["post-78192","post","type-post","status-publish","format-standard","has-post-thumbnail","hentry","category-brasil","category-destaque","category-noticias2","tag-adustina","tag-antas","tag-araci","tag-banco-master","tag-brasil","tag-cicero-dantas","tag-cipo-2","tag-crisopolis-2","tag-euclides-da-cunha","tag-fatima","tag-heliopolis-2","tag-itapicuru","tag-jeremoabo","tag-nova-soure","tag-novo-triunfo","tag-olindina","tag-paripiranga","tag-quijingue","tag-ribeira-do-amparo","tag-ribeira-do-pombal","tag-sitio-do-quinto","tag-stf","tag-tucano"],"aioseo_notices":[],"_links":{"self":[{"href":"https:\/\/www.portalalerta.com.br\/index.php\/wp-json\/wp\/v2\/posts\/78192","targetHints":{"allow":["GET"]}}],"collection":[{"href":"https:\/\/www.portalalerta.com.br\/index.php\/wp-json\/wp\/v2\/posts"}],"about":[{"href":"https:\/\/www.portalalerta.com.br\/index.php\/wp-json\/wp\/v2\/types\/post"}],"author":[{"embeddable":true,"href":"https:\/\/www.portalalerta.com.br\/index.php\/wp-json\/wp\/v2\/users\/2"}],"replies":[{"embeddable":true,"href":"https:\/\/www.portalalerta.com.br\/index.php\/wp-json\/wp\/v2\/comments?post=78192"}],"version-history":[{"count":1,"href":"https:\/\/www.portalalerta.com.br\/index.php\/wp-json\/wp\/v2\/posts\/78192\/revisions"}],"predecessor-version":[{"id":78193,"href":"https:\/\/www.portalalerta.com.br\/index.php\/wp-json\/wp\/v2\/posts\/78192\/revisions\/78193"}],"wp:featuredmedia":[{"embeddable":true,"href":"https:\/\/www.portalalerta.com.br\/index.php\/wp-json\/wp\/v2\/media\/77227"}],"wp:attachment":[{"href":"https:\/\/www.portalalerta.com.br\/index.php\/wp-json\/wp\/v2\/media?parent=78192"}],"wp:term":[{"taxonomy":"category","embeddable":true,"href":"https:\/\/www.portalalerta.com.br\/index.php\/wp-json\/wp\/v2\/categories?post=78192"},{"taxonomy":"post_tag","embeddable":true,"href":"https:\/\/www.portalalerta.com.br\/index.php\/wp-json\/wp\/v2\/tags?post=78192"}],"curies":[{"name":"wp","href":"https:\/\/api.w.org\/{rel}","templated":true}]}}