{"id":78194,"date":"2026-01-28T15:57:15","date_gmt":"2026-01-28T18:57:15","guid":{"rendered":"https:\/\/www.portalalerta.com.br\/?p=78194"},"modified":"2026-01-28T15:57:16","modified_gmt":"2026-01-28T18:57:16","slug":"caiado-deixa-o-uniao-brasil-e-filiacao-ao-psd-redesenha-cenario-eleitoral-de-2026","status":"publish","type":"post","link":"https:\/\/www.portalalerta.com.br\/index.php\/2026\/01\/28\/caiado-deixa-o-uniao-brasil-e-filiacao-ao-psd-redesenha-cenario-eleitoral-de-2026\/","title":{"rendered":"Caiado deixa o Uni\u00e3o Brasil e filia\u00e7\u00e3o ao PSD redesenha cen\u00e1rio eleitoral de 2026"},"content":{"rendered":"\n<p>Sa\u00edda do governador de Goi\u00e1s embaralha palanques estaduais e refor\u00e7a articula\u00e7\u00e3o de uma alternativa de centro-direita no p\u00f3s-bolsonarismo<\/p>\n\n\n\n<!--more-->\n\n\n\n<p>O an\u00fancio do governador de Goi\u00e1s, Ronaldo Caiado, de que deixar\u00e1 o Uni\u00e3o Brasil para se filiar ao PSD, comandado por Gilberto Kassab, passou a reorganizar as articula\u00e7\u00f5es eleitorais para 2026. A movimenta\u00e7\u00e3o impacta a montagem dos palanques estaduais e fortalece a tentativa de constru\u00e7\u00e3o de um projeto de centro-direita fora da \u00f3rbita do bolsonarismo.<\/p>\n\n\n<div class=\"wp-block-image\">\n<figure class=\"alignleft size-large is-resized\"><img fetchpriority=\"high\" decoding=\"async\" width=\"1024\" height=\"1024\" src=\"https:\/\/www.portalalerta.com.br\/wp-content\/uploads\/2024\/04\/autoescola-emprego-1024x1024.jpg\" alt=\"\" class=\"wp-image-55693\" style=\"width:437px;height:auto\" srcset=\"https:\/\/www.portalalerta.com.br\/wp-content\/uploads\/2024\/04\/autoescola-emprego-1024x1024.jpg 1024w, https:\/\/www.portalalerta.com.br\/wp-content\/uploads\/2024\/04\/autoescola-emprego-240x240.jpg 240w, https:\/\/www.portalalerta.com.br\/wp-content\/uploads\/2024\/04\/autoescola-emprego-768x768.jpg 768w, https:\/\/www.portalalerta.com.br\/wp-content\/uploads\/2024\/04\/autoescola-emprego.jpg 1080w\" sizes=\"(max-width: 1024px) 100vw, 1024px\" \/><\/figure><\/div>\n\n\n<p>Segundo lideran\u00e7as partid\u00e1rias, o objetivo central do PSD \u00e9 se apresentar como uma alternativa vi\u00e1vel ao eleitorado conservador e liberal sem a lideran\u00e7a direta de Jair Bolsonaro, mirando um cen\u00e1rio de p\u00f3s-bolsonarismo.&nbsp;<\/p>\n\n\n\n<p>Com a filia\u00e7\u00e3o, Caiado passa a integrar um trio de governadores do PSD formado tamb\u00e9m por Ratinho J\u00fanior, do Paran\u00e1, e Eduardo Leite, do Rio Grande do Sul. Pelo desenho atual, a expectativa \u00e9 que um dos tr\u00eas seja escolhido para liderar a chapa presidencial da sigla em 2026, enquanto os demais atuariam como fiadores pol\u00edticos do projeto.<\/p>\n\n\n\n<p><strong>Nota do Uni\u00e3o Brasil<\/strong><\/p>\n\n\n\n<p>A sa\u00edda de Caiado do Uni\u00e3o Brasil foi recebida de forma institucional pelo partido. Em nota, o partido afirmou respeitar a decis\u00e3o do governador e destacou sua trajet\u00f3ria p\u00fablica e contribui\u00e7\u00e3o para a pol\u00edtica nacional e para a consolida\u00e7\u00e3o da sigla. A desfilia\u00e7\u00e3o ocorre ap\u00f3s resist\u00eancias internas do Uni\u00e3o Brasil em confirmar uma candidatura pr\u00f3pria \u00e0 Presid\u00eancia, j\u00e1 que a federa\u00e7\u00e3o formada com o Progressistas (PP) trabalha com a estrat\u00e9gia de integrar um arranjo mais amplo da oposi\u00e7\u00e3o, e n\u00e3o lan\u00e7ar um nome isolado.<\/p>\n\n\n\n<p>&#8220;A pol\u00edtica \u00e9 feita de ciclos, escolhas e converg\u00eancias. Desejamos ao governador sucesso na nova etapa, com votos de boa sorte nos desafios que se apresentam&#8221;, diz a nota.<\/p>\n\n\n\n<p>Antes de oficializar a mudan\u00e7a, Caiado informou a c\u00fapula do partido sobre sua decis\u00e3o de buscar outra legenda. O governador avaliou que, diante das limita\u00e7\u00f5es internas do Uni\u00e3o Brasil, seria necess\u00e1rio encontrar um novo caminho partid\u00e1rio para viabilizar seu projeto nacional.<\/p>\n\n\n\n<p>&#8220;Sua contribui\u00e7\u00e3o ao debate p\u00fablico nacional e \u00e0 pol\u00edtica brasileira \u00e9 ineg\u00e1vel, assim como sua participa\u00e7\u00e3o na hist\u00f3ria e na constru\u00e7\u00e3o do Uni\u00e3o Brasil, especialmente no fortalecimento da legenda nos estados&#8221;, diz outro trecho.<br>Ao anunciar a filia\u00e7\u00e3o, o presidente do PSD, Gilberto Kassab, afirmou que os governadores passam a atuar de forma conjunta na constru\u00e7\u00e3o de uma candidatura presidencial capaz de apresentar um projeto de futuro para o pa\u00eds. Internamente, Ratinho J\u00fanior \u00e9 apontado como favorito para liderar a chapa, mas Kassab mant\u00e9m o discurso de que a defini\u00e7\u00e3o ser\u00e1 fruto de consenso e constru\u00e7\u00e3o coletiva dentro do partido.<\/p>\n\n\n\n<p><em>Fonte: Metro1<\/em><\/p>\n","protected":false},"excerpt":{"rendered":"<p>Sa\u00edda do governador de Goi\u00e1s embaralha palanques estaduais e refor\u00e7a articula\u00e7\u00e3o de uma alternativa de centro-direita no p\u00f3s-bolsonarismo<\/p>\n","protected":false},"author":2,"featured_media":55094,"comment_status":"open","ping_status":"open","sticky":false,"template":"","format":"standard","meta":{"om_disable_all_campaigns":false,"_monsterinsights_skip_tracking":false,"_monsterinsights_sitenote_active":false,"_monsterinsights_sitenote_note":"","_monsterinsights_sitenote_category":0,"footnotes":""},"categories":[34,8473,69,21],"tags":[100,71,48,93,75,4178,4180,6038,129,107,4181,132,230,106,203,120,51,961,109,88,47,6762,111,190,4967],"class_list":["post-78194","post","type-post","status-publish","format-standard","has-post-thumbnail","hentry","category-brasil","category-destaque","category-noticias2","category-politica","tag-adustina","tag-antas","tag-araci","tag-brasil","tag-cicero-dantas","tag-cipo-2","tag-crisopolis-2","tag-eleicoes-2026","tag-euclides-da-cunha","tag-fatima","tag-heliopolis-2","tag-itapicuru","tag-jeremoabo","tag-nova-soure","tag-novo-triunfo","tag-olindina","tag-paripiranga","tag-psd","tag-quijingue","tag-ribeira-do-amparo","tag-ribeira-do-pombal","tag-ronaldo-caiado","tag-sitio-do-quinto","tag-tucano","tag-uniao-brasil"],"aioseo_notices":[],"_links":{"self":[{"href":"https:\/\/www.portalalerta.com.br\/index.php\/wp-json\/wp\/v2\/posts\/78194","targetHints":{"allow":["GET"]}}],"collection":[{"href":"https:\/\/www.portalalerta.com.br\/index.php\/wp-json\/wp\/v2\/posts"}],"about":[{"href":"https:\/\/www.portalalerta.com.br\/index.php\/wp-json\/wp\/v2\/types\/post"}],"author":[{"embeddable":true,"href":"https:\/\/www.portalalerta.com.br\/index.php\/wp-json\/wp\/v2\/users\/2"}],"replies":[{"embeddable":true,"href":"https:\/\/www.portalalerta.com.br\/index.php\/wp-json\/wp\/v2\/comments?post=78194"}],"version-history":[{"count":1,"href":"https:\/\/www.portalalerta.com.br\/index.php\/wp-json\/wp\/v2\/posts\/78194\/revisions"}],"predecessor-version":[{"id":78195,"href":"https:\/\/www.portalalerta.com.br\/index.php\/wp-json\/wp\/v2\/posts\/78194\/revisions\/78195"}],"wp:featuredmedia":[{"embeddable":true,"href":"https:\/\/www.portalalerta.com.br\/index.php\/wp-json\/wp\/v2\/media\/55094"}],"wp:attachment":[{"href":"https:\/\/www.portalalerta.com.br\/index.php\/wp-json\/wp\/v2\/media?parent=78194"}],"wp:term":[{"taxonomy":"category","embeddable":true,"href":"https:\/\/www.portalalerta.com.br\/index.php\/wp-json\/wp\/v2\/categories?post=78194"},{"taxonomy":"post_tag","embeddable":true,"href":"https:\/\/www.portalalerta.com.br\/index.php\/wp-json\/wp\/v2\/tags?post=78194"}],"curies":[{"name":"wp","href":"https:\/\/api.w.org\/{rel}","templated":true}]}}