{"id":78214,"date":"2026-01-29T15:42:15","date_gmt":"2026-01-29T18:42:15","guid":{"rendered":"https:\/\/www.portalalerta.com.br\/?p=78214"},"modified":"2026-01-29T15:42:17","modified_gmt":"2026-01-29T18:42:17","slug":"banco-central-abre-investigacao-interna-para-apurar-caso-master","status":"publish","type":"post","link":"https:\/\/www.portalalerta.com.br\/index.php\/2026\/01\/29\/banco-central-abre-investigacao-interna-para-apurar-caso-master\/","title":{"rendered":"Banco Central abre investiga\u00e7\u00e3o interna para apurar caso Master"},"content":{"rendered":"\n<p>Decis\u00e3o, tomada&nbsp;pelo presidente do \u00f3rg\u00e3o, Gabriel Gal\u00edpolo, est\u00e1 sendo conduzido pela corregedoria do autoridade monet\u00e1ria<\/p>\n\n\n\n<!--more-->\n\n\n<div class=\"wp-block-image\">\n<figure class=\"alignleft size-large is-resized\"><img fetchpriority=\"high\" decoding=\"async\" width=\"819\" height=\"1024\" src=\"https:\/\/www.portalalerta.com.br\/wp-content\/uploads\/2026\/01\/Volta-as-aulas-Real-Calcados-2026-819x1024.jpg\" alt=\"\" class=\"wp-image-78035\" style=\"width:461px;height:auto\" srcset=\"https:\/\/www.portalalerta.com.br\/wp-content\/uploads\/2026\/01\/Volta-as-aulas-Real-Calcados-2026-819x1024.jpg 819w, https:\/\/www.portalalerta.com.br\/wp-content\/uploads\/2026\/01\/Volta-as-aulas-Real-Calcados-2026-192x240.jpg 192w, https:\/\/www.portalalerta.com.br\/wp-content\/uploads\/2026\/01\/Volta-as-aulas-Real-Calcados-2026-768x960.jpg 768w, https:\/\/www.portalalerta.com.br\/wp-content\/uploads\/2026\/01\/Volta-as-aulas-Real-Calcados-2026.jpg 1024w\" sizes=\"(max-width: 819px) 100vw, 819px\" \/><\/figure><\/div>\n\n\n<p><strong>O Banco Central abriu um processo interno para apurar o crescimento acelerado e a posterior\u00a0<\/strong>liquida\u00e7\u00e3o do Banco Master<strong>.<\/strong>\u00a0A decis\u00e3o, tomada\u00a0pelo presidente do \u00f3rg\u00e3o, Gabriel Gal\u00edpolo,\u00a0<strong>est\u00e1 sendo conduzido pela corregedoria do autoridade monet\u00e1ria.<\/strong><\/p>\n\n\n\n<p><strong>O ex-diretor de Fiscaliza\u00e7\u00e3o do banco Paulo S\u00e9rgio Neves de Souza, que comandou a diretoria de 2019 a 2023, foi afastado do cargo,<\/strong>&nbsp;por decis\u00e3o de Gal\u00edpolo, uma semana depois da liquida\u00e7\u00e3o, e depois pediu para sair do cargo.<\/p>\n\n\n\n<p>O mesmo ocorreu com o chefe do departamento de Supervis\u00e3o Banc\u00e1ria. Belline Santana. N\u00e3o h\u00e1 acusa\u00e7\u00e3o, contudo, contra os servidores. A informa\u00e7\u00e3o foi divulgada pelo jornal&nbsp;<em>O Globo<\/em>&nbsp;e confirmada pelo Estad\u00e3o.<\/p>\n\n\n\n<p><strong>N\u00e3o h\u00e1 prazo para o fim da investiga\u00e7\u00e3o por parte da corregedoria, que tem autonomia para conduzir o caso<\/strong>. O objetivo da medida \u00e9 tentar entender o que aconteceu com o Master, e como o Banco Central pode refor\u00e7ar a sua governan\u00e7a interna de fiscaliza\u00e7\u00e3o.<\/p>\n\n\n\n<p><em>Fonte: Band<\/em><\/p>\n","protected":false},"excerpt":{"rendered":"<p>Decis\u00e3o, tomada&nbsp;pelo presidente do \u00f3rg\u00e3o, Gabriel Gal\u00edpolo, est\u00e1 sendo conduzido pela corregedoria do autoridade monet\u00e1ria<\/p>\n","protected":false},"author":2,"featured_media":68453,"comment_status":"open","ping_status":"open","sticky":false,"template":"","format":"standard","meta":{"om_disable_all_campaigns":false,"_monsterinsights_skip_tracking":false,"_monsterinsights_sitenote_active":false,"_monsterinsights_sitenote_note":"","_monsterinsights_sitenote_category":0,"footnotes":""},"categories":[34,8473,69],"tags":[100,71,48,1486,8472,93,75,4178,4180,129,107,4181,298,132,230,106,203,120,51,109,88,47,111,190],"class_list":["post-78214","post","type-post","status-publish","format-standard","has-post-thumbnail","hentry","category-brasil","category-destaque","category-noticias2","tag-adustina","tag-antas","tag-araci","tag-banco-central","tag-banco-master","tag-brasil","tag-cicero-dantas","tag-cipo-2","tag-crisopolis-2","tag-euclides-da-cunha","tag-fatima","tag-heliopolis-2","tag-investigacao","tag-itapicuru","tag-jeremoabo","tag-nova-soure","tag-novo-triunfo","tag-olindina","tag-paripiranga","tag-quijingue","tag-ribeira-do-amparo","tag-ribeira-do-pombal","tag-sitio-do-quinto","tag-tucano"],"aioseo_notices":[],"_links":{"self":[{"href":"https:\/\/www.portalalerta.com.br\/index.php\/wp-json\/wp\/v2\/posts\/78214","targetHints":{"allow":["GET"]}}],"collection":[{"href":"https:\/\/www.portalalerta.com.br\/index.php\/wp-json\/wp\/v2\/posts"}],"about":[{"href":"https:\/\/www.portalalerta.com.br\/index.php\/wp-json\/wp\/v2\/types\/post"}],"author":[{"embeddable":true,"href":"https:\/\/www.portalalerta.com.br\/index.php\/wp-json\/wp\/v2\/users\/2"}],"replies":[{"embeddable":true,"href":"https:\/\/www.portalalerta.com.br\/index.php\/wp-json\/wp\/v2\/comments?post=78214"}],"version-history":[{"count":1,"href":"https:\/\/www.portalalerta.com.br\/index.php\/wp-json\/wp\/v2\/posts\/78214\/revisions"}],"predecessor-version":[{"id":78215,"href":"https:\/\/www.portalalerta.com.br\/index.php\/wp-json\/wp\/v2\/posts\/78214\/revisions\/78215"}],"wp:featuredmedia":[{"embeddable":true,"href":"https:\/\/www.portalalerta.com.br\/index.php\/wp-json\/wp\/v2\/media\/68453"}],"wp:attachment":[{"href":"https:\/\/www.portalalerta.com.br\/index.php\/wp-json\/wp\/v2\/media?parent=78214"}],"wp:term":[{"taxonomy":"category","embeddable":true,"href":"https:\/\/www.portalalerta.com.br\/index.php\/wp-json\/wp\/v2\/categories?post=78214"},{"taxonomy":"post_tag","embeddable":true,"href":"https:\/\/www.portalalerta.com.br\/index.php\/wp-json\/wp\/v2\/tags?post=78214"}],"curies":[{"name":"wp","href":"https:\/\/api.w.org\/{rel}","templated":true}]}}