{"id":78221,"date":"2026-01-30T15:45:05","date_gmt":"2026-01-30T18:45:05","guid":{"rendered":"https:\/\/www.portalalerta.com.br\/?p=78221"},"modified":"2026-01-30T15:45:06","modified_gmt":"2026-01-30T18:45:06","slug":"desemprego-ate-dezembro-cai-a-51-e-2025-tem-melhor-resultado-desde-2012","status":"publish","type":"post","link":"https:\/\/www.portalalerta.com.br\/index.php\/2026\/01\/30\/desemprego-ate-dezembro-cai-a-51-e-2025-tem-melhor-resultado-desde-2012\/","title":{"rendered":"Desemprego at\u00e9 dezembro cai a 5,1% e 2025 tem melhor resultado desde 2012"},"content":{"rendered":"\n<p>Dados s\u00e3o da Pnad Cont\u00ednua (Pesquisa Nacional por Amostra de Domic\u00edlios), divulgada nesta sexta-feira (30) pelo Instituto Brasileiro de Geografia e Estat\u00edstica (IBGE)<\/p>\n\n\n\n<!--more-->\n\n\n\n<p>A&nbsp;<strong>taxa de desemprego no Brasil<\/strong>&nbsp;voltou a cair e fechou o trimestre encerrado em dezembro em 5,1%, n\u00edvel mais baixo da s\u00e9rie hist\u00f3rica iniciada em 2012, quando foi de 8,0%.&nbsp;<\/p>\n\n\n\n<p>Os dados s\u00e3o da<strong>&nbsp;Pnad Cont\u00ednua (Pesquisa Nacional por Amostra de Domic\u00edlios), divulgada nesta sexta-feira<\/strong>&nbsp;(30) pelo Instituto Brasileiro de Geografia e Estat\u00edstica (IBGE).<\/p>\n\n\n\n<p>Com o resultado de dezembro, a<strong>&nbsp;taxa anual do indicador de desemprego caiu de 6,6%, em 2024, para 5,6%, em 2025, patamar mais baixo desde 2012.&nbsp;&nbsp;<\/strong><\/p>\n\n\n\n<p><strong><em>&#8220;Importante registrar que a queda da desocupa\u00e7\u00e3o n\u00e3o foi provocada por aumento da subutiliza\u00e7\u00e3o da for\u00e7a de trabalho ou do desalento, reduzindo a press\u00e3o por trabalho. A trajet\u00f3ria de queda da taxa de desocupa\u00e7\u00e3o em 2025 foi sustentada pela expans\u00e3o da ocupa\u00e7\u00e3o, principalmente nas atividades de servi\u00e7os&#8221;<\/em><\/strong>, destaca a coordenadora de Pesquisas por Amostra de Domic\u00edlios do IBGE, Adriana Beringuy.<\/p>\n\n\n\n<p><strong>J\u00e1 a popula\u00e7\u00e3o ocupada em 2025 foi recorde na s\u00e9rie hist\u00f3rica, com 103 milh\u00f5es de pessoas, frente a 101,3 milh\u00f5es em 2024. Em 2012, o valor era de 89,3 milh\u00f5es<\/strong>. Outro indicador para se ver a qualidade do mercado de trabalho, o valor anual do n\u00edvel de ocupa\u00e7\u00e3o (percentual ocupados na popula\u00e7\u00e3o em idade de trabalhar) tamb\u00e9m foi recorde da s\u00e9rie em 2025 (59,1%), enquanto em 2024 era de 58,6% e em 2012 era de 58,1%.<\/p>\n\n\n\n<p><strong>O valor do rendimento m\u00e9dio real habitual das pessoas ocupadas foi estimado em R$ 3.560, um aumento de 5,7%<\/strong>&nbsp;(ou R$ 192) na compara\u00e7\u00e3o com 2024. Na s\u00e9rie hist\u00f3rica da pesquisa, desde 2012, o menor resultado havia sido em 2022 (R$ 3.032).&nbsp;<\/p>\n\n\n\n<p><strong>J\u00e1 o valor anual da massa de rendimento real habitual chegou a R$ 361,7 bilh\u00f5es, em 2025,<\/strong>&nbsp;o maior da s\u00e9rie, com alta de 7,5% (mais R$ 25,4 bilh\u00f5es) em rela\u00e7\u00e3o a 2024.&nbsp;<\/p>\n\n\n\n<p><strong><em>&#8220;Setorialmente, as atividades que mais expandiram a ocupa\u00e7\u00e3o foram as de Informa\u00e7\u00e3o, comunica\u00e7\u00e3o e atividades financeiras, imobili\u00e1rias, profissionais e administrativas, como tamb\u00e9m o grupamento formado pela Administra\u00e7\u00e3o p\u00fablica, defesa, educa\u00e7\u00e3o, sa\u00fade humana, seguridade social e servi\u00e7os sociais. Essas atividades concentram contingentes de trabalhadores mais escolarizados, com v\u00ednculos mais formalizados e rendimentos mais altos, contribuindo para a expans\u00e3o do rendimento m\u00e9dio da popula\u00e7\u00e3o ocupada\u201d<\/em><\/strong> ressaltou Adriana Beringuy.<\/p>\n\n\n\n<p><em>Fonte: Band<\/em><\/p>\n","protected":false},"excerpt":{"rendered":"<p>Dados s\u00e3o da Pnad Cont\u00ednua (Pesquisa Nacional por Amostra de Domic\u00edlios), divulgada nesta sexta-feira (30) pelo Instituto Brasileiro de Geografia e Estat\u00edstica (IBGE)<\/p>\n","protected":false},"author":2,"featured_media":32379,"comment_status":"open","ping_status":"open","sticky":false,"template":"","format":"standard","meta":{"om_disable_all_campaigns":false,"_monsterinsights_skip_tracking":false,"_monsterinsights_sitenote_active":false,"_monsterinsights_sitenote_note":"","_monsterinsights_sitenote_category":0,"footnotes":""},"categories":[34,8473,70,69],"tags":[100,71,48,93,75,4178,4180,793,129,107,4181,132,230,106,203,120,51,109,88,47,111],"class_list":["post-78221","post","type-post","status-publish","format-standard","has-post-thumbnail","hentry","category-brasil","category-destaque","category-destaques","category-noticias2","tag-adustina","tag-antas","tag-araci","tag-brasil","tag-cicero-dantas","tag-cipo-2","tag-crisopolis-2","tag-desemprego","tag-euclides-da-cunha","tag-fatima","tag-heliopolis-2","tag-itapicuru","tag-jeremoabo","tag-nova-soure","tag-novo-triunfo","tag-olindina","tag-paripiranga","tag-quijingue","tag-ribeira-do-amparo","tag-ribeira-do-pombal","tag-sitio-do-quinto"],"aioseo_notices":[],"_links":{"self":[{"href":"https:\/\/www.portalalerta.com.br\/index.php\/wp-json\/wp\/v2\/posts\/78221","targetHints":{"allow":["GET"]}}],"collection":[{"href":"https:\/\/www.portalalerta.com.br\/index.php\/wp-json\/wp\/v2\/posts"}],"about":[{"href":"https:\/\/www.portalalerta.com.br\/index.php\/wp-json\/wp\/v2\/types\/post"}],"author":[{"embeddable":true,"href":"https:\/\/www.portalalerta.com.br\/index.php\/wp-json\/wp\/v2\/users\/2"}],"replies":[{"embeddable":true,"href":"https:\/\/www.portalalerta.com.br\/index.php\/wp-json\/wp\/v2\/comments?post=78221"}],"version-history":[{"count":2,"href":"https:\/\/www.portalalerta.com.br\/index.php\/wp-json\/wp\/v2\/posts\/78221\/revisions"}],"predecessor-version":[{"id":78223,"href":"https:\/\/www.portalalerta.com.br\/index.php\/wp-json\/wp\/v2\/posts\/78221\/revisions\/78223"}],"wp:featuredmedia":[{"embeddable":true,"href":"https:\/\/www.portalalerta.com.br\/index.php\/wp-json\/wp\/v2\/media\/32379"}],"wp:attachment":[{"href":"https:\/\/www.portalalerta.com.br\/index.php\/wp-json\/wp\/v2\/media?parent=78221"}],"wp:term":[{"taxonomy":"category","embeddable":true,"href":"https:\/\/www.portalalerta.com.br\/index.php\/wp-json\/wp\/v2\/categories?post=78221"},{"taxonomy":"post_tag","embeddable":true,"href":"https:\/\/www.portalalerta.com.br\/index.php\/wp-json\/wp\/v2\/tags?post=78221"}],"curies":[{"name":"wp","href":"https:\/\/api.w.org\/{rel}","templated":true}]}}