{"id":78226,"date":"2026-01-30T17:18:18","date_gmt":"2026-01-30T20:18:18","guid":{"rendered":"https:\/\/www.portalalerta.com.br\/?p=78226"},"modified":"2026-01-30T17:18:19","modified_gmt":"2026-01-30T20:18:19","slug":"ribeira-do-pombal-ba-aumentou-em-16-o-numero-de-homicidios-em-2025-em-relacao-ao-ano-anterior-confira-a-mancha-criminal","status":"publish","type":"post","link":"https:\/\/www.portalalerta.com.br\/index.php\/2026\/01\/30\/ribeira-do-pombal-ba-aumentou-em-16-o-numero-de-homicidios-em-2025-em-relacao-ao-ano-anterior-confira-a-mancha-criminal\/","title":{"rendered":"Ribeira do Pombal-BA aumentou em 16% o n\u00famero de homic\u00eddios em 2025, em rela\u00e7\u00e3o ao ano anterior. Confira a mancha Criminal!"},"content":{"rendered":"\n<p>Em 2025, Ribeira do Pombal-BA registrou sete homic\u00eddios, um a mais que no ano anterior, um aumento de 16%.<\/p>\n\n\n\n<!--more-->\n\n\n<div class=\"wp-block-image\">\n<figure class=\"alignleft size-large is-resized\"><img fetchpriority=\"high\" decoding=\"async\" width=\"819\" height=\"1024\" src=\"https:\/\/www.portalalerta.com.br\/wp-content\/uploads\/2026\/01\/Volta-as-aulas-Real-Calcados-2026-819x1024.jpg\" alt=\"\" class=\"wp-image-78035\" style=\"width:412px;height:auto\" srcset=\"https:\/\/www.portalalerta.com.br\/wp-content\/uploads\/2026\/01\/Volta-as-aulas-Real-Calcados-2026-819x1024.jpg 819w, https:\/\/www.portalalerta.com.br\/wp-content\/uploads\/2026\/01\/Volta-as-aulas-Real-Calcados-2026-192x240.jpg 192w, https:\/\/www.portalalerta.com.br\/wp-content\/uploads\/2026\/01\/Volta-as-aulas-Real-Calcados-2026-768x960.jpg 768w, https:\/\/www.portalalerta.com.br\/wp-content\/uploads\/2026\/01\/Volta-as-aulas-Real-Calcados-2026.jpg 1024w\" sizes=\"(max-width: 819px) 100vw, 819px\" \/><\/figure><\/div>\n\n\n<p>Atualmente Ribeira do Pombal \u00e9 habitada por 56.316 pessoas, de acordo com o \u00faltimo levantamento do IBGE. Desta forma, analisando em propor\u00e7\u00e3o, ficou com uma m\u00e9dia de 12 homic\u00eddios para cada 100.000 habitantes. 57% dos crimes aconteceram na sede do munic\u00edpio, e 71% dos casos foram cometidos com uso de arma de fogo.<\/p>\n\n\n\n<p>Vale ressaltar que estes dados s\u00e3o baseados em mat\u00e9rias jornal\u00edsticas do site PORTAL ALERTA, n\u00e3o incluindo mortes por interven\u00e7\u00f5es policiais e tentativas de homic\u00eddios que evolu\u00edram a \u00f3bito, o que podem ser contestadas pelas autoridades policiais.<\/p>\n\n\n\n<p><strong>Confira o Mapa:<\/strong><\/p>\n\n\n<div class=\"wp-block-image\">\n<figure class=\"aligncenter size-full\"><img decoding=\"async\" width=\"600\" height=\"402\" src=\"https:\/\/www.portalalerta.com.br\/wp-content\/uploads\/2026\/01\/Mancha-Criminal-de-Ribeira-do-Pombal-2025.jpg\" alt=\"\" class=\"wp-image-78229\" srcset=\"https:\/\/www.portalalerta.com.br\/wp-content\/uploads\/2026\/01\/Mancha-Criminal-de-Ribeira-do-Pombal-2025.jpg 600w, https:\/\/www.portalalerta.com.br\/wp-content\/uploads\/2026\/01\/Mancha-Criminal-de-Ribeira-do-Pombal-2025-358x240.jpg 358w\" sizes=\"(max-width: 600px) 100vw, 600px\" \/><\/figure><\/div>\n\n\n<p><a href=\"https:\/\/www.portalalerta.com.br\/index.php\/2025\/03\/03\/morador-de-ribeira-do-amparo-ba-e-assassinado-a-tiros-em-ribeira-do-pombal-ba-cidade-registra-o-primeiro-homicidio-do-ano\/\"><strong>1 \u2013 Gerson Cosme de Souza, 29 anos, em 02\/03\/2025<\/strong><\/a><strong><\/strong><\/p>\n\n\n\n<p><strong>Local:<\/strong> Povoado Canavieira II<\/p>\n\n\n\n<p><strong>Meio Utilizado:<\/strong> Arma de Fogo<\/p>\n\n\n\n<p><strong>Poss\u00edvel Motiva\u00e7\u00e3o: <\/strong>Desconhecida<\/p>\n\n\n\n<p><a href=\"https:\/\/www.portalalerta.com.br\/index.php\/2025\/03\/11\/jorjao-quebra-pedra-e-assassinado-em-plena-luz-do-dia-no-centro-de-ribeira-do-pombal-ba-este-e-o-segundo-homicidio-do-ano-na-cidade\/\"><strong>2- Jorge Jesus dos Santos (Jorj\u00e3o Quebra Pedra), em 11\/03\/2025<\/strong><\/a><strong><\/strong><\/p>\n\n\n\n<p><strong>Local: <\/strong>Av. Pedro Rodrigues da Concei\u00e7\u00e3o<\/p>\n\n\n\n<p><strong>Meio Utilizado: <\/strong>Arma de Fogo<\/p>\n\n\n\n<p><strong>Poss\u00edvel Motiva\u00e7\u00e3o:<\/strong> Crime Organizado<\/p>\n\n\n\n<p><a href=\"https:\/\/www.portalalerta.com.br\/index.php\/2025\/03\/29\/policia-investiga-morte-de-mulher-encontrada-ferida-por-faca-em-ribeira-do-pombal-ba\/\"><strong>3 \u2013 J\u00e9ssica Aline dos Santos, 28 anos, em 29\/03\/2025<\/strong><\/a><strong><\/strong><\/p>\n\n\n\n<p><strong>Local:<\/strong> BR 110<\/p>\n\n\n\n<p><strong>Meio Utilizado: <\/strong>faca<\/p>\n\n\n\n<p><strong>Poss\u00edvel Motiva\u00e7\u00e3o:<\/strong> roubo<\/p>\n\n\n\n<p><a href=\"https:\/\/www.portalalerta.com.br\/index.php\/2025\/05\/26\/assaltante-de-banco-oriundo-de-ribeira-do-amparo-ba-e-assassinado-a-tiros-em-ribeira-do-pombal-ba\/\"><strong>4 \u2013 Jos\u00e9 Almeida de Jesus, em 26\/05\/2025<\/strong><\/a><strong><\/strong><\/p>\n\n\n\n<p><strong>Local:<\/strong> Av. Deputado Antonio Brito, centro<\/p>\n\n\n\n<p><strong>Meio Utilizado: <\/strong>Arma de Fogo<\/p>\n\n\n\n<p><strong>Poss\u00edvel Motiva\u00e7\u00e3o: <\/strong>Crime Organizado<\/p>\n\n\n\n<p><a href=\"https:\/\/www.portalalerta.com.br\/index.php\/2025\/10\/03\/apos-quatro-meses-ribeira-do-pombal-ba-volta-a-registrar-mais-um-homicidio\/\"><strong>5 \u2013 Anderson Oliveira de Castro (Cavalinho), 03\/10\/2025<\/strong><\/a><strong><\/strong><\/p>\n\n\n\n<p><strong>Local:<\/strong> BR 110, bairro Pombalzinho<\/p>\n\n\n\n<p><strong>Meio Utilizado:<\/strong> Arma de fogo<\/p>\n\n\n\n<p><strong>Poss\u00edvel Motiva\u00e7\u00e3o:<\/strong> Crime Organizado<\/p>\n\n\n\n<p><a href=\"https:\/\/www.portalalerta.com.br\/index.php\/2025\/11\/24\/ribeira-do-pombal-ba-registra-o-sexto-homicidio-do-ano-suspeito-foi-preso\/\"><strong>6 \u2013 Felipe Santos Nascimento (Biro Biro), 23 anos, em 24\/11\/2025<\/strong><\/a><strong><\/strong><\/p>\n\n\n\n<p><strong>Local:<\/strong> Rua Petr\u00f4nio Calasans, bairro Vila Oper\u00e1ria<\/p>\n\n\n\n<p><strong>Meio Utilizado:<\/strong> Desconhecido<\/p>\n\n\n\n<p><strong>Poss\u00edvel Motiva\u00e7\u00e3o:<\/strong> Desconhecida<\/p>\n\n\n\n<p><a href=\"https:\/\/www.portalalerta.com.br\/index.php\/2025\/12\/31\/homem-e-assassinado-dentro-da-propria-casa-em-ribeira-do-pombal-ba\/\"><strong>7 \u2013 Wesley Xavier dos Santos, 38 anos, em 31\/12\/2025<\/strong><\/a><strong><\/strong><\/p>\n\n\n\n<p><strong>Local: <\/strong>Fazenda Diamante<\/p>\n\n\n\n<p><strong>Meio Utilizado: <\/strong>Arma de fogo<\/p>\n\n\n\n<p><strong>Poss\u00edvel Motiva\u00e7\u00e3o:<\/strong> Desconhecida<\/p>\n\n\n\n<p><strong>Confira o gr\u00e1fico comparativo mensal entre 2024 e 2025:<\/strong><\/p>\n\n\n<div class=\"wp-block-image\">\n<figure class=\"aligncenter size-full\"><img decoding=\"async\" width=\"550\" height=\"330\" src=\"https:\/\/www.portalalerta.com.br\/wp-content\/uploads\/2026\/01\/comparativo-mensal-de-homicidios-em-Ribeira-do-Pombal-2024-e-2025.jpg\" alt=\"\" class=\"wp-image-78228\" srcset=\"https:\/\/www.portalalerta.com.br\/wp-content\/uploads\/2026\/01\/comparativo-mensal-de-homicidios-em-Ribeira-do-Pombal-2024-e-2025.jpg 550w, https:\/\/www.portalalerta.com.br\/wp-content\/uploads\/2026\/01\/comparativo-mensal-de-homicidios-em-Ribeira-do-Pombal-2024-e-2025-400x240.jpg 400w\" sizes=\"(max-width: 550px) 100vw, 550px\" \/><\/figure><\/div>\n\n\n<p><em>Reda\u00e7\u00e3o: Porta Alerta<\/em><\/p>\n","protected":false},"excerpt":{"rendered":"<p>Em 2025, Ribeira do Pombal-BA registrou sete homic\u00eddios, um a mais que no ano anterior, um aumento de 16%.<\/p>\n","protected":false},"author":2,"featured_media":3952,"comment_status":"open","ping_status":"open","sticky":false,"template":"","format":"standard","meta":{"om_disable_all_campaigns":false,"_monsterinsights_skip_tracking":false,"_monsterinsights_sitenote_active":false,"_monsterinsights_sitenote_note":"","_monsterinsights_sitenote_category":0,"footnotes":""},"categories":[8473,70,69,32,3,22],"tags":[7902,100,71,48,75,4178,4180,129,107,4181,2074,132,230,439,106,203,120,51,109,88,47,111,190],"class_list":["post-78226","post","type-post","status-publish","format-standard","has-post-thumbnail","hentry","category-destaque","category-destaques","category-noticias2","category-regiao","category-ribeira-do-pombal","category-seguranca","tag-7902","tag-adustina","tag-antas","tag-araci","tag-cicero-dantas","tag-cipo-2","tag-crisopolis-2","tag-euclides-da-cunha","tag-fatima","tag-heliopolis-2","tag-homicidios","tag-itapicuru","tag-jeremoabo","tag-mortes","tag-nova-soure","tag-novo-triunfo","tag-olindina","tag-paripiranga","tag-quijingue","tag-ribeira-do-amparo","tag-ribeira-do-pombal","tag-sitio-do-quinto","tag-tucano"],"aioseo_notices":[],"_links":{"self":[{"href":"https:\/\/www.portalalerta.com.br\/index.php\/wp-json\/wp\/v2\/posts\/78226","targetHints":{"allow":["GET"]}}],"collection":[{"href":"https:\/\/www.portalalerta.com.br\/index.php\/wp-json\/wp\/v2\/posts"}],"about":[{"href":"https:\/\/www.portalalerta.com.br\/index.php\/wp-json\/wp\/v2\/types\/post"}],"author":[{"embeddable":true,"href":"https:\/\/www.portalalerta.com.br\/index.php\/wp-json\/wp\/v2\/users\/2"}],"replies":[{"embeddable":true,"href":"https:\/\/www.portalalerta.com.br\/index.php\/wp-json\/wp\/v2\/comments?post=78226"}],"version-history":[{"count":1,"href":"https:\/\/www.portalalerta.com.br\/index.php\/wp-json\/wp\/v2\/posts\/78226\/revisions"}],"predecessor-version":[{"id":78230,"href":"https:\/\/www.portalalerta.com.br\/index.php\/wp-json\/wp\/v2\/posts\/78226\/revisions\/78230"}],"wp:featuredmedia":[{"embeddable":true,"href":"https:\/\/www.portalalerta.com.br\/index.php\/wp-json\/wp\/v2\/media\/3952"}],"wp:attachment":[{"href":"https:\/\/www.portalalerta.com.br\/index.php\/wp-json\/wp\/v2\/media?parent=78226"}],"wp:term":[{"taxonomy":"category","embeddable":true,"href":"https:\/\/www.portalalerta.com.br\/index.php\/wp-json\/wp\/v2\/categories?post=78226"},{"taxonomy":"post_tag","embeddable":true,"href":"https:\/\/www.portalalerta.com.br\/index.php\/wp-json\/wp\/v2\/tags?post=78226"}],"curies":[{"name":"wp","href":"https:\/\/api.w.org\/{rel}","templated":true}]}}