{"id":7882,"date":"2018-06-06T15:13:09","date_gmt":"2018-06-06T18:13:09","guid":{"rendered":"http:\/\/www.portalalerta.com.br\/?p=7882"},"modified":"2018-06-06T15:17:54","modified_gmt":"2018-06-06T18:17:54","slug":"suspeito-de-matar-caminhoneiro-com-uma-pedrada-na-cabeca-em-vilhena-ro-e-identificado","status":"publish","type":"post","link":"https:\/\/www.portalalerta.com.br\/index.php\/2018\/06\/06\/suspeito-de-matar-caminhoneiro-com-uma-pedrada-na-cabeca-em-vilhena-ro-e-identificado\/","title":{"rendered":"Suspeito de matar caminhoneiro com uma pedrada na cabe\u00e7a em Vilhena, RO, \u00e9 identificado"},"content":{"rendered":"<p style=\"text-align: justify;\">Jos\u00e9 Batistela foi morto pr\u00f3ximo a ponto de manifesta\u00e7\u00e3o na BR-364. Esposa do suspeito confirmou a participa\u00e7\u00e3o do marido no crime.<!--more--><\/p>\n<p style=\"text-align: justify;\">O suspeito de\u00a0<a href=\"http:\/\/www.portalalerta.com.br\/index.php\/2018\/05\/31\/caminhoneiro-morre-apos-ser-atingido-por-pedrada-na-cabeca-em-br\/\"><strong>matar o caminhoneiro Jos\u00e9 Batistela com uma pedrada\u00a0<\/strong><\/a>pr\u00f3ximo a um ponto de manifesta\u00e7\u00e3o na BR-364, no dia 30 de maio, em Vilhena (RO), no Cone Sul, foi identificado pela Pol\u00edcia Civil. Segundo a equipe de investiga\u00e7\u00e3o, a participa\u00e7\u00e3o de Willians Maciel Dias, de 32 anos, foi confirmada por duas testemunhas.<\/p>\n<p style=\"text-align: justify;\">De acordo com a pol\u00edcia, o\u00a0suspeito \u00e9 morador de Vilhena\u00a0e estava no carro com outras duas pessoas quando arremessou a pedra de cerca de 1 kg, do lado contr\u00e1rio da pista em que estava o caminhoneiro.<\/p>\n<figure id=\"attachment_7883\" aria-describedby=\"caption-attachment-7883\" style=\"width: 350px\" class=\"wp-caption aligncenter\"><img fetchpriority=\"high\" decoding=\"async\" class=\"wp-image-7883 size-full\" src=\"http:\/\/www.portalalerta.com.br\/wp-content\/uploads\/2018\/06\/Willians-Maciel-Dias.jpg\" alt=\"\" width=\"350\" height=\"500\" srcset=\"https:\/\/www.portalalerta.com.br\/wp-content\/uploads\/2018\/06\/Willians-Maciel-Dias.jpg 350w, https:\/\/www.portalalerta.com.br\/wp-content\/uploads\/2018\/06\/Willians-Maciel-Dias-168x240.jpg 168w, https:\/\/www.portalalerta.com.br\/wp-content\/uploads\/2018\/06\/Willians-Maciel-Dias-102x146.jpg 102w, https:\/\/www.portalalerta.com.br\/wp-content\/uploads\/2018\/06\/Willians-Maciel-Dias-35x50.jpg 35w, https:\/\/www.portalalerta.com.br\/wp-content\/uploads\/2018\/06\/Willians-Maciel-Dias-53x75.jpg 53w\" sizes=\"(max-width: 350px) 100vw, 350px\" \/><figcaption id=\"caption-attachment-7883\" class=\"wp-caption-text\">Willians Maciel Dias, suspeito de matar caminhoneiro a pedrada (Foto: Pol\u00edcia Civil\/ Divulga\u00e7\u00e3o)<\/figcaption><\/figure>\n<p style=\"text-align: justify;\">Duas testemunhas confirmaram a participa\u00e7\u00e3o do suspeito, sendo uma delas a esposa do homem. A investiga\u00e7\u00e3o aponta que o ve\u00edculo utilizado no momento do crime \u00e9 do pr\u00f3prio suspeito. O carro foi apreendido na casa de Willians.<\/p>\n<p style=\"text-align: justify;\"><img decoding=\"async\" class=\"size-thumbnail wp-image-4869 aligncenter\" src=\"http:\/\/www.portalalerta.com.br\/wp-content\/uploads\/2018\/02\/Auto-Escola-Nobre-720x181.jpg\" alt=\"\" width=\"720\" height=\"181\" srcset=\"https:\/\/www.portalalerta.com.br\/wp-content\/uploads\/2018\/02\/Auto-Escola-Nobre.jpg 720w, https:\/\/www.portalalerta.com.br\/wp-content\/uploads\/2018\/02\/Auto-Escola-Nobre-260x65.jpg 260w, https:\/\/www.portalalerta.com.br\/wp-content\/uploads\/2018\/02\/Auto-Escola-Nobre-50x13.jpg 50w, https:\/\/www.portalalerta.com.br\/wp-content\/uploads\/2018\/02\/Auto-Escola-Nobre-150x38.jpg 150w\" sizes=\"(max-width: 720px) 100vw, 720px\" \/>A pol\u00edcia afirma que chegou ao suspeito gra\u00e7as a imagens do sistema de seguran\u00e7a de algumas empresas, sendo uma delas a de um posto de combust\u00edvel. Momentos antes do crime, o carro de Willians teria parado no posto e os tr\u00eas integrantes desceram do carro. Com as imagens, a pol\u00edcia conseguiu identificar o modelo e placa do ve\u00edculo.<\/p>\n<p style=\"text-align: justify;\">Na tarde desta ter\u00e7a-feira (5) foi feito o pedido de pris\u00e3o preventiva do suspeito, e a expectativa \u00e9 que o resultado saia ainda hoje.<\/p>\n<figure id=\"attachment_7884\" aria-describedby=\"caption-attachment-7884\" style=\"width: 500px\" class=\"wp-caption aligncenter\"><img decoding=\"async\" class=\"wp-image-7884 size-full\" src=\"http:\/\/www.portalalerta.com.br\/wp-content\/uploads\/2018\/06\/homicidio-em-Vilhena-RO-2018.1.jpg\" alt=\"\" width=\"500\" height=\"350\" srcset=\"https:\/\/www.portalalerta.com.br\/wp-content\/uploads\/2018\/06\/homicidio-em-Vilhena-RO-2018.1.jpg 500w, https:\/\/www.portalalerta.com.br\/wp-content\/uploads\/2018\/06\/homicidio-em-Vilhena-RO-2018.1-343x240.jpg 343w, https:\/\/www.portalalerta.com.br\/wp-content\/uploads\/2018\/06\/homicidio-em-Vilhena-RO-2018.1-209x146.jpg 209w, https:\/\/www.portalalerta.com.br\/wp-content\/uploads\/2018\/06\/homicidio-em-Vilhena-RO-2018.1-50x35.jpg 50w, https:\/\/www.portalalerta.com.br\/wp-content\/uploads\/2018\/06\/homicidio-em-Vilhena-RO-2018.1-107x75.jpg 107w\" sizes=\"(max-width: 500px) 100vw, 500px\" \/><figcaption id=\"caption-attachment-7884\" class=\"wp-caption-text\">Idoso estava em caminh\u00e3o quando foi atingido por pedra (Foto: Arquivo Pessoal)<\/figcaption><\/figure>\n<p style=\"text-align: justify;\"><strong>Fam\u00edlia<\/strong><\/p>\n<p style=\"text-align: justify;\">A vi\u00fava do caminhoneiro, Margarida Batistela,\u00a0contou em entrevista ao Fant\u00e1stico\u00a0que morava com Jos\u00e9 e os filhos em Jaru (RO), h\u00e1 20 anos. Na \u00faltima semana, o esposo seguia viagem pela BR-364 para levar uma carga de madeira ao munic\u00edpio de Mirassol (MT).<\/p>\n<p style=\"text-align: justify;\">Segundo a vi\u00fava, Jos\u00e9 estava parado h\u00e1 nove dias em Vilhena\u00a0por causa da manifesta\u00e7\u00e3o dos caminhoneiros. Quando ele decidiu seguir viagem, no \u00faltimo dia 30, foi atingido com uma pedrada na cabe\u00e7a e morreu no local.<\/p>\n<p style=\"text-align: justify;\">&#8220;Aquela pedra atingiu ele, acabou com a minha fam\u00edlia, com a minha casa, meu esposo, os sonhos dele, nossos sonhos&#8221;, disse emocionada.<\/p>\n<p style=\"text-align: justify;\"><strong>Ataque<\/strong><\/p>\n<p style=\"text-align: justify;\">Segundo informa\u00e7\u00f5es iniciais da Pol\u00edcia Rodovi\u00e1ria Federal (PRF), o ve\u00edculo de Jos\u00e9 estaria passando pela rodovia, quando uma pessoa em um carro de passeio arremessou a pedra contra o parabrisa, que atravessou o vidro e atingiu a cabe\u00e7a da v\u00edtima. O Corpo de Bombeiros chegou a ir no local, mas a v\u00edtima n\u00e3o resistiu aos ferimentos.<\/p>\n<p style=\"text-align: justify;\"><em>Fonte: G1<\/em><\/p>\n","protected":false},"excerpt":{"rendered":"<p>Jos\u00e9 Batistela foi morto pr\u00f3ximo a ponto de manifesta\u00e7\u00e3o na BR-364. Esposa do suspeito confirmou a participa\u00e7\u00e3o do marido no crime.<\/p>\n","protected":false},"author":2,"featured_media":7885,"comment_status":"closed","ping_status":"open","sticky":false,"template":"","format":"standard","meta":{"om_disable_all_campaigns":false,"_monsterinsights_skip_tracking":false,"_monsterinsights_sitenote_active":false,"_monsterinsights_sitenote_note":"","_monsterinsights_sitenote_category":0,"footnotes":""},"categories":[34,70,69,22],"tags":[93,1175,349,258,206,547,104,1205],"class_list":["post-7882","post","type-post","status-publish","format-standard","has-post-thumbnail","hentry","category-brasil","category-destaques","category-noticias2","category-seguranca","tag-brasil","tag-caminhoneiro","tag-greve","tag-homicida","tag-homicidio","tag-pedrada","tag-policia","tag-vilhena"],"aioseo_notices":[],"_links":{"self":[{"href":"https:\/\/www.portalalerta.com.br\/index.php\/wp-json\/wp\/v2\/posts\/7882","targetHints":{"allow":["GET"]}}],"collection":[{"href":"https:\/\/www.portalalerta.com.br\/index.php\/wp-json\/wp\/v2\/posts"}],"about":[{"href":"https:\/\/www.portalalerta.com.br\/index.php\/wp-json\/wp\/v2\/types\/post"}],"author":[{"embeddable":true,"href":"https:\/\/www.portalalerta.com.br\/index.php\/wp-json\/wp\/v2\/users\/2"}],"replies":[{"embeddable":true,"href":"https:\/\/www.portalalerta.com.br\/index.php\/wp-json\/wp\/v2\/comments?post=7882"}],"version-history":[{"count":0,"href":"https:\/\/www.portalalerta.com.br\/index.php\/wp-json\/wp\/v2\/posts\/7882\/revisions"}],"wp:featuredmedia":[{"embeddable":true,"href":"https:\/\/www.portalalerta.com.br\/index.php\/wp-json\/wp\/v2\/media\/7885"}],"wp:attachment":[{"href":"https:\/\/www.portalalerta.com.br\/index.php\/wp-json\/wp\/v2\/media?parent=7882"}],"wp:term":[{"taxonomy":"category","embeddable":true,"href":"https:\/\/www.portalalerta.com.br\/index.php\/wp-json\/wp\/v2\/categories?post=7882"},{"taxonomy":"post_tag","embeddable":true,"href":"https:\/\/www.portalalerta.com.br\/index.php\/wp-json\/wp\/v2\/tags?post=7882"}],"curies":[{"name":"wp","href":"https:\/\/api.w.org\/{rel}","templated":true}]}}