{"id":78845,"date":"2026-03-09T09:00:00","date_gmt":"2026-03-09T12:00:00","guid":{"rendered":"https:\/\/www.portalalerta.com.br\/?p=78845"},"modified":"2026-03-08T21:24:11","modified_gmt":"2026-03-09T00:24:11","slug":"presidente-da-venezuela-sinaliza-a-trump-interesse-em-relacao-de-longo-prazo","status":"publish","type":"post","link":"https:\/\/www.portalalerta.com.br\/index.php\/2026\/03\/09\/presidente-da-venezuela-sinaliza-a-trump-interesse-em-relacao-de-longo-prazo\/","title":{"rendered":"Presidente da Venezuela sinaliza a Trump interesse em rela\u00e7\u00e3o de longo prazo"},"content":{"rendered":"\n<p>Delcy Rodr\u00edguez defendeu coopera\u00e7\u00e3o baseada no respeito m\u00fatuo e no di\u00e1logo diplom\u00e1tico<\/p>\n\n\n\n<!--more-->\n\n\n\n<p>A l\u00edder interina da Venezuela, Delcy Rodr\u00edguez, afirmou que o governo venezuelano pretende fortalecer as rela\u00e7\u00f5es com os Estados Unidos e construir uma parceria de longo prazo entre os dois pa\u00edses. A declara\u00e7\u00e3o foi feita no s\u00e1bado (7), em uma publica\u00e7\u00e3o nas redes sociais direcionada ao presidente norte-americano, Donald Trump.<\/p>\n\n\n<div class=\"wp-block-image\">\n<figure class=\"alignleft size-large is-resized\"><img fetchpriority=\"high\" decoding=\"async\" width=\"819\" height=\"1024\" src=\"https:\/\/www.portalalerta.com.br\/wp-content\/uploads\/2026\/03\/Marco-Lilas-Real-2026-819x1024.jpg\" alt=\"\" class=\"wp-image-78794\" style=\"width:435px\" srcset=\"https:\/\/www.portalalerta.com.br\/wp-content\/uploads\/2026\/03\/Marco-Lilas-Real-2026-819x1024.jpg 819w, https:\/\/www.portalalerta.com.br\/wp-content\/uploads\/2026\/03\/Marco-Lilas-Real-2026-192x240.jpg 192w, https:\/\/www.portalalerta.com.br\/wp-content\/uploads\/2026\/03\/Marco-Lilas-Real-2026-768x960.jpg 768w, https:\/\/www.portalalerta.com.br\/wp-content\/uploads\/2026\/03\/Marco-Lilas-Real-2026.jpg 1024w\" sizes=\"(max-width: 819px) 100vw, 819px\" \/><\/figure><\/div>\n\n\n<p>Na mensagem, Rodr\u00edguez destacou que Caracas est\u00e1 aberta a desenvolver uma agenda conjunta com Washington baseada em princ\u00edpios como respeito m\u00fatuo, igualdade entre as na\u00e7\u00f5es e cumprimento do direito internacional.<\/p>\n\n\n\n<p>Segundo ela, o objetivo \u00e9 ampliar a coopera\u00e7\u00e3o bilateral e estabelecer iniciativas que possam gerar benef\u00edcios para ambos os pa\u00edses.<\/p>\n\n\n\n<p>A manifesta\u00e7\u00e3o da l\u00edder venezuelana ocorreu no mesmo momento em que Trump participava, na Fl\u00f3rida, de um encontro com l\u00edderes latino-americanos de direita. A reuni\u00e3o teve como foco temas relacionados \u00e0 seguran\u00e7a regional.<\/p>\n\n\n\n<p>Durante o evento, o presidente dos Estados Unidos comentou a situa\u00e7\u00e3o pol\u00edtica da Venezuela e mencionou a colabora\u00e7\u00e3o que seu governo tem mantido com Rodr\u00edguez desde a pris\u00e3o do ex-presidente Nicol\u00e1s Maduro, ocorrida no in\u00edcio deste ano.<\/p>\n\n\n\n<p>Na publica\u00e7\u00e3o, a l\u00edder venezuelana tamb\u00e9m refor\u00e7ou a import\u00e2ncia do di\u00e1logo entre os dois pa\u00edses para lidar com diverg\u00eancias pol\u00edticas e avan\u00e7ar em pontos de interesse comum.<\/p>\n\n\n\n<p>Rodr\u00edguez afirmou que a via diplom\u00e1tica \u00e9 o caminho mais adequado para superar diferen\u00e7as e fortalecer a coopera\u00e7\u00e3o entre Caracas e Washington.<\/p>\n\n\n\n<p><em>Fonte: Metro 1<\/em><\/p>\n","protected":false},"excerpt":{"rendered":"<p>Delcy Rodr\u00edguez defendeu coopera\u00e7\u00e3o baseada no respeito m\u00fatuo e no di\u00e1logo diplom\u00e1tico<\/p>\n","protected":false},"author":2,"featured_media":78001,"comment_status":"open","ping_status":"open","sticky":false,"template":"","format":"standard","meta":{"om_disable_all_campaigns":false,"_monsterinsights_skip_tracking":false,"_monsterinsights_sitenote_active":false,"_monsterinsights_sitenote_note":"","_monsterinsights_sitenote_category":0,"footnotes":""},"categories":[70,35,69,21],"tags":[100,71,48,75,4178,4180,8706,897,327,129,107,4181,132,230,106,203,120,51,109,88,47,111,190,326],"class_list":["post-78845","post","type-post","status-publish","format-standard","has-post-thumbnail","hentry","category-destaques","category-mundo","category-noticias2","category-politica","tag-adustina","tag-antas","tag-araci","tag-cicero-dantas","tag-cipo-2","tag-crisopolis-2","tag-delcy-rodriguez-2","tag-donald-trump","tag-eua","tag-euclides-da-cunha","tag-fatima","tag-heliopolis-2","tag-itapicuru","tag-jeremoabo","tag-nova-soure","tag-novo-triunfo","tag-olindina","tag-paripiranga","tag-quijingue","tag-ribeira-do-amparo","tag-ribeira-do-pombal","tag-sitio-do-quinto","tag-tucano","tag-venezuela"],"aioseo_notices":[],"_links":{"self":[{"href":"https:\/\/www.portalalerta.com.br\/index.php\/wp-json\/wp\/v2\/posts\/78845","targetHints":{"allow":["GET"]}}],"collection":[{"href":"https:\/\/www.portalalerta.com.br\/index.php\/wp-json\/wp\/v2\/posts"}],"about":[{"href":"https:\/\/www.portalalerta.com.br\/index.php\/wp-json\/wp\/v2\/types\/post"}],"author":[{"embeddable":true,"href":"https:\/\/www.portalalerta.com.br\/index.php\/wp-json\/wp\/v2\/users\/2"}],"replies":[{"embeddable":true,"href":"https:\/\/www.portalalerta.com.br\/index.php\/wp-json\/wp\/v2\/comments?post=78845"}],"version-history":[{"count":1,"href":"https:\/\/www.portalalerta.com.br\/index.php\/wp-json\/wp\/v2\/posts\/78845\/revisions"}],"predecessor-version":[{"id":78846,"href":"https:\/\/www.portalalerta.com.br\/index.php\/wp-json\/wp\/v2\/posts\/78845\/revisions\/78846"}],"wp:featuredmedia":[{"embeddable":true,"href":"https:\/\/www.portalalerta.com.br\/index.php\/wp-json\/wp\/v2\/media\/78001"}],"wp:attachment":[{"href":"https:\/\/www.portalalerta.com.br\/index.php\/wp-json\/wp\/v2\/media?parent=78845"}],"wp:term":[{"taxonomy":"category","embeddable":true,"href":"https:\/\/www.portalalerta.com.br\/index.php\/wp-json\/wp\/v2\/categories?post=78845"},{"taxonomy":"post_tag","embeddable":true,"href":"https:\/\/www.portalalerta.com.br\/index.php\/wp-json\/wp\/v2\/tags?post=78845"}],"curies":[{"name":"wp","href":"https:\/\/api.w.org\/{rel}","templated":true}]}}