{"id":78847,"date":"2026-03-09T09:01:00","date_gmt":"2026-03-09T12:01:00","guid":{"rendered":"https:\/\/www.portalalerta.com.br\/?p=78847"},"modified":"2026-03-08T21:31:09","modified_gmt":"2026-03-09T00:31:09","slug":"motorista-e-morto-a-tiros-enquanto-trabalhava-em-aterro-sanitario-de-jeremoabo","status":"publish","type":"post","link":"https:\/\/www.portalalerta.com.br\/index.php\/2026\/03\/09\/motorista-e-morto-a-tiros-enquanto-trabalhava-em-aterro-sanitario-de-jeremoabo\/","title":{"rendered":"Motorista \u00e9 morto a tiros enquanto trabalhava em aterro sanit\u00e1rio de Jeremoabo"},"content":{"rendered":"\n<p><strong>Jos\u00e9 Edinalvo de Carvalho Filho, o &#8220;Pita da Ca\u00e7amba&#8221;, foi assassinado enquanto trabalhava no aterro sanit\u00e1rio de Jeremoabo. Pol\u00edcia Civil investiga a motiva\u00e7\u00e3o do crime.<\/strong><\/p>\n\n\n\n<!--more-->\n\n\n\n<p><strong>Um&nbsp;<a href=\"https:\/\/www.chicosabetudo.com.br\/policia\/homem-e-preso-por-homicidio-e-violencia-domestica-em-novo-triunfo-0226\">homic\u00eddio<\/a>&nbsp;foi registrado na manh\u00e3 desta \u00faltima quarta-feira, 4 de mar\u00e7o, nas depend\u00eancias do aterro sanit\u00e1rio do munic\u00edpio de Jeremoabo, no nordeste baiano. A v\u00edtima foi identificada como Jos\u00e9 Edinalvo de Carvalho Filho, conhecido popularmente como &#8220;Pita da Ca\u00e7amba&#8221;, motorista de uma empresa terceirizada que presta servi\u00e7os \u00e0 Prefeitura local.<\/strong><\/p>\n\n\n\n<p><strong>De acordo com as informa\u00e7\u00f5es preliminares colhidas no local, o crime ocorreu no momento em que o motorista realizava o descarregamento de res\u00edduos no aterro. Testemunhas relataram que dois homens chegaram ao local a bordo de uma motocicleta. Os suspeitos se aproximaram do caminh\u00e3o e efetuaram diversos disparos de arma de fogo contra a v\u00edtima.<\/strong><\/p>\n\n\n<div class=\"wp-block-image\">\n<figure class=\"alignleft size-large is-resized\"><img fetchpriority=\"high\" decoding=\"async\" width=\"819\" height=\"1024\" src=\"https:\/\/www.portalalerta.com.br\/wp-content\/uploads\/2026\/03\/Marco-Lilas-Real-2026-819x1024.jpg\" alt=\"\" class=\"wp-image-78794\" style=\"width:435px\" srcset=\"https:\/\/www.portalalerta.com.br\/wp-content\/uploads\/2026\/03\/Marco-Lilas-Real-2026-819x1024.jpg 819w, https:\/\/www.portalalerta.com.br\/wp-content\/uploads\/2026\/03\/Marco-Lilas-Real-2026-192x240.jpg 192w, https:\/\/www.portalalerta.com.br\/wp-content\/uploads\/2026\/03\/Marco-Lilas-Real-2026-768x960.jpg 768w, https:\/\/www.portalalerta.com.br\/wp-content\/uploads\/2026\/03\/Marco-Lilas-Real-2026.jpg 1024w\" sizes=\"(max-width: 819px) 100vw, 819px\" \/><\/figure><\/div>\n\n\n<p><strong>Devido \u00e0 gravidade dos ferimentos, Jos\u00e9 Edinalvo n\u00e3o resistiu e morreu ainda no local, antes que pudesse receber socorro m\u00e9dico. A a\u00e7\u00e3o foi r\u00e1pida e gerou p\u00e2nico e correria entre os outros trabalhadores que estavam na \u00e1rea no momento dos disparos. Ap\u00f3s o ataque, os autores fugiram na motocicleta tomando rumo ignorado.<\/strong><\/p>\n\n\n\n<p><strong>A Pol\u00edcia Militar foi acionada e isolou a \u00e1rea do crime para preservar as evid\u00eancias at\u00e9 a chegada dos peritos. O Departamento de Pol\u00edcia T\u00e9cnica (DPT) realizou a per\u00edcia no local e removeu o corpo para o Instituto M\u00e9dico Legal (IML) da regi\u00e3o, onde passar\u00e1 por necropsia.<\/strong><\/p>\n\n\n\n<p><strong>At\u00e9 o fechamento desta mat\u00e9ria, n\u00e3o havia informa\u00e7\u00f5es concretas sobre a motiva\u00e7\u00e3o do crime, nem a identifica\u00e7\u00e3o dos suspeitos. O caso ser\u00e1 investigado pela Delegacia Territorial de&nbsp;<a href=\"https:\/\/www.chicosabetudo.com.br\/entretenimento\/influenciadora-divulga-videos-em-que-aparece-sendo-agredida-pelo-ex-0126\">Pol\u00edcia Civil<\/a>&nbsp;de Jeremoabo, que busca levantar pistas que levem \u00e0 autoria e ao esclarecimento das circunst\u00e2ncias do homic\u00eddio.<\/strong><\/p>\n\n\n\n<p><strong>Diante do ocorrido, a Prefeitura Municipal de Jeremoabo, por meio da Secretaria Municipal de Infraestrutura, emitiu uma nota oficial de pesar nas redes sociais.<\/strong><\/p>\n\n\n\n<p><strong>Na nota, a administra\u00e7\u00e3o municipal manifestou &#8220;profundo pesar pelo falecimento&#8221;, destacando que Pita deixou &#8220;sua marca de trabalho, dedica\u00e7\u00e3o e amizade por onde passou&#8221;. A gest\u00e3o solidarizou-se com familiares e amigos, desejando for\u00e7a e conforto diante da perda irrepar\u00e1vel.<\/strong><\/p>\n\n\n\n<p><em>Fonte: Chico sabe tudo<\/em><\/p>\n","protected":false},"excerpt":{"rendered":"<p>Jos\u00e9 Edinalvo de Carvalho Filho, o &#8220;Pita da Ca\u00e7amba&#8221;, foi assassinado enquanto trabalhava no aterro sanit\u00e1rio de Jeremoabo. Pol\u00edcia Civil investiga a motiva\u00e7\u00e3o do crime.<\/p>\n","protected":false},"author":2,"featured_media":78842,"comment_status":"open","ping_status":"open","sticky":false,"template":"","format":"standard","meta":{"om_disable_all_campaigns":false,"_monsterinsights_skip_tracking":false,"_monsterinsights_sitenote_active":false,"_monsterinsights_sitenote_note":"","_monsterinsights_sitenote_category":0,"footnotes":""},"categories":[70,9,69,32,22],"tags":[100,71,48,75,4178,4180,375,129,107,4181,206,132,230,169,106,203,120,51,109,88,47,111,190],"class_list":["post-78847","post","type-post","status-publish","format-standard","has-post-thumbnail","hentry","category-destaques","category-jeremoabo","category-noticias2","category-regiao","category-seguranca","tag-adustina","tag-antas","tag-araci","tag-cicero-dantas","tag-cipo-2","tag-crisopolis-2","tag-disparos-de-arma-de-fogo","tag-euclides-da-cunha","tag-fatima","tag-heliopolis-2","tag-homicidio","tag-itapicuru","tag-jeremoabo","tag-morte","tag-nova-soure","tag-novo-triunfo","tag-olindina","tag-paripiranga","tag-quijingue","tag-ribeira-do-amparo","tag-ribeira-do-pombal","tag-sitio-do-quinto","tag-tucano"],"aioseo_notices":[],"_links":{"self":[{"href":"https:\/\/www.portalalerta.com.br\/index.php\/wp-json\/wp\/v2\/posts\/78847","targetHints":{"allow":["GET"]}}],"collection":[{"href":"https:\/\/www.portalalerta.com.br\/index.php\/wp-json\/wp\/v2\/posts"}],"about":[{"href":"https:\/\/www.portalalerta.com.br\/index.php\/wp-json\/wp\/v2\/types\/post"}],"author":[{"embeddable":true,"href":"https:\/\/www.portalalerta.com.br\/index.php\/wp-json\/wp\/v2\/users\/2"}],"replies":[{"embeddable":true,"href":"https:\/\/www.portalalerta.com.br\/index.php\/wp-json\/wp\/v2\/comments?post=78847"}],"version-history":[{"count":1,"href":"https:\/\/www.portalalerta.com.br\/index.php\/wp-json\/wp\/v2\/posts\/78847\/revisions"}],"predecessor-version":[{"id":78848,"href":"https:\/\/www.portalalerta.com.br\/index.php\/wp-json\/wp\/v2\/posts\/78847\/revisions\/78848"}],"wp:featuredmedia":[{"embeddable":true,"href":"https:\/\/www.portalalerta.com.br\/index.php\/wp-json\/wp\/v2\/media\/78842"}],"wp:attachment":[{"href":"https:\/\/www.portalalerta.com.br\/index.php\/wp-json\/wp\/v2\/media?parent=78847"}],"wp:term":[{"taxonomy":"category","embeddable":true,"href":"https:\/\/www.portalalerta.com.br\/index.php\/wp-json\/wp\/v2\/categories?post=78847"},{"taxonomy":"post_tag","embeddable":true,"href":"https:\/\/www.portalalerta.com.br\/index.php\/wp-json\/wp\/v2\/tags?post=78847"}],"curies":[{"name":"wp","href":"https:\/\/api.w.org\/{rel}","templated":true}]}}