{"id":78849,"date":"2026-03-09T09:02:00","date_gmt":"2026-03-09T12:02:00","guid":{"rendered":"https:\/\/www.portalalerta.com.br\/?p=78849"},"modified":"2026-03-09T09:04:29","modified_gmt":"2026-03-09T12:04:29","slug":"morte-de-sargento-da-pm-em-santaluz-mobiliza-forcas-de-seguranca-e-termina-com-dois-suspeitos-mortos-e-tres-presos-militar-foi-sepultado-neste-domingo","status":"publish","type":"post","link":"https:\/\/www.portalalerta.com.br\/index.php\/2026\/03\/09\/morte-de-sargento-da-pm-em-santaluz-mobiliza-forcas-de-seguranca-e-termina-com-dois-suspeitos-mortos-e-tres-presos-militar-foi-sepultado-neste-domingo\/","title":{"rendered":"Morte de sargento da PM em Santaluz mobiliza for\u00e7as de seguran\u00e7a e termina com dois suspeitos mortos e tr\u00eas presos; militar foi sepultado neste domingo"},"content":{"rendered":"\n<p><strong>O cortejo com o caix\u00e3o seguiu pelas principais ruas e avenidas de Santaluz at\u00e9 chegar ao cemit\u00e9rio onde foi recebido por honras militares<\/strong><\/p>\n\n\n\n<!--more-->\n\n\n\n<p><strong>A morte do sargento da Pol\u00edcia Militar Vagner Carneiro Firmo, 44 anos, ocorrida na manh\u00e3 de s\u00e1bado (7), no munic\u00edpio de Santaluz, desencadeou uma grande mobiliza\u00e7\u00e3o policial na regi\u00e3o sisaleira. O caso teve desdobramentos ao longo do dia, resultando em confronto, mortes de suspeitos, pris\u00f5es e uma opera\u00e7\u00e3o de busca que segue em andamento.<\/strong><\/p>\n\n\n\n<p><strong>Linha do tempo do caso \u2013 S\u00e1bado (7) \u2013 in\u00edcio da manh\u00e3<br>Segundo a Pol\u00edcia Militar da Bahia, o sargento Firmo teria recebido informa\u00e7\u00f5es de que suspeitos estavam utilizando um abrigo improvisado em uma \u00e1rea de matagal situada em uma fazenda pertencente ao sogro do policial, nas proximidades do A\u00e7ude Tapera, na zona rural de Santaluz.<\/strong><\/p>\n\n\n\n<p><strong>Ap\u00f3s tomar conhecimento da situa\u00e7\u00e3o, o militar acionou guarni\u00e7\u00f5es de apoio e se deslocou at\u00e9 o local para averiguar a den\u00fancia.<\/strong><\/p>\n\n\n<div class=\"wp-block-image\">\n<figure class=\"alignleft size-large is-resized\"><img fetchpriority=\"high\" decoding=\"async\" width=\"819\" height=\"1024\" src=\"https:\/\/www.portalalerta.com.br\/wp-content\/uploads\/2026\/03\/Marco-Lilas-Real-2026-819x1024.jpg\" alt=\"\" class=\"wp-image-78794\" style=\"width:435px\" srcset=\"https:\/\/www.portalalerta.com.br\/wp-content\/uploads\/2026\/03\/Marco-Lilas-Real-2026-819x1024.jpg 819w, https:\/\/www.portalalerta.com.br\/wp-content\/uploads\/2026\/03\/Marco-Lilas-Real-2026-192x240.jpg 192w, https:\/\/www.portalalerta.com.br\/wp-content\/uploads\/2026\/03\/Marco-Lilas-Real-2026-768x960.jpg 768w, https:\/\/www.portalalerta.com.br\/wp-content\/uploads\/2026\/03\/Marco-Lilas-Real-2026.jpg 1024w\" sizes=\"(max-width: 819px) 100vw, 819px\" \/><\/figure><\/div>\n\n\n<p><strong>Momento do ataque<br>Antes da chegada das demais equipes, ao se aproximar da \u00e1rea indicada, o sargento foi surpreendido por tr\u00eas homens armados, que efetuaram diversos disparos de arma de fogo. O policial foi atingido e n\u00e3o resistiu aos ferimentos.<\/strong><\/p>\n\n\n\n<p><strong>Opera\u00e7\u00e3o policial na regi\u00e3o<br>Com a confirma\u00e7\u00e3o do crime, equipes do 16\u00ba Batalh\u00e3o de Pol\u00edcia Militar iniciaram imediatamente um cerco nas poss\u00edveis rotas de fuga dos suspeitos e passaram a realizar incurs\u00f5es na \u00e1rea de mata. As buscas contaram ainda com o apoio de uma aeronave do Grupamento A\u00e9reo da Pol\u00edcia Militar da Bahia, que auxiliou no monitoramento da regi\u00e3o.<\/strong><\/p>\n\n\n\n<p><strong>Primeiro confronto<br>Durante as dilig\u00eancias, os policiais localizaram o ponto que estaria sendo utilizado pelo grupo criminoso como local de homizio. Ao perceberem a aproxima\u00e7\u00e3o das equipes, os suspeitos voltaram a atirar contra os policiais, que revidaram. No confronto, um dos suspeitos foi baleado e morreu no local. Com ele, a pol\u00edcia apreendeu uma pistola Taurus modelo 938, calibre .380, com numera\u00e7\u00e3o suprimida, al\u00e9m de carregador e muni\u00e7\u00f5es.<\/strong><\/p>\n\n\n\n<p><strong>Segundo suspeito morto<br>As buscas continuaram e, durante uma varredura na cidade, outro suspeito foi localizado no bairro JK, tamb\u00e9m em Santaluz. Ele foi ferido, chegou a ser socorrido para uma unidade hospitalar, mas n\u00e3o resistiu.<\/strong><\/p>\n\n\n\n<p><strong>Pris\u00f5es e condu\u00e7\u00f5es \u00e0 delegacia<br>Ainda durante as a\u00e7\u00f5es policiais, tr\u00eas suspeitos foram presos por participa\u00e7\u00e3o direta no crime, enquanto outros tr\u00eas foram conduzidos \u00e0 delegacia por ind\u00edcios de envolvimento com o grupo criminoso.<\/strong><\/p>\n\n\n\n<p><strong>De acordo com a Pol\u00edcia Militar, as dilig\u00eancias continuam na regi\u00e3o para localizar todos os envolvidos no assassinato do sargento.<\/strong><\/p>\n\n\n\n<p><strong>A opera\u00e7\u00e3o est\u00e1 sendo acompanhada de perto pela comandante do batalh\u00e3o respons\u00e1vel pela \u00e1rea, tenente coronela Maria Aparecida, que permanece em Santaluz coordenando pessoalmente as a\u00e7\u00f5es.<\/strong><\/p>\n\n\n\n<p><strong>Sepultamento<\/strong><\/p>\n\n\n\n<p><strong>O corpo do sargento Vagner Carneiro Firmo foi sepultado na manh\u00e3 deste domingo (8). O corpo deixou o local do vel\u00f3rio por volta das 09h30 com a presen\u00e7a de um grande p\u00fablico, incluindo dezenas de policiais vinculados ao 16\u00ba Batalh\u00e3o onde o sargento era lotado.<\/strong><\/p>\n\n\n\n<p><strong>Durante a cerim\u00f4nia de despedida, policiais militares prestaram homenagens ao colega. Tamb\u00e9m se manifestaram o comandante do CPR-NE, Coronel PM Daniel Figueiredo, e a comandante do 16\u00ba BPM, Tenente-Coronela PM Maria Aparecida, destacando a trajet\u00f3ria de compromisso, coragem e servi\u00e7o do policial.<\/strong><\/p>\n\n\n\n<p><strong>O momento foi marcado por emo\u00e7\u00e3o, respeito e solidariedade \u00e0 fam\u00edlia enlutada, reafirmando os la\u00e7os de irmandade que unem os integrantes da Pol\u00edcia Militar da Bahia.<\/strong><\/p>\n\n\n\n<p><strong>O cortejo com o caix\u00e3o seguiu pelas principais ruas e avenidas de Santaluz at\u00e9 chegar ao cemit\u00e9rio onde foi recebido por honras militares.<\/strong><\/p>\n\n\n\n<p><strong>Foto reproduzida pelo Calila Noticias a partir do v\u00eddeo de Djradiaista<\/strong><\/p>\n\n\n\n<p><strong>A corpora\u00e7\u00e3o lamentou profundamente a morte do policial, destacando sua trajet\u00f3ria marcada pelo compromisso com a miss\u00e3o de servir e proteger a sociedade baiana.<\/strong><\/p>\n\n\n\n<p><em>Fonte: Calia Not\u00edcias<\/em><\/p>\n","protected":false},"excerpt":{"rendered":"<p>O cortejo com o caix\u00e3o seguiu pelas principais ruas e avenidas de Santaluz at\u00e9 chegar ao cemit\u00e9rio onde foi recebido por honras militares<\/p>\n","protected":false},"author":2,"featured_media":78843,"comment_status":"open","ping_status":"open","sticky":false,"template":"","format":"standard","meta":{"om_disable_all_campaigns":false,"_monsterinsights_skip_tracking":false,"_monsterinsights_sitenote_active":false,"_monsterinsights_sitenote_note":"","_monsterinsights_sitenote_category":0,"footnotes":""},"categories":[33,70,69,22],"tags":[100,71,48,75,4178,178,4180,129,107,4181,206,132,230,169,106,203,120,51,79,109,88,47,111,190],"class_list":["post-78849","post","type-post","status-publish","format-standard","has-post-thumbnail","hentry","category-bahia","category-destaques","category-noticias2","category-seguranca","tag-adustina","tag-antas","tag-araci","tag-cicero-dantas","tag-cipo-2","tag-confronto","tag-crisopolis-2","tag-euclides-da-cunha","tag-fatima","tag-heliopolis-2","tag-homicidio","tag-itapicuru","tag-jeremoabo","tag-morte","tag-nova-soure","tag-novo-triunfo","tag-olindina","tag-paripiranga","tag-policia-militar","tag-quijingue","tag-ribeira-do-amparo","tag-ribeira-do-pombal","tag-sitio-do-quinto","tag-tucano"],"aioseo_notices":[],"_links":{"self":[{"href":"https:\/\/www.portalalerta.com.br\/index.php\/wp-json\/wp\/v2\/posts\/78849","targetHints":{"allow":["GET"]}}],"collection":[{"href":"https:\/\/www.portalalerta.com.br\/index.php\/wp-json\/wp\/v2\/posts"}],"about":[{"href":"https:\/\/www.portalalerta.com.br\/index.php\/wp-json\/wp\/v2\/types\/post"}],"author":[{"embeddable":true,"href":"https:\/\/www.portalalerta.com.br\/index.php\/wp-json\/wp\/v2\/users\/2"}],"replies":[{"embeddable":true,"href":"https:\/\/www.portalalerta.com.br\/index.php\/wp-json\/wp\/v2\/comments?post=78849"}],"version-history":[{"count":1,"href":"https:\/\/www.portalalerta.com.br\/index.php\/wp-json\/wp\/v2\/posts\/78849\/revisions"}],"predecessor-version":[{"id":78850,"href":"https:\/\/www.portalalerta.com.br\/index.php\/wp-json\/wp\/v2\/posts\/78849\/revisions\/78850"}],"wp:featuredmedia":[{"embeddable":true,"href":"https:\/\/www.portalalerta.com.br\/index.php\/wp-json\/wp\/v2\/media\/78843"}],"wp:attachment":[{"href":"https:\/\/www.portalalerta.com.br\/index.php\/wp-json\/wp\/v2\/media?parent=78849"}],"wp:term":[{"taxonomy":"category","embeddable":true,"href":"https:\/\/www.portalalerta.com.br\/index.php\/wp-json\/wp\/v2\/categories?post=78849"},{"taxonomy":"post_tag","embeddable":true,"href":"https:\/\/www.portalalerta.com.br\/index.php\/wp-json\/wp\/v2\/tags?post=78849"}],"curies":[{"name":"wp","href":"https:\/\/api.w.org\/{rel}","templated":true}]}}