{"id":78856,"date":"2026-03-09T16:01:00","date_gmt":"2026-03-09T19:01:00","guid":{"rendered":"https:\/\/www.portalalerta.com.br\/?p=78856"},"modified":"2026-03-09T17:05:55","modified_gmt":"2026-03-09T20:05:55","slug":"homem-morre-apos-ser-atropelado-por-caminhao-na-br-116-em-araci","status":"publish","type":"post","link":"https:\/\/www.portalalerta.com.br\/index.php\/2026\/03\/09\/homem-morre-apos-ser-atropelado-por-caminhao-na-br-116-em-araci\/","title":{"rendered":"Homem morre ap\u00f3s ser atropelado por caminh\u00e3o na BR-116, em Araci-BA"},"content":{"rendered":"\n<p>Um homem morreu ap\u00f3s ser&nbsp;atropelado&nbsp;por um caminh\u00e3o na&nbsp;rodovia&nbsp;BR-116, no trecho da&nbsp;cidade de Araci, na&nbsp;regi\u00e3o sisaleira da Bahia. O caso foi registrado por volta das 16h10 desta quinta-feira, 05 de mar\u00e7o.<\/p>\n\n\n\n<!--more-->\n\n\n<div class=\"wp-block-image\">\n<figure class=\"alignleft size-large is-resized\"><img fetchpriority=\"high\" decoding=\"async\" width=\"819\" height=\"1024\" src=\"https:\/\/www.portalalerta.com.br\/wp-content\/uploads\/2026\/03\/Marco-Lilas-Real-2026-819x1024.jpg\" alt=\"\" class=\"wp-image-78794\" style=\"width:381px;height:auto\" srcset=\"https:\/\/www.portalalerta.com.br\/wp-content\/uploads\/2026\/03\/Marco-Lilas-Real-2026-819x1024.jpg 819w, https:\/\/www.portalalerta.com.br\/wp-content\/uploads\/2026\/03\/Marco-Lilas-Real-2026-192x240.jpg 192w, https:\/\/www.portalalerta.com.br\/wp-content\/uploads\/2026\/03\/Marco-Lilas-Real-2026-768x960.jpg 768w, https:\/\/www.portalalerta.com.br\/wp-content\/uploads\/2026\/03\/Marco-Lilas-Real-2026.jpg 1024w\" sizes=\"(max-width: 819px) 100vw, 819px\" \/><\/figure><\/div>\n\n\n<p>A v\u00edtima morava na Rua Rodolfo Pinheiro, no bairro Coqueiro, tinha 29 anos e foi identificada como&nbsp;<strong>Lucas Souza da Silva Carvalho<\/strong>. Ainda n\u00e3o h\u00e1 detalhes sobre as circunst\u00e2ncias do&nbsp;acidente. O homem morreu no local.<\/p>\n\n\n\n<p>Depois do&nbsp;acidente, o motorista do caminh\u00e3o, tamb\u00e9m de 29 anos, permaneceu no local para prestar informa\u00e7\u00f5es \u00e0 pol\u00edcia sobre o que aconteceu. O caso ser\u00e1 investigado pela&nbsp;Pol\u00edcia Civil, que ainda n\u00e3o divulgou detalhes sobre a din\u00e2mica do atropelamento.<\/p>\n\n\n\n<p>O corpo da v\u00edtima foi encaminhado para o&nbsp;Departamento de Pol\u00edcia T\u00e9cnica de Serrinha, onde passou por necropsia.<\/p>\n\n\n\n<p><em>Fonte: Fique por dentro agora<\/em><\/p>\n\n\n\n<p><em>Com informa\u00e7\u00f5es de: A Voz do Campo<\/em><\/p>\n","protected":false},"excerpt":{"rendered":"<p>Um homem morreu ap\u00f3s ser&nbsp;atropelado&nbsp;por um caminh\u00e3o na&nbsp;rodovia&nbsp;BR-116, no trecho da&nbsp;cidade de Araci, na&nbsp;regi\u00e3o sisaleira da Bahia. O caso foi registrado por volta das 16h10 desta quinta-feira, 05 de mar\u00e7o.<\/p>\n","protected":false},"author":2,"featured_media":78844,"comment_status":"open","ping_status":"open","sticky":false,"template":"","format":"standard","meta":{"om_disable_all_campaigns":false,"_monsterinsights_skip_tracking":false,"_monsterinsights_sitenote_active":false,"_monsterinsights_sitenote_note":"","_monsterinsights_sitenote_category":0,"footnotes":""},"categories":[41,8473,69,32],"tags":[100,71,48,209,289,75,4178,4180,129,107,4181,132,230,169,106,203,120,51,109,88,47,111,190],"class_list":["post-78856","post","type-post","status-publish","format-standard","has-post-thumbnail","hentry","category-araci","category-destaque","category-noticias2","category-regiao","tag-adustina","tag-antas","tag-araci","tag-atropelamento","tag-br-116","tag-cicero-dantas","tag-cipo-2","tag-crisopolis-2","tag-euclides-da-cunha","tag-fatima","tag-heliopolis-2","tag-itapicuru","tag-jeremoabo","tag-morte","tag-nova-soure","tag-novo-triunfo","tag-olindina","tag-paripiranga","tag-quijingue","tag-ribeira-do-amparo","tag-ribeira-do-pombal","tag-sitio-do-quinto","tag-tucano"],"aioseo_notices":[],"_links":{"self":[{"href":"https:\/\/www.portalalerta.com.br\/index.php\/wp-json\/wp\/v2\/posts\/78856","targetHints":{"allow":["GET"]}}],"collection":[{"href":"https:\/\/www.portalalerta.com.br\/index.php\/wp-json\/wp\/v2\/posts"}],"about":[{"href":"https:\/\/www.portalalerta.com.br\/index.php\/wp-json\/wp\/v2\/types\/post"}],"author":[{"embeddable":true,"href":"https:\/\/www.portalalerta.com.br\/index.php\/wp-json\/wp\/v2\/users\/2"}],"replies":[{"embeddable":true,"href":"https:\/\/www.portalalerta.com.br\/index.php\/wp-json\/wp\/v2\/comments?post=78856"}],"version-history":[{"count":2,"href":"https:\/\/www.portalalerta.com.br\/index.php\/wp-json\/wp\/v2\/posts\/78856\/revisions"}],"predecessor-version":[{"id":78864,"href":"https:\/\/www.portalalerta.com.br\/index.php\/wp-json\/wp\/v2\/posts\/78856\/revisions\/78864"}],"wp:featuredmedia":[{"embeddable":true,"href":"https:\/\/www.portalalerta.com.br\/index.php\/wp-json\/wp\/v2\/media\/78844"}],"wp:attachment":[{"href":"https:\/\/www.portalalerta.com.br\/index.php\/wp-json\/wp\/v2\/media?parent=78856"}],"wp:term":[{"taxonomy":"category","embeddable":true,"href":"https:\/\/www.portalalerta.com.br\/index.php\/wp-json\/wp\/v2\/categories?post=78856"},{"taxonomy":"post_tag","embeddable":true,"href":"https:\/\/www.portalalerta.com.br\/index.php\/wp-json\/wp\/v2\/tags?post=78856"}],"curies":[{"name":"wp","href":"https:\/\/api.w.org\/{rel}","templated":true}]}}