{"id":78858,"date":"2026-03-09T16:02:00","date_gmt":"2026-03-09T19:02:00","guid":{"rendered":"https:\/\/www.portalalerta.com.br\/?p=78858"},"modified":"2026-03-09T17:05:34","modified_gmt":"2026-03-09T20:05:34","slug":"stf-julgara-decisao-de-andre-mendonca-que-determinou-prisao-de-vorcaro-no-caso-master","status":"publish","type":"post","link":"https:\/\/www.portalalerta.com.br\/index.php\/2026\/03\/09\/stf-julgara-decisao-de-andre-mendonca-que-determinou-prisao-de-vorcaro-no-caso-master\/","title":{"rendered":"STF julgar\u00e1 decis\u00e3o de Andr\u00e9 Mendon\u00e7a que determinou pris\u00e3o de Vorcaro no Caso Master"},"content":{"rendered":"\n<p>Segunda Turma analisar\u00e1 ordem de pris\u00e3o do banqueiro Daniel Vorcaro determinada por Andr\u00e9 Mendon\u00e7a<\/p>\n\n\n\n<!--more-->\n\n\n\n<p>O Supremo Tribunal Federal (STF) julgar\u00e1 pela primeira vez, de forma colegiada, um epis\u00f3dio ligado ao Caso Master. Na pr\u00f3xima sexta-feira (13), a Segunda Turma vai avaliar a decis\u00e3o do ministro Andr\u00e9 Mendon\u00e7a que determinou a pris\u00e3o preventiva do banqueiro Daniel Vorcaro e de outros tr\u00eas aliados, ap\u00f3s a Pol\u00edcia Federal apontar ind\u00edcios de tentativa de interfer\u00eancia nas investiga\u00e7\u00f5es.<\/p>\n\n\n<div class=\"wp-block-image\">\n<figure class=\"alignleft size-large is-resized\"><img fetchpriority=\"high\" decoding=\"async\" width=\"819\" height=\"1024\" src=\"https:\/\/www.portalalerta.com.br\/wp-content\/uploads\/2026\/03\/Marco-Lilas-Real-2026-819x1024.jpg\" alt=\"\" class=\"wp-image-78794\" style=\"width:393px;height:auto\" srcset=\"https:\/\/www.portalalerta.com.br\/wp-content\/uploads\/2026\/03\/Marco-Lilas-Real-2026-819x1024.jpg 819w, https:\/\/www.portalalerta.com.br\/wp-content\/uploads\/2026\/03\/Marco-Lilas-Real-2026-192x240.jpg 192w, https:\/\/www.portalalerta.com.br\/wp-content\/uploads\/2026\/03\/Marco-Lilas-Real-2026-768x960.jpg 768w, https:\/\/www.portalalerta.com.br\/wp-content\/uploads\/2026\/03\/Marco-Lilas-Real-2026.jpg 1024w\" sizes=\"(max-width: 819px) 100vw, 819px\" \/><\/figure><\/div>\n\n\n<p>Como a ordem foi proferida de forma monocr\u00e1tica, os ministros da Turma decidir\u00e3o se referendam ou n\u00e3o a medida. At\u00e9 agora, todas as decis\u00f5es no processo foram tomadas individualmente pelos relatores,&nbsp;&nbsp;inicialmente pelo ministro Dias Toffoli e, desde fevereiro, por Mendon\u00e7a. O julgamento ocorrer\u00e1 em sess\u00e3o virtual, em que os ministros t\u00eam uma semana para registrar os votos no sistema eletr\u00f4nico do tribunal.<\/p>\n\n\n\n<p>A decis\u00e3o tamb\u00e9m chamou aten\u00e7\u00e3o por ter sido decretada sem manifesta\u00e7\u00e3o pr\u00e9via da Procuradoria-Geral da Rep\u00fablica (PGR). Mendon\u00e7a havia concedido prazo para o \u00f3rg\u00e3o se posicionar, mas a PGR informou que o tempo seria insuficiente. A Segunda Turma \u00e9 composta por Andr\u00e9 Mendon\u00e7a, Gilmar Mendes, K\u00e1ssio Nunes Marques, Luiz Fux e Dias Toffoli, que deixou a relatoria do caso em fevereiro ap\u00f3s cr\u00edticas \u00e0 condu\u00e7\u00e3o do processo, mas continua apto a participar dos julgamentos relacionados \u00e0 investiga\u00e7\u00e3o<\/p>\n\n\n\n<p><em>Fonte: Metro1<\/em><\/p>\n","protected":false},"excerpt":{"rendered":"<p>Segunda Turma analisar\u00e1 ordem de pris\u00e3o do banqueiro Daniel Vorcaro determinada por Andr\u00e9 Mendon\u00e7a<\/p>\n","protected":false},"author":2,"featured_media":23728,"comment_status":"open","ping_status":"open","sticky":false,"template":"","format":"standard","meta":{"om_disable_all_campaigns":false,"_monsterinsights_skip_tracking":false,"_monsterinsights_sitenote_active":false,"_monsterinsights_sitenote_note":"","_monsterinsights_sitenote_category":0,"footnotes":""},"categories":[34,8473,69],"tags":[100,3610,71,48,8472,75,4178,4180,8477,129,107,4181,132,230,106,203,120,51,174,109,88,47,111,216,190],"class_list":["post-78858","post","type-post","status-publish","format-standard","has-post-thumbnail","hentry","category-brasil","category-destaque","category-noticias2","tag-adustina","tag-andre-mendonca","tag-antas","tag-araci","tag-banco-master","tag-cicero-dantas","tag-cipo-2","tag-crisopolis-2","tag-daniel-vorcaro","tag-euclides-da-cunha","tag-fatima","tag-heliopolis-2","tag-itapicuru","tag-jeremoabo","tag-nova-soure","tag-novo-triunfo","tag-olindina","tag-paripiranga","tag-prisao","tag-quijingue","tag-ribeira-do-amparo","tag-ribeira-do-pombal","tag-sitio-do-quinto","tag-stf","tag-tucano"],"aioseo_notices":[],"_links":{"self":[{"href":"https:\/\/www.portalalerta.com.br\/index.php\/wp-json\/wp\/v2\/posts\/78858","targetHints":{"allow":["GET"]}}],"collection":[{"href":"https:\/\/www.portalalerta.com.br\/index.php\/wp-json\/wp\/v2\/posts"}],"about":[{"href":"https:\/\/www.portalalerta.com.br\/index.php\/wp-json\/wp\/v2\/types\/post"}],"author":[{"embeddable":true,"href":"https:\/\/www.portalalerta.com.br\/index.php\/wp-json\/wp\/v2\/users\/2"}],"replies":[{"embeddable":true,"href":"https:\/\/www.portalalerta.com.br\/index.php\/wp-json\/wp\/v2\/comments?post=78858"}],"version-history":[{"count":1,"href":"https:\/\/www.portalalerta.com.br\/index.php\/wp-json\/wp\/v2\/posts\/78858\/revisions"}],"predecessor-version":[{"id":78859,"href":"https:\/\/www.portalalerta.com.br\/index.php\/wp-json\/wp\/v2\/posts\/78858\/revisions\/78859"}],"wp:featuredmedia":[{"embeddable":true,"href":"https:\/\/www.portalalerta.com.br\/index.php\/wp-json\/wp\/v2\/media\/23728"}],"wp:attachment":[{"href":"https:\/\/www.portalalerta.com.br\/index.php\/wp-json\/wp\/v2\/media?parent=78858"}],"wp:term":[{"taxonomy":"category","embeddable":true,"href":"https:\/\/www.portalalerta.com.br\/index.php\/wp-json\/wp\/v2\/categories?post=78858"},{"taxonomy":"post_tag","embeddable":true,"href":"https:\/\/www.portalalerta.com.br\/index.php\/wp-json\/wp\/v2\/tags?post=78858"}],"curies":[{"name":"wp","href":"https:\/\/api.w.org\/{rel}","templated":true}]}}