{"id":78862,"date":"2026-03-09T14:47:47","date_gmt":"2026-03-09T17:47:47","guid":{"rendered":"https:\/\/www.portalalerta.com.br\/?p=78862"},"modified":"2026-03-09T14:47:48","modified_gmt":"2026-03-09T17:47:48","slug":"dpt-confirma-que-corpo-encontrado-em-tucano-ba-e-mesmo-do-pombalense-que-estava-desaparecido-ha-uma-semana","status":"publish","type":"post","link":"https:\/\/www.portalalerta.com.br\/index.php\/2026\/03\/09\/dpt-confirma-que-corpo-encontrado-em-tucano-ba-e-mesmo-do-pombalense-que-estava-desaparecido-ha-uma-semana\/","title":{"rendered":"DPT confirma que corpo encontrado em Tucano-BA \u00e9 mesmo do pombalense que estava desaparecido h\u00e1 uma semana"},"content":{"rendered":"\n<p>O Departamento de Pol\u00edcia T\u00e9cnica (DPT) de Ribeira do Pombal confirmou, na noite deste domingo (8), que o corpo encontrado na regi\u00e3o do \u201cBuraco do Vento\u201d, em Tucano-BA, \u00e9 do jovem Adal\u00edcio dos Santos Silva Junior, de 31 anos, que estava desaparecido desde o dia 1\u00b0 de mar\u00e7o. <\/p>\n\n\n\n<!--more-->\n\n\n<div class=\"wp-block-image\">\n<figure class=\"alignleft size-large is-resized\"><img fetchpriority=\"high\" decoding=\"async\" width=\"819\" height=\"1024\" src=\"https:\/\/www.portalalerta.com.br\/wp-content\/uploads\/2026\/03\/Marco-Lilas-Real-2026-819x1024.jpg\" alt=\"\" class=\"wp-image-78794\" style=\"width:438px;height:auto\" srcset=\"https:\/\/www.portalalerta.com.br\/wp-content\/uploads\/2026\/03\/Marco-Lilas-Real-2026-819x1024.jpg 819w, https:\/\/www.portalalerta.com.br\/wp-content\/uploads\/2026\/03\/Marco-Lilas-Real-2026-192x240.jpg 192w, https:\/\/www.portalalerta.com.br\/wp-content\/uploads\/2026\/03\/Marco-Lilas-Real-2026-768x960.jpg 768w, https:\/\/www.portalalerta.com.br\/wp-content\/uploads\/2026\/03\/Marco-Lilas-Real-2026.jpg 1024w\" sizes=\"(max-width: 819px) 100vw, 819px\" \/><\/figure><\/div>\n\n\n<p>Devido ao avan\u00e7ado estado de decomposi\u00e7\u00e3o, o corpo seguiu diretamente para o Cemit\u00e9rio Morada da Saudade, no bairro Cabur\u00e9, para ser sepultado. A identifica\u00e7\u00e3o foi poss\u00edvel ap\u00f3s peritos do DPT conseguirem confirmar a identidade por meio das impress\u00f5es digitais. O corpo<br>foi liberado por volta das 22h.<br><br>Segundo informa\u00e7\u00f5es, a Pol\u00edcia Civil da Bahia j\u00e1 trabalha na linha de investiga\u00e7\u00e3o e teria uma pista importante sobre os poss\u00edveis autores do homic\u00eddio. At\u00e9 o momento, a motiva\u00e7\u00e3o do crime ainda n\u00e3o foi divulgada.<br><br>Ainda de acordo com informa\u00e7\u00f5es repassadas por uma pessoa pr\u00f3xima da fam\u00edlia, o laudo do Departamento de Pol\u00edcia T\u00e9cnica (DPT) de Ribeira do Pombal, indica que Adal\u00edcio dos Santos Silva Junior, apresentava uma perfura\u00e7\u00e3o provocada por disparo de arma de fogo no t\u00f3rax, al\u00e9m de traumatismo craniano.<br><br>A confirma\u00e7\u00e3o oficial do laudo do DPT traz um certo al\u00edvio \u00e0 fam\u00edlia, que desde o desaparecimento n\u00e3o tinha informa\u00e7\u00f5es sobre o paradeiro do jovem. No entanto, a not\u00edcia n\u00e3o diminui a dor da perda.<\/p>\n\n\n\n<p><em>Fonte: Bahia Gazeta<\/em><\/p>\n","protected":false},"excerpt":{"rendered":"<p>O Departamento de Pol\u00edcia T\u00e9cnica (DPT) de Ribeira do Pombal confirmou, na noite deste domingo (8), que o corpo encontrado na regi\u00e3o do \u201cBuraco do Vento\u201d, em Tucano-BA, \u00e9 do jovem Adal\u00edcio dos Santos Silva Junior, de 31 anos, que estava desaparecido desde o dia 1\u00b0 de mar\u00e7o.<\/p>\n","protected":false},"author":2,"featured_media":78837,"comment_status":"open","ping_status":"open","sticky":false,"template":"","format":"standard","meta":{"om_disable_all_campaigns":false,"_monsterinsights_skip_tracking":false,"_monsterinsights_sitenote_active":false,"_monsterinsights_sitenote_note":"","_monsterinsights_sitenote_category":0,"footnotes":""},"categories":[8473,69,32,3,22],"tags":[100,71,48,75,4178,4180,276,129,107,4181,206,132,230,106,203,120,51,109,88,47,111,190],"class_list":["post-78862","post","type-post","status-publish","format-standard","has-post-thumbnail","hentry","category-destaque","category-noticias2","category-regiao","category-ribeira-do-pombal","category-seguranca","tag-adustina","tag-antas","tag-araci","tag-cicero-dantas","tag-cipo-2","tag-crisopolis-2","tag-dpt","tag-euclides-da-cunha","tag-fatima","tag-heliopolis-2","tag-homicidio","tag-itapicuru","tag-jeremoabo","tag-nova-soure","tag-novo-triunfo","tag-olindina","tag-paripiranga","tag-quijingue","tag-ribeira-do-amparo","tag-ribeira-do-pombal","tag-sitio-do-quinto","tag-tucano"],"aioseo_notices":[],"_links":{"self":[{"href":"https:\/\/www.portalalerta.com.br\/index.php\/wp-json\/wp\/v2\/posts\/78862","targetHints":{"allow":["GET"]}}],"collection":[{"href":"https:\/\/www.portalalerta.com.br\/index.php\/wp-json\/wp\/v2\/posts"}],"about":[{"href":"https:\/\/www.portalalerta.com.br\/index.php\/wp-json\/wp\/v2\/types\/post"}],"author":[{"embeddable":true,"href":"https:\/\/www.portalalerta.com.br\/index.php\/wp-json\/wp\/v2\/users\/2"}],"replies":[{"embeddable":true,"href":"https:\/\/www.portalalerta.com.br\/index.php\/wp-json\/wp\/v2\/comments?post=78862"}],"version-history":[{"count":1,"href":"https:\/\/www.portalalerta.com.br\/index.php\/wp-json\/wp\/v2\/posts\/78862\/revisions"}],"predecessor-version":[{"id":78863,"href":"https:\/\/www.portalalerta.com.br\/index.php\/wp-json\/wp\/v2\/posts\/78862\/revisions\/78863"}],"wp:featuredmedia":[{"embeddable":true,"href":"https:\/\/www.portalalerta.com.br\/index.php\/wp-json\/wp\/v2\/media\/78837"}],"wp:attachment":[{"href":"https:\/\/www.portalalerta.com.br\/index.php\/wp-json\/wp\/v2\/media?parent=78862"}],"wp:term":[{"taxonomy":"category","embeddable":true,"href":"https:\/\/www.portalalerta.com.br\/index.php\/wp-json\/wp\/v2\/categories?post=78862"},{"taxonomy":"post_tag","embeddable":true,"href":"https:\/\/www.portalalerta.com.br\/index.php\/wp-json\/wp\/v2\/tags?post=78862"}],"curies":[{"name":"wp","href":"https:\/\/api.w.org\/{rel}","templated":true}]}}