{"id":78867,"date":"2026-03-10T06:00:00","date_gmt":"2026-03-10T09:00:00","guid":{"rendered":"https:\/\/www.portalalerta.com.br\/?p=78867"},"modified":"2026-03-09T22:53:27","modified_gmt":"2026-03-10T01:53:27","slug":"acabou-o-misterio-jose-ronaldo-define-sua-posicao-politica-para-as-eleicoes-de-2026","status":"publish","type":"post","link":"https:\/\/www.portalalerta.com.br\/index.php\/2026\/03\/10\/acabou-o-misterio-jose-ronaldo-define-sua-posicao-politica-para-as-eleicoes-de-2026\/","title":{"rendered":"Acabou o mist\u00e9rio: Jos\u00e9 Ronaldo define sua posi\u00e7\u00e3o pol\u00edtica para as Elei\u00e7\u00f5es de 2026"},"content":{"rendered":"\n<p><strong>Durante entrevista ao programa Boca de Forno, da R\u00e1dio Sociedade News FM, neste domingo (8), Jos\u00e9 Ronaldo reconheceu que houve conversas pol\u00edticas sobre o assunto, mas foi categ\u00f3rico ao afirmar que n\u00e3o deixar\u00e1 a prefeitura<\/strong><\/p>\n\n\n\n<!--more-->\n\n\n\n<p>Ap\u00f3s meses de especula\u00e7\u00f5es no meio pol\u00edtico baiano, o prefeito de Feira de Santana, Jos\u00e9 Ronaldo de Carvalho (Uni\u00e3o Brasil), definiu publicamente qual ser\u00e1 sua posi\u00e7\u00e3o nas articula\u00e7\u00f5es para as elei\u00e7\u00f5es estaduais de 2026.<\/p>\n\n\n\n<p>Nos bastidores da pol\u00edtica, o nome do gestor vinha sendo cogitado para compor uma poss\u00edvel chapa ao governo da Bahia ao lado do ex-prefeito de Salvador, ACM Neto, na condi\u00e7\u00e3o de vice-governador.<\/p>\n\n\n\n<p>Durante entrevista ao programa Boca de Forno, da R\u00e1dio Sociedade News FM, neste domingo (8), Jos\u00e9 Ronaldo reconheceu que houve conversas pol\u00edticas sobre o assunto, mas foi categ\u00f3rico ao afirmar que n\u00e3o deixar\u00e1 a prefeitura. As informa\u00e7\u00f5es s\u00e3o do Acorda Cidade parceiro do Calila.<\/p>\n\n\n<div class=\"wp-block-image\">\n<figure class=\"alignleft size-large is-resized\"><img fetchpriority=\"high\" decoding=\"async\" width=\"819\" height=\"1024\" src=\"https:\/\/www.portalalerta.com.br\/wp-content\/uploads\/2026\/03\/Marco-Lilas-Real-2026-819x1024.jpg\" alt=\"\" class=\"wp-image-78794\" style=\"width:435px\" srcset=\"https:\/\/www.portalalerta.com.br\/wp-content\/uploads\/2026\/03\/Marco-Lilas-Real-2026-819x1024.jpg 819w, https:\/\/www.portalalerta.com.br\/wp-content\/uploads\/2026\/03\/Marco-Lilas-Real-2026-192x240.jpg 192w, https:\/\/www.portalalerta.com.br\/wp-content\/uploads\/2026\/03\/Marco-Lilas-Real-2026-768x960.jpg 768w, https:\/\/www.portalalerta.com.br\/wp-content\/uploads\/2026\/03\/Marco-Lilas-Real-2026.jpg 1024w\" sizes=\"(max-width: 819px) 100vw, 819px\" \/><\/figure><\/div>\n\n\n<p>\u201cSe eu falar a voc\u00ea que conversas de vice para ser vice n\u00e3o existiram, eu estaria mentindo. Existiram e existem. Mas eu tenho a minha posi\u00e7\u00e3o que \u00e9 bem clara com o povo de Feira de Santana. Sempre falei ao povo de Feira de Santana que se estivesse na prefeitura novamente eu cumpriria todo o meu mandato. Ent\u00e3o isso eu vou cumprir meu mandato, n\u00e3o vou me afastar e n\u00e3o serei candidato a vice-governador\u201d, confirmou o prefeito.<\/p>\n\n\n\n<p>O radialista do Programa Acorda Cidade, Dilton Coutinho, disse que j\u00e1 havia \u201ccantado essa pedra\u201d no m\u00eas passado ao avaliar que as movimenta\u00e7\u00f5es internas do Uni\u00e3o Brasil mostravam que Jos\u00e9 Ronaldo \u201cn\u00e3o iria para lugar nenhum\u201d.<\/p>\n\n\n\n<p>Segundo o Boca de Forno, tamb\u00e9m circularam boatos de que o prefeito poderia indicar o vice-prefeito de Feira, Pablo Roberto, para a vaga de vice-governador. A hip\u00f3tese, no entanto, foi descartada por Jos\u00e9 Ronaldo.<\/p>\n\n\n\n<p>\u201cN\u00e3o, n\u00e3o. N\u00e3o houve essa conversa n\u00e3o. Muitas conversas tem acontecido, mas esta em si n\u00e3o.\u201d<\/p>\n\n\n\n<p><strong>Parece \u00f3bvio, mas pode n\u00e3o ser: quem ele vai apoiar?<\/strong><\/p>\n\n\n\n<p>Jos\u00e9 Ronaldo de Carvalho tem mantido uma rela\u00e7\u00e3o institucional considerada tranquila com o governador Jer\u00f4nimo Rodrigues, do PT. Essa aproxima\u00e7\u00e3o vinha alimentando especula\u00e7\u00f5es e deixando ainda mais em aberto qual seria o posicionamento do prefeito nas elei\u00e7\u00f5es de 2026.<\/p>\n\n\n\n<p>Nos corredores da pol\u00edtica baiana, a grande inc\u00f3gnita agora passa a ser qual caminho o prefeito de Feira seguir\u00e1 no processo eleitoral: se permanecer\u00e1 alinhado ao grupo pol\u00edtico que historicamente integrou ou se poder\u00e1 adotar uma postura mais independente em quem queira apoiar.<\/p>\n\n\n\n<p>Para Jos\u00e9 Ronaldo, ao menos uma decis\u00e3o j\u00e1 est\u00e1 tomada: a perman\u00eancia no comando da Princesinha do Sert\u00e3o at\u00e9 o fim do mandato. O restante, como costuma acontecer na pol\u00edtica, ainda pode reservar surpresas.<\/p>\n\n\n\n<p><em>Fonte: Calila Not\u00edcias<\/em><\/p>\n","protected":false},"excerpt":{"rendered":"<p>Durante entrevista ao programa Boca de Forno, da R\u00e1dio Sociedade News FM, neste domingo (8), Jos\u00e9 Ronaldo reconheceu que houve conversas pol\u00edticas sobre o assunto, mas foi categ\u00f3rico ao afirmar que n\u00e3o deixar\u00e1 a prefeitura<\/p>\n","protected":false},"author":2,"featured_media":78865,"comment_status":"open","ping_status":"open","sticky":false,"template":"","format":"standard","meta":{"om_disable_all_campaigns":false,"_monsterinsights_skip_tracking":false,"_monsterinsights_sitenote_active":false,"_monsterinsights_sitenote_note":"","_monsterinsights_sitenote_category":0,"footnotes":""},"categories":[33,70,69,21],"tags":[100,71,48,75,4178,4180,129,107,377,4181,132,230,1162,106,203,120,51,198,109,88,47,111,190],"class_list":["post-78867","post","type-post","status-publish","format-standard","has-post-thumbnail","hentry","category-bahia","category-destaques","category-noticias2","category-politica","tag-adustina","tag-antas","tag-araci","tag-cicero-dantas","tag-cipo-2","tag-crisopolis-2","tag-euclides-da-cunha","tag-fatima","tag-feira-de-santana","tag-heliopolis-2","tag-itapicuru","tag-jeremoabo","tag-jose-ronaldo","tag-nova-soure","tag-novo-triunfo","tag-olindina","tag-paripiranga","tag-prefeito","tag-quijingue","tag-ribeira-do-amparo","tag-ribeira-do-pombal","tag-sitio-do-quinto","tag-tucano"],"aioseo_notices":[],"_links":{"self":[{"href":"https:\/\/www.portalalerta.com.br\/index.php\/wp-json\/wp\/v2\/posts\/78867","targetHints":{"allow":["GET"]}}],"collection":[{"href":"https:\/\/www.portalalerta.com.br\/index.php\/wp-json\/wp\/v2\/posts"}],"about":[{"href":"https:\/\/www.portalalerta.com.br\/index.php\/wp-json\/wp\/v2\/types\/post"}],"author":[{"embeddable":true,"href":"https:\/\/www.portalalerta.com.br\/index.php\/wp-json\/wp\/v2\/users\/2"}],"replies":[{"embeddable":true,"href":"https:\/\/www.portalalerta.com.br\/index.php\/wp-json\/wp\/v2\/comments?post=78867"}],"version-history":[{"count":1,"href":"https:\/\/www.portalalerta.com.br\/index.php\/wp-json\/wp\/v2\/posts\/78867\/revisions"}],"predecessor-version":[{"id":78869,"href":"https:\/\/www.portalalerta.com.br\/index.php\/wp-json\/wp\/v2\/posts\/78867\/revisions\/78869"}],"wp:featuredmedia":[{"embeddable":true,"href":"https:\/\/www.portalalerta.com.br\/index.php\/wp-json\/wp\/v2\/media\/78865"}],"wp:attachment":[{"href":"https:\/\/www.portalalerta.com.br\/index.php\/wp-json\/wp\/v2\/media?parent=78867"}],"wp:term":[{"taxonomy":"category","embeddable":true,"href":"https:\/\/www.portalalerta.com.br\/index.php\/wp-json\/wp\/v2\/categories?post=78867"},{"taxonomy":"post_tag","embeddable":true,"href":"https:\/\/www.portalalerta.com.br\/index.php\/wp-json\/wp\/v2\/tags?post=78867"}],"curies":[{"name":"wp","href":"https:\/\/api.w.org\/{rel}","templated":true}]}}