{"id":78870,"date":"2026-03-10T06:01:00","date_gmt":"2026-03-10T09:01:00","guid":{"rendered":"https:\/\/www.portalalerta.com.br\/?p=78870"},"modified":"2026-03-09T23:02:59","modified_gmt":"2026-03-10T02:02:59","slug":"homem-e-assassinado-a-tiros-durante-festa-de-cavalgada-em-jeremoabo-ba","status":"publish","type":"post","link":"https:\/\/www.portalalerta.com.br\/index.php\/2026\/03\/10\/homem-e-assassinado-a-tiros-durante-festa-de-cavalgada-em-jeremoabo-ba\/","title":{"rendered":"Homem \u00e9 assassinado a tiros durante festa de cavalgada em Jeremoabo-BA"},"content":{"rendered":"\n<p><strong>Homem conhecido como &#8220;Nana Cigano&#8221; \u00e9 morto a tiros durante show em festa de cavalgada no interior da Bahia. Saiba mais sobre o caso.<\/strong><\/p>\n\n\n\n<!--more-->\n\n\n<div class=\"wp-block-image\">\n<figure class=\"alignleft size-large is-resized\"><img fetchpriority=\"high\" decoding=\"async\" width=\"819\" height=\"1024\" src=\"https:\/\/www.portalalerta.com.br\/wp-content\/uploads\/2026\/03\/Marco-Lilas-Real-2026-819x1024.jpg\" alt=\"\" class=\"wp-image-78794\" style=\"width:435px\" srcset=\"https:\/\/www.portalalerta.com.br\/wp-content\/uploads\/2026\/03\/Marco-Lilas-Real-2026-819x1024.jpg 819w, https:\/\/www.portalalerta.com.br\/wp-content\/uploads\/2026\/03\/Marco-Lilas-Real-2026-192x240.jpg 192w, https:\/\/www.portalalerta.com.br\/wp-content\/uploads\/2026\/03\/Marco-Lilas-Real-2026-768x960.jpg 768w, https:\/\/www.portalalerta.com.br\/wp-content\/uploads\/2026\/03\/Marco-Lilas-Real-2026.jpg 1024w\" sizes=\"(max-width: 819px) 100vw, 819px\" \/><\/figure><\/div>\n\n\n<p><strong>Nas primeiras horas desta segunda-feira (9), um&nbsp;<a href=\"https:\/\/www.chicosabetudo.com.br\/policia\/homem-e-preso-por-homicidio-e-violencia-domestica-em-novo-triunfo-0226\">homic\u00eddio<\/a>&nbsp;interrompeu uma festa de cavalgada no munic\u00edpio de Jeremoabo, situado no interior da&nbsp;<a href=\"https:\/\/www.chicosabetudo.com.br\/esportes\/bahia-divulga-relacionados-para-estreia-no-brasileirao-contra-corinthians-0126\">Bahia<\/a>. Um homem, identificado preliminarmente pelo apelido de \u201cNana Cigano\u201d, foi morto a tiros em meio ao p\u00fablico do evento. De acordo com relatos de testemunhas, o crime ocorreu no momento em que o cantor Kau\u00e3 Menezes se apresentava.<\/strong><\/p>\n\n\n\n<p><strong>Um indiv\u00edduo armado se aproximou do alvo e efetuou m\u00faltiplos tiros, concentrados predominantemente na regi\u00e3o da cabe\u00e7a da v\u00edtima. Devido \u00e0 gravidade dos ferimentos, &#8220;Nana Cigano&#8221; n\u00e3o resistiu e faleceu no pr\u00f3prio local, antes que pudesse receber atendimento m\u00e9dico.<\/strong><\/p>\n\n\n\n<p><strong>A ocorr\u00eancia gerou p\u00e2nico generalizado. Como a festa contava com uma grande concentra\u00e7\u00e3o de pessoas, o som dos disparos provocou gritos e correria, levando a organiza\u00e7\u00e3o a cancelar o evento de forma imediata para garantir a seguran\u00e7a dos demais presentes.<\/strong><\/p>\n\n\n\n<p><strong>Ap\u00f3s a a\u00e7\u00e3o, o autor do crime conseguiu fugir. As for\u00e7as de seguran\u00e7a foram acionadas, mas o suspeito ainda n\u00e3o foi localizado. O local foi isolado para a realiza\u00e7\u00e3o da per\u00edcia e o corpo dever\u00e1 ser encaminhado ao Instituto M\u00e9dico Legal (IML) da regi\u00e3o.<\/strong><\/p>\n\n\n\n<p><strong>O caso agora ser\u00e1 acompanhado pela Pol\u00edcia Civil, que dever\u00e1 instaurar um inqu\u00e9rito, coletar imagens e ouvir testemunhas para apurar a autoria e a motiva\u00e7\u00e3o por tr\u00e1s do homic\u00eddio.<\/strong><\/p>\n\n\n\n<p><em>Fonte: Chico sabe tudo<\/em><\/p>\n","protected":false},"excerpt":{"rendered":"<p>Homem conhecido como &#8220;Nana Cigano&#8221; \u00e9 morto a tiros durante show em festa de cavalgada no interior da Bahia. Saiba mais sobre o caso.<\/p>\n","protected":false},"author":2,"featured_media":78866,"comment_status":"open","ping_status":"open","sticky":false,"template":"","format":"standard","meta":{"om_disable_all_campaigns":false,"_monsterinsights_skip_tracking":false,"_monsterinsights_sitenote_active":false,"_monsterinsights_sitenote_note":"","_monsterinsights_sitenote_category":0,"footnotes":""},"categories":[70,9,69,32,22],"tags":[100,71,48,75,4178,4180,375,129,107,4181,206,132,230,169,106,203,120,51,109,88,47,111,190],"class_list":["post-78870","post","type-post","status-publish","format-standard","has-post-thumbnail","hentry","category-destaques","category-jeremoabo","category-noticias2","category-regiao","category-seguranca","tag-adustina","tag-antas","tag-araci","tag-cicero-dantas","tag-cipo-2","tag-crisopolis-2","tag-disparos-de-arma-de-fogo","tag-euclides-da-cunha","tag-fatima","tag-heliopolis-2","tag-homicidio","tag-itapicuru","tag-jeremoabo","tag-morte","tag-nova-soure","tag-novo-triunfo","tag-olindina","tag-paripiranga","tag-quijingue","tag-ribeira-do-amparo","tag-ribeira-do-pombal","tag-sitio-do-quinto","tag-tucano"],"aioseo_notices":[],"_links":{"self":[{"href":"https:\/\/www.portalalerta.com.br\/index.php\/wp-json\/wp\/v2\/posts\/78870","targetHints":{"allow":["GET"]}}],"collection":[{"href":"https:\/\/www.portalalerta.com.br\/index.php\/wp-json\/wp\/v2\/posts"}],"about":[{"href":"https:\/\/www.portalalerta.com.br\/index.php\/wp-json\/wp\/v2\/types\/post"}],"author":[{"embeddable":true,"href":"https:\/\/www.portalalerta.com.br\/index.php\/wp-json\/wp\/v2\/users\/2"}],"replies":[{"embeddable":true,"href":"https:\/\/www.portalalerta.com.br\/index.php\/wp-json\/wp\/v2\/comments?post=78870"}],"version-history":[{"count":1,"href":"https:\/\/www.portalalerta.com.br\/index.php\/wp-json\/wp\/v2\/posts\/78870\/revisions"}],"predecessor-version":[{"id":78871,"href":"https:\/\/www.portalalerta.com.br\/index.php\/wp-json\/wp\/v2\/posts\/78870\/revisions\/78871"}],"wp:featuredmedia":[{"embeddable":true,"href":"https:\/\/www.portalalerta.com.br\/index.php\/wp-json\/wp\/v2\/media\/78866"}],"wp:attachment":[{"href":"https:\/\/www.portalalerta.com.br\/index.php\/wp-json\/wp\/v2\/media?parent=78870"}],"wp:term":[{"taxonomy":"category","embeddable":true,"href":"https:\/\/www.portalalerta.com.br\/index.php\/wp-json\/wp\/v2\/categories?post=78870"},{"taxonomy":"post_tag","embeddable":true,"href":"https:\/\/www.portalalerta.com.br\/index.php\/wp-json\/wp\/v2\/tags?post=78870"}],"curies":[{"name":"wp","href":"https:\/\/api.w.org\/{rel}","templated":true}]}}