{"id":78875,"date":"2026-03-10T06:03:00","date_gmt":"2026-03-10T09:03:00","guid":{"rendered":"https:\/\/www.portalalerta.com.br\/?p=78875"},"modified":"2026-03-10T20:52:31","modified_gmt":"2026-03-10T23:52:31","slug":"policia-prende-homem-acusado-de-homicidio-em-ribeira-do-amparo-ba","status":"publish","type":"post","link":"https:\/\/www.portalalerta.com.br\/index.php\/2026\/03\/10\/policia-prende-homem-acusado-de-homicidio-em-ribeira-do-amparo-ba\/","title":{"rendered":"Pol\u00edcia prende homem acusado de homic\u00eddio, em Ribeira do Amparo-BA"},"content":{"rendered":"\n<p>Uma a\u00e7\u00e3o conjunta entre policiais civis da 25\u00aa COORPIN e policiais militares da 21\u00aa CIPM, cumpriu na tarde desta segunda-feira (09), mandado de pris\u00e3o em desfavor do nacional de iniciais E. B. J.<\/p>\n\n\n\n<!--more-->\n\n\n<div class=\"wp-block-image\">\n<figure class=\"alignleft size-large is-resized\"><img fetchpriority=\"high\" decoding=\"async\" width=\"819\" height=\"1024\" src=\"https:\/\/www.portalalerta.com.br\/wp-content\/uploads\/2026\/03\/Marco-Lilas-Real-2026-819x1024.jpg\" alt=\"\" class=\"wp-image-78794\" style=\"width:435px\" srcset=\"https:\/\/www.portalalerta.com.br\/wp-content\/uploads\/2026\/03\/Marco-Lilas-Real-2026-819x1024.jpg 819w, https:\/\/www.portalalerta.com.br\/wp-content\/uploads\/2026\/03\/Marco-Lilas-Real-2026-192x240.jpg 192w, https:\/\/www.portalalerta.com.br\/wp-content\/uploads\/2026\/03\/Marco-Lilas-Real-2026-768x960.jpg 768w, https:\/\/www.portalalerta.com.br\/wp-content\/uploads\/2026\/03\/Marco-Lilas-Real-2026.jpg 1024w\" sizes=\"(max-width: 819px) 100vw, 819px\" \/><\/figure><\/div>\n\n\n<p>O mandado de pris\u00e3o expedido pela Comarca de Cip\u00f3-BA, foi cumprido em raz\u00e3o da pr\u00e1tica do crime de homic\u00eddio qualificado.<\/p>\n\n\n\n<p><a href=\"https:\/\/www.portalalerta.com.br\/index.php\/2026\/03\/09\/ribeira-do-amparo-ba-volta-a-registrar-homicidio-apos-um-intervalo-de-tres-anos-sem-assassinatos\/\"><strong>O crime ocorreu na localidade conhecida como \u201cLage\u201d, povoado situado no munic\u00edpio de Ribeira do Amparo, na noite de s\u00e1bado 07 de mar\u00e7o de 2026, fato que causou grande como\u00e7\u00e3o entre os moradores da regi\u00e3o.<\/strong><\/a><\/p>\n\n\n\n<p>Ap\u00f3s tomar conhecimento do ocorrido, as equipes das for\u00e7as de seguran\u00e7a iniciaram dilig\u00eancias ininterruptas, atuando de forma r\u00e1pida e integrada, o que possibilitou a localiza\u00e7\u00e3o e pris\u00e3o do investigado em curto espa\u00e7o de tempo, demonstrando a efici\u00eancia e o comprometimento das institui\u00e7\u00f5es envolvidas na elucida\u00e7\u00e3o de crimes graves.<\/p>\n\n\n\n<p><em>Fonte: Pol\u00edcia Civil da Bahia<\/em><\/p>\n","protected":false},"excerpt":{"rendered":"<p>Uma a\u00e7\u00e3o conjunta entre policiais civis da 25\u00aa COORPIN e policiais militares da 21\u00aa CIPM, cumpriu na tarde desta segunda-feira (09), mandado de pris\u00e3o em desfavor do nacional de iniciais E. B. J.<\/p>\n","protected":false},"author":2,"featured_media":29393,"comment_status":"open","ping_status":"open","sticky":false,"template":"","format":"standard","meta":{"om_disable_all_campaigns":false,"_monsterinsights_skip_tracking":false,"_monsterinsights_sitenote_active":false,"_monsterinsights_sitenote_note":"","_monsterinsights_sitenote_category":0,"footnotes":""},"categories":[70,69,32,16,22],"tags":[100,71,48,75,4178,4180,129,107,4181,258,206,132,230,106,203,120,51,122,79,77,109,88,47,111,190],"class_list":["post-78875","post","type-post","status-publish","format-standard","has-post-thumbnail","hentry","category-destaques","category-noticias2","category-regiao","category-ribeira-do-amparo","category-seguranca","tag-adustina","tag-antas","tag-araci","tag-cicero-dantas","tag-cipo-2","tag-crisopolis-2","tag-euclides-da-cunha","tag-fatima","tag-heliopolis-2","tag-homicida","tag-homicidio","tag-itapicuru","tag-jeremoabo","tag-nova-soure","tag-novo-triunfo","tag-olindina","tag-paripiranga","tag-policia-civil","tag-policia-militar","tag-preso","tag-quijingue","tag-ribeira-do-amparo","tag-ribeira-do-pombal","tag-sitio-do-quinto","tag-tucano"],"aioseo_notices":[],"_links":{"self":[{"href":"https:\/\/www.portalalerta.com.br\/index.php\/wp-json\/wp\/v2\/posts\/78875","targetHints":{"allow":["GET"]}}],"collection":[{"href":"https:\/\/www.portalalerta.com.br\/index.php\/wp-json\/wp\/v2\/posts"}],"about":[{"href":"https:\/\/www.portalalerta.com.br\/index.php\/wp-json\/wp\/v2\/types\/post"}],"author":[{"embeddable":true,"href":"https:\/\/www.portalalerta.com.br\/index.php\/wp-json\/wp\/v2\/users\/2"}],"replies":[{"embeddable":true,"href":"https:\/\/www.portalalerta.com.br\/index.php\/wp-json\/wp\/v2\/comments?post=78875"}],"version-history":[{"count":2,"href":"https:\/\/www.portalalerta.com.br\/index.php\/wp-json\/wp\/v2\/posts\/78875\/revisions"}],"predecessor-version":[{"id":78878,"href":"https:\/\/www.portalalerta.com.br\/index.php\/wp-json\/wp\/v2\/posts\/78875\/revisions\/78878"}],"wp:featuredmedia":[{"embeddable":true,"href":"https:\/\/www.portalalerta.com.br\/index.php\/wp-json\/wp\/v2\/media\/29393"}],"wp:attachment":[{"href":"https:\/\/www.portalalerta.com.br\/index.php\/wp-json\/wp\/v2\/media?parent=78875"}],"wp:term":[{"taxonomy":"category","embeddable":true,"href":"https:\/\/www.portalalerta.com.br\/index.php\/wp-json\/wp\/v2\/categories?post=78875"},{"taxonomy":"post_tag","embeddable":true,"href":"https:\/\/www.portalalerta.com.br\/index.php\/wp-json\/wp\/v2\/tags?post=78875"}],"curies":[{"name":"wp","href":"https:\/\/api.w.org\/{rel}","templated":true}]}}