{"id":78881,"date":"2026-03-11T22:49:54","date_gmt":"2026-03-12T01:49:54","guid":{"rendered":"https:\/\/www.portalalerta.com.br\/?p=78881"},"modified":"2026-03-11T22:49:56","modified_gmt":"2026-03-12T01:49:56","slug":"escritora-pombalense-renata-poeta-estara-na-bienal-da-bahia-2026","status":"publish","type":"post","link":"https:\/\/www.portalalerta.com.br\/index.php\/2026\/03\/11\/escritora-pombalense-renata-poeta-estara-na-bienal-da-bahia-2026\/","title":{"rendered":"Escritora pombalense, Renata Poeta estar\u00e1 na Bienal da Bahia 2026"},"content":{"rendered":"\n<p>Nascida em Ribeira do Pombal, no interior da Bahia, Renata carrega no nome e na alma a ess\u00eancia do que \u00e9: uma poeta de verdade! Professora de L\u00edngua Portuguesa e estudante de Jornalismo, ela descobriu cedo que a imagina\u00e7\u00e3o \u00e9 o melhor transporte e que as palavras s\u00e3o o caminho para contar sobre a gente, inventar novas formas de existir e representar um povo.<\/p>\n\n\n\n<!--more-->\n\n\n<div class=\"wp-block-image\">\n<figure class=\"alignleft size-large is-resized\"><img fetchpriority=\"high\" decoding=\"async\" width=\"819\" height=\"1024\" src=\"https:\/\/www.portalalerta.com.br\/wp-content\/uploads\/2026\/03\/Marco-Lilas-Real-2026-819x1024.jpg\" alt=\"\" class=\"wp-image-78794\" style=\"width:435px\" srcset=\"https:\/\/www.portalalerta.com.br\/wp-content\/uploads\/2026\/03\/Marco-Lilas-Real-2026-819x1024.jpg 819w, https:\/\/www.portalalerta.com.br\/wp-content\/uploads\/2026\/03\/Marco-Lilas-Real-2026-192x240.jpg 192w, https:\/\/www.portalalerta.com.br\/wp-content\/uploads\/2026\/03\/Marco-Lilas-Real-2026-768x960.jpg 768w, https:\/\/www.portalalerta.com.br\/wp-content\/uploads\/2026\/03\/Marco-Lilas-Real-2026.jpg 1024w\" sizes=\"(max-width: 819px) 100vw, 819px\" \/><\/figure><\/div>\n\n\n<p><br><br>Sua trajet\u00f3ria liter\u00e1ria come\u00e7ou ainda na adolesc\u00eancia, inspirada pelos colegas e professores da escola, e hoje re\u00fane obras que atravessam gera\u00e7\u00f5es:<br><br>\u00a0\u201cOutra Forma de Ver e Sentir\u201d \u2013 o primeiro livro, nascido dos poemas da \u00e9poca escolar, onde os sentimentos ganharam forma e voz<br>\u00a0\u201cPoesia para Gente Min\u00fascula\u201d (2014) \u2013 seu primeiro livro infanto-juvenil, plantando sementes de leitura nos cora\u00e7\u00f5es pequeninos<br>\u00a0\u201cNa Casa das Rimas\u201d (2019) \u2013 um lar para as palavras que rimam com a alma<br>\u00a0\u201cGatomasia\u201d (2023) \u2013 a magia dos gatos e das letras em uma \u00fanica obra.<br><br>E o grande lan\u00e7amento que chega com tudo na Bienal da Bahia: \u201cPoemar\u201d \u2013 Para as crian\u00e7as que moram longe do mar, um livro que \u00e9 puro encontro de universos, nascido de um coletivo, carregado de amor, respeito e riquezas interioranas que seguem em dire\u00e7\u00e3o ao mar. Porque em dire\u00e7\u00e3o ao mar, a gente leva as riquezas do interior!<br><br>Venha ao stand do Danado de Bom na Bienal da Bahia, de 15 a 21 de abril de 2026, e descubra as palavras de Renata Poeta \u2014 palavras que nos ajudam a nos reconhecer, a sonhar e a sentir que a literatura \u00e9 de todos e para todos!<br><br><strong><em>\u201dFazer da escrita o meu pouso me permite compartilhar n\u00e3o s\u00f3 o fant\u00e1stico da vida, mas os nossos sentimentos, sonhos e valores.\u201d<\/em><\/strong> \u2014 Renata Poeta<\/p>\n","protected":false},"excerpt":{"rendered":"<p>Nascida em Ribeira do Pombal, no interior da Bahia, Renata carrega no nome e na alma a ess\u00eancia do que \u00e9: uma poeta de verdade! Professora de L\u00edngua Portuguesa e estudante de Jornalismo, ela descobriu cedo que a imagina\u00e7\u00e3o \u00e9 o melhor transporte e que as palavras s\u00e3o o caminho para contar sobre a gente, &hellip;<\/p>\n","protected":false},"author":2,"featured_media":78879,"comment_status":"open","ping_status":"open","sticky":false,"template":"","format":"standard","meta":{"om_disable_all_campaigns":false,"_monsterinsights_skip_tracking":false,"_monsterinsights_sitenote_active":false,"_monsterinsights_sitenote_note":"","_monsterinsights_sitenote_category":0,"footnotes":""},"categories":[33,70,69,32,3],"tags":[100,71,48,75,4178,4180,129,107,4181,132,230,106,203,120,51,109,1970,88,47,111,190],"class_list":["post-78881","post","type-post","status-publish","format-standard","has-post-thumbnail","hentry","category-bahia","category-destaques","category-noticias2","category-regiao","category-ribeira-do-pombal","tag-adustina","tag-antas","tag-araci","tag-cicero-dantas","tag-cipo-2","tag-crisopolis-2","tag-euclides-da-cunha","tag-fatima","tag-heliopolis-2","tag-itapicuru","tag-jeremoabo","tag-nova-soure","tag-novo-triunfo","tag-olindina","tag-paripiranga","tag-quijingue","tag-renata-poeta","tag-ribeira-do-amparo","tag-ribeira-do-pombal","tag-sitio-do-quinto","tag-tucano"],"aioseo_notices":[],"_links":{"self":[{"href":"https:\/\/www.portalalerta.com.br\/index.php\/wp-json\/wp\/v2\/posts\/78881","targetHints":{"allow":["GET"]}}],"collection":[{"href":"https:\/\/www.portalalerta.com.br\/index.php\/wp-json\/wp\/v2\/posts"}],"about":[{"href":"https:\/\/www.portalalerta.com.br\/index.php\/wp-json\/wp\/v2\/types\/post"}],"author":[{"embeddable":true,"href":"https:\/\/www.portalalerta.com.br\/index.php\/wp-json\/wp\/v2\/users\/2"}],"replies":[{"embeddable":true,"href":"https:\/\/www.portalalerta.com.br\/index.php\/wp-json\/wp\/v2\/comments?post=78881"}],"version-history":[{"count":1,"href":"https:\/\/www.portalalerta.com.br\/index.php\/wp-json\/wp\/v2\/posts\/78881\/revisions"}],"predecessor-version":[{"id":78883,"href":"https:\/\/www.portalalerta.com.br\/index.php\/wp-json\/wp\/v2\/posts\/78881\/revisions\/78883"}],"wp:featuredmedia":[{"embeddable":true,"href":"https:\/\/www.portalalerta.com.br\/index.php\/wp-json\/wp\/v2\/media\/78879"}],"wp:attachment":[{"href":"https:\/\/www.portalalerta.com.br\/index.php\/wp-json\/wp\/v2\/media?parent=78881"}],"wp:term":[{"taxonomy":"category","embeddable":true,"href":"https:\/\/www.portalalerta.com.br\/index.php\/wp-json\/wp\/v2\/categories?post=78881"},{"taxonomy":"post_tag","embeddable":true,"href":"https:\/\/www.portalalerta.com.br\/index.php\/wp-json\/wp\/v2\/tags?post=78881"}],"curies":[{"name":"wp","href":"https:\/\/api.w.org\/{rel}","templated":true}]}}