{"id":78885,"date":"2026-03-11T23:00:05","date_gmt":"2026-03-12T02:00:05","guid":{"rendered":"https:\/\/www.portalalerta.com.br\/?p=78885"},"modified":"2026-03-11T23:00:07","modified_gmt":"2026-03-12T02:00:07","slug":"produtor-joga-fora-2-mil-litros-de-leite-por-conta-de-estrada-intransitavel","status":"publish","type":"post","link":"https:\/\/www.portalalerta.com.br\/index.php\/2026\/03\/11\/produtor-joga-fora-2-mil-litros-de-leite-por-conta-de-estrada-intransitavel\/","title":{"rendered":"Produtor joga fora 2 mil litros de leite por conta de estrada intransit\u00e1vel"},"content":{"rendered":"\n<p><strong>De acordo com o produtor, o tanque armazenava tanto a produ\u00e7\u00e3o de sua propriedade quanto a de outros pequenos produtores da comunidade que dependem da coleta para garantir renda e evitar desperd\u00edcios<\/strong><\/p>\n\n\n\n<!--more-->\n\n\n<div class=\"wp-block-image\">\n<figure class=\"alignleft size-large is-resized\"><img fetchpriority=\"high\" decoding=\"async\" width=\"819\" height=\"1024\" src=\"https:\/\/www.portalalerta.com.br\/wp-content\/uploads\/2026\/03\/Marco-Lilas-Real-2026-819x1024.jpg\" alt=\"\" class=\"wp-image-78794\" style=\"width:435px\" srcset=\"https:\/\/www.portalalerta.com.br\/wp-content\/uploads\/2026\/03\/Marco-Lilas-Real-2026-819x1024.jpg 819w, https:\/\/www.portalalerta.com.br\/wp-content\/uploads\/2026\/03\/Marco-Lilas-Real-2026-192x240.jpg 192w, https:\/\/www.portalalerta.com.br\/wp-content\/uploads\/2026\/03\/Marco-Lilas-Real-2026-768x960.jpg 768w, https:\/\/www.portalalerta.com.br\/wp-content\/uploads\/2026\/03\/Marco-Lilas-Real-2026.jpg 1024w\" sizes=\"(max-width: 819px) 100vw, 819px\" \/><\/figure><\/div>\n\n\n<p>A situa\u00e7\u00e3o prec\u00e1ria das estradas em regi\u00f5es rurais de Riacho de Santana, no sudoeste da Bahia, tem causado preju\u00edzo a produtores do munic\u00edpio. Segundo relatos enviados ao Achei Sudoeste, site parceiro do Calila, cerca de 2 mil litros de leite foram descartados por um produtor da comunidade de Riacho Seco, ap\u00f3s o ve\u00edculo respons\u00e1vel pela coleta n\u00e3o conseguir at\u00e9 a propriedade por conta das condi\u00e7\u00f5es da estrada de terra.<\/p>\n\n\n\n<p>O produtor Aparecido Neves Vieira, que fez o descarte, registrou a situa\u00e7\u00e3o, e afirmou que o leite estava armazenado h\u00e1 11 dias, esperando a passagem do caminh\u00e3o respons\u00e1vel pela coleta. Por\u00e9m, a falta de condi\u00e7\u00f5es de tr\u00e1fego na estrada impediu o acesso do ve\u00edculo \u00e0 comunidade.<\/p>\n\n\n\n<p>Nas imagens, Aparecido demonstrou indigna\u00e7\u00e3o com a situa\u00e7\u00e3o e afirmou que a falta de manuten\u00e7\u00e3o nas rodovias tem prejudicado diretamente os trabalhadores da regi\u00e3o. Assim como criticou a aus\u00eancia de representantes pol\u00edticos no local.<\/p>\n\n\n\n<p>Ainda de acordo com o produtor, o tanque armazenava tanto a produ\u00e7\u00e3o de sua propriedade quanto a de outros pequenos produtores da comunidade que dependem da coleta para garantir renda e evitar desperd\u00edcios.<\/p>\n\n\n\n<p><em>Fonte: Banza\u00ea TV<\/em><\/p>\n","protected":false},"excerpt":{"rendered":"<p>De acordo com o produtor, o tanque armazenava tanto a produ\u00e7\u00e3o de sua propriedade quanto a de outros pequenos produtores da comunidade que dependem da coleta para garantir renda e evitar desperd\u00edcios<\/p>\n","protected":false},"author":2,"featured_media":78880,"comment_status":"open","ping_status":"open","sticky":false,"template":"","format":"standard","meta":{"om_disable_all_campaigns":false,"_monsterinsights_skip_tracking":false,"_monsterinsights_sitenote_active":false,"_monsterinsights_sitenote_note":"","_monsterinsights_sitenote_category":0,"footnotes":""},"categories":[33,70,69],"tags":[100,71,48,54,75,4178,4180,129,107,4181,132,230,5912,106,203,120,51,109,3698,88,47,111,190],"class_list":["post-78885","post","type-post","status-publish","format-standard","has-post-thumbnail","hentry","category-bahia","category-destaques","category-noticias2","tag-adustina","tag-antas","tag-araci","tag-bahia","tag-cicero-dantas","tag-cipo-2","tag-crisopolis-2","tag-euclides-da-cunha","tag-fatima","tag-heliopolis-2","tag-itapicuru","tag-jeremoabo","tag-leite","tag-nova-soure","tag-novo-triunfo","tag-olindina","tag-paripiranga","tag-quijingue","tag-riacho-de-santana","tag-ribeira-do-amparo","tag-ribeira-do-pombal","tag-sitio-do-quinto","tag-tucano"],"aioseo_notices":[],"_links":{"self":[{"href":"https:\/\/www.portalalerta.com.br\/index.php\/wp-json\/wp\/v2\/posts\/78885","targetHints":{"allow":["GET"]}}],"collection":[{"href":"https:\/\/www.portalalerta.com.br\/index.php\/wp-json\/wp\/v2\/posts"}],"about":[{"href":"https:\/\/www.portalalerta.com.br\/index.php\/wp-json\/wp\/v2\/types\/post"}],"author":[{"embeddable":true,"href":"https:\/\/www.portalalerta.com.br\/index.php\/wp-json\/wp\/v2\/users\/2"}],"replies":[{"embeddable":true,"href":"https:\/\/www.portalalerta.com.br\/index.php\/wp-json\/wp\/v2\/comments?post=78885"}],"version-history":[{"count":1,"href":"https:\/\/www.portalalerta.com.br\/index.php\/wp-json\/wp\/v2\/posts\/78885\/revisions"}],"predecessor-version":[{"id":78887,"href":"https:\/\/www.portalalerta.com.br\/index.php\/wp-json\/wp\/v2\/posts\/78885\/revisions\/78887"}],"wp:featuredmedia":[{"embeddable":true,"href":"https:\/\/www.portalalerta.com.br\/index.php\/wp-json\/wp\/v2\/media\/78880"}],"wp:attachment":[{"href":"https:\/\/www.portalalerta.com.br\/index.php\/wp-json\/wp\/v2\/media?parent=78885"}],"wp:term":[{"taxonomy":"category","embeddable":true,"href":"https:\/\/www.portalalerta.com.br\/index.php\/wp-json\/wp\/v2\/categories?post=78885"},{"taxonomy":"post_tag","embeddable":true,"href":"https:\/\/www.portalalerta.com.br\/index.php\/wp-json\/wp\/v2\/tags?post=78885"}],"curies":[{"name":"wp","href":"https:\/\/api.w.org\/{rel}","templated":true}]}}