{"id":78895,"date":"2026-03-11T23:18:11","date_gmt":"2026-03-12T02:18:11","guid":{"rendered":"https:\/\/www.portalalerta.com.br\/?p=78895"},"modified":"2026-03-11T23:18:12","modified_gmt":"2026-03-12T02:18:12","slug":"policial-ferido-em-explosao-de-botijao-em-paulo-afonso-e-transferido-para-hospital-regional-de-juazeiro-ba-estado-de-saude-e-muito-delicado","status":"publish","type":"post","link":"https:\/\/www.portalalerta.com.br\/index.php\/2026\/03\/11\/policial-ferido-em-explosao-de-botijao-em-paulo-afonso-e-transferido-para-hospital-regional-de-juazeiro-ba-estado-de-saude-e-muito-delicado\/","title":{"rendered":"Policial ferido em explos\u00e3o de botij\u00e3o em Paulo Afonso \u00e9 transferido para hospital regional de Juazeiro-BA: \u201cestado de sa\u00fade \u00e9 muito delicado\u201d"},"content":{"rendered":"\n<p>O policial militar&nbsp;<strong>Mois\u00e9s Ramos da Silva, de 52 anos<\/strong>, que ficou gravemente ferido ap\u00f3s a explos\u00e3o de um botij\u00e3o de g\u00e1s em uma resid\u00eancia no Bairro Tancredo Neves 2 (BTN 2), em Paulo Afonso, foi transferido para o&nbsp;<strong>Hospital Regional de Juazeiro<\/strong>, no norte da Bahia, onde segue internado.<\/p>\n\n\n\n<!--more-->\n\n\n\n<p>A explos\u00e3o ocorreu na tarde de&nbsp;<strong>ter\u00e7a-feira (10)<\/strong>, por volta das&nbsp;<strong>13h50<\/strong>, na&nbsp;<strong>Rua Osvaldo Cruz<\/strong>. De acordo com informa\u00e7\u00f5es da Pol\u00edcia Militar da Bahia, uma guarni\u00e7\u00e3o do&nbsp;<strong>20\u00ba Batalh\u00e3o<\/strong>&nbsp;foi acionada pelo&nbsp;<strong>Centro Integrado de Comunica\u00e7\u00f5es (CICOM)<\/strong>&nbsp;para prestar apoio ao&nbsp;<strong>Servi\u00e7o de Atendimento M\u00f3vel de Urg\u00eancia (SAMU)<\/strong>&nbsp;ap\u00f3s a informa\u00e7\u00e3o de uma explos\u00e3o em uma resid\u00eancia.<\/p>\n\n\n<div class=\"wp-block-image\">\n<figure class=\"alignleft size-large is-resized\"><img fetchpriority=\"high\" decoding=\"async\" width=\"819\" height=\"1024\" src=\"https:\/\/www.portalalerta.com.br\/wp-content\/uploads\/2026\/03\/Marco-Lilas-Real-2026-819x1024.jpg\" alt=\"\" class=\"wp-image-78794\" style=\"width:391px;height:auto\" srcset=\"https:\/\/www.portalalerta.com.br\/wp-content\/uploads\/2026\/03\/Marco-Lilas-Real-2026-819x1024.jpg 819w, https:\/\/www.portalalerta.com.br\/wp-content\/uploads\/2026\/03\/Marco-Lilas-Real-2026-192x240.jpg 192w, https:\/\/www.portalalerta.com.br\/wp-content\/uploads\/2026\/03\/Marco-Lilas-Real-2026-768x960.jpg 768w, https:\/\/www.portalalerta.com.br\/wp-content\/uploads\/2026\/03\/Marco-Lilas-Real-2026.jpg 1024w\" sizes=\"(max-width: 819px) 100vw, 819px\" \/><\/figure><\/div>\n\n\n<p>Ao chegar ao local, os policiais confirmaram a ocorr\u00eancia e encontraram a equipe m\u00e9dica prestando socorro ao militar. Segundo as autoridades, Mois\u00e9s sofreu&nbsp;<strong>queimaduras graves ap\u00f3s a explos\u00e3o do botij\u00e3o de g\u00e1s dentro da resid\u00eancia<\/strong>.<\/p>\n\n\n\n<p>O policial teve&nbsp;<strong>o corpo atingido por queimaduras de segundo e terceiro grau<\/strong>, sendo necess\u00e1rio realizar&nbsp;<strong>intuba\u00e7\u00e3o e indu\u00e7\u00e3o ao coma<\/strong>&nbsp;na Unidade de Terapia Intensiva (UTI) do&nbsp;<strong>Hospital Regional de Paulo Afonso<\/strong>.<\/p>\n\n\n\n<p>Ap\u00f3s os primeiros atendimentos, ele foi&nbsp;<strong>transferido para o Hospital Regional de Juazeiro<\/strong>, onde permanece internado recebendo cuidados m\u00e9dicos especializados.<\/p>\n\n\n\n<p>Uma equipe do&nbsp;<strong>Corpo de Bombeiros Militar da Bahia<\/strong>&nbsp;tamb\u00e9m esteve no local da ocorr\u00eancia, realizando o&nbsp;<strong>rescaldo e a interdi\u00e7\u00e3o da \u00e1rea atingida pela explos\u00e3o<\/strong>.<\/p>\n\n\n\n<p>At\u00e9 o momento,&nbsp;<strong>ainda n\u00e3o h\u00e1 informa\u00e7\u00f5es confirmadas sobre o que teria causado o vazamento de g\u00e1s que provocou a explos\u00e3o<\/strong>. O caso segue sendo acompanhado pelas autoridades.<\/p>\n\n\n\n<p>Policiais militares acompanham a situa\u00e7\u00e3o do colega e seguem mobilizados em apoio \u00e0 fam\u00edlia. Um colega de farda informou ao site&nbsp;<strong>pa4<\/strong>:&nbsp;<em>\u201cO estado de sa\u00fade do nosso policial \u00e9 muito delicado e carece das nossas ora\u00e7\u00f5es.\u201d<\/em><\/p>\n\n\n\n<p><em>Fonte: pa4<\/em><\/p>\n","protected":false},"excerpt":{"rendered":"<p>O policial militar&nbsp;Mois\u00e9s Ramos da Silva, de 52 anos, que ficou gravemente ferido ap\u00f3s a explos\u00e3o de um botij\u00e3o de g\u00e1s em uma resid\u00eancia no Bairro Tancredo Neves 2 (BTN 2), em Paulo Afonso, foi transferido para o&nbsp;Hospital Regional de Juazeiro, no norte da Bahia, onde segue internado.<\/p>\n","protected":false},"author":2,"featured_media":78882,"comment_status":"open","ping_status":"open","sticky":false,"template":"","format":"standard","meta":{"om_disable_all_campaigns":false,"_monsterinsights_skip_tracking":false,"_monsterinsights_sitenote_active":false,"_monsterinsights_sitenote_note":"","_monsterinsights_sitenote_category":0,"footnotes":""},"categories":[33,8473,69],"tags":[],"class_list":["post-78895","post","type-post","status-publish","format-standard","has-post-thumbnail","hentry","category-bahia","category-destaque","category-noticias2"],"aioseo_notices":[],"_links":{"self":[{"href":"https:\/\/www.portalalerta.com.br\/index.php\/wp-json\/wp\/v2\/posts\/78895","targetHints":{"allow":["GET"]}}],"collection":[{"href":"https:\/\/www.portalalerta.com.br\/index.php\/wp-json\/wp\/v2\/posts"}],"about":[{"href":"https:\/\/www.portalalerta.com.br\/index.php\/wp-json\/wp\/v2\/types\/post"}],"author":[{"embeddable":true,"href":"https:\/\/www.portalalerta.com.br\/index.php\/wp-json\/wp\/v2\/users\/2"}],"replies":[{"embeddable":true,"href":"https:\/\/www.portalalerta.com.br\/index.php\/wp-json\/wp\/v2\/comments?post=78895"}],"version-history":[{"count":1,"href":"https:\/\/www.portalalerta.com.br\/index.php\/wp-json\/wp\/v2\/posts\/78895\/revisions"}],"predecessor-version":[{"id":78896,"href":"https:\/\/www.portalalerta.com.br\/index.php\/wp-json\/wp\/v2\/posts\/78895\/revisions\/78896"}],"wp:featuredmedia":[{"embeddable":true,"href":"https:\/\/www.portalalerta.com.br\/index.php\/wp-json\/wp\/v2\/media\/78882"}],"wp:attachment":[{"href":"https:\/\/www.portalalerta.com.br\/index.php\/wp-json\/wp\/v2\/media?parent=78895"}],"wp:term":[{"taxonomy":"category","embeddable":true,"href":"https:\/\/www.portalalerta.com.br\/index.php\/wp-json\/wp\/v2\/categories?post=78895"},{"taxonomy":"post_tag","embeddable":true,"href":"https:\/\/www.portalalerta.com.br\/index.php\/wp-json\/wp\/v2\/tags?post=78895"}],"curies":[{"name":"wp","href":"https:\/\/api.w.org\/{rel}","templated":true}]}}