{"id":78901,"date":"2026-03-11T23:27:06","date_gmt":"2026-03-12T02:27:06","guid":{"rendered":"https:\/\/www.portalalerta.com.br\/?p=78901"},"modified":"2026-03-11T23:27:07","modified_gmt":"2026-03-12T02:27:07","slug":"divulgada-a-ata-da-licitacao-para-pavimentacao-asfaltica-do-trecho-ribeira-do-pombal-feira-da-serra","status":"publish","type":"post","link":"https:\/\/www.portalalerta.com.br\/index.php\/2026\/03\/11\/divulgada-a-ata-da-licitacao-para-pavimentacao-asfaltica-do-trecho-ribeira-do-pombal-feira-da-serra\/","title":{"rendered":"Divulgada a ata da licita\u00e7\u00e3o para pavimenta\u00e7\u00e3o asf\u00e1ltica do trecho Ribeira do Pombal \/ Feira da Serra"},"content":{"rendered":"\n<p>A ata da licita\u00e7\u00e3o referente \u00e0&nbsp;<strong>Concorr\u00eancia Eletr\u00f4nica n\u00ba 004\/2026<\/strong>&nbsp;j\u00e1 foi divulgada, trazendo o resultado da disputa para a execu\u00e7\u00e3o dos servi\u00e7os de&nbsp;<strong>pavimenta\u00e7\u00e3o asf\u00e1ltica no trecho entre a BR-110, com acesso ao Povoado Boca da Mata e ao Povoado Feira da Serra, em Ribeira do Pombal<\/strong>.<\/p>\n\n\n\n<!--more-->\n\n\n\n<p>De acordo com o documento, a obra prev\u00ea a pavimenta\u00e7\u00e3o de uma extens\u00e3o total de&nbsp;<strong>21,10 quil\u00f4metros<\/strong>, representando um importante avan\u00e7o para a mobilidade, a infraestrutura e o desenvolvimento da zona rural do munic\u00edpio.<\/p>\n\n\n\n<p>Segundo a ata, a empresa&nbsp;<strong>Queiroz Pimentel Servi\u00e7os Ltda<\/strong>&nbsp;foi a vencedora do lote, com&nbsp;<strong>desconto de 25,00%<\/strong>&nbsp;sobre o valor de refer\u00eancia, sendo declarada&nbsp;<strong>arrematada<\/strong>&nbsp;ao final da disputa realizada no dia&nbsp;<strong>10 de mar\u00e7o de 2026<\/strong>, \u00e0s&nbsp;<strong>9h54min40s<\/strong>.<\/p>\n\n\n<div class=\"wp-block-image\">\n<figure class=\"alignleft size-large is-resized\"><img fetchpriority=\"high\" decoding=\"async\" width=\"819\" height=\"1024\" src=\"https:\/\/www.portalalerta.com.br\/wp-content\/uploads\/2026\/03\/Marco-Lilas-Real-2026-819x1024.jpg\" alt=\"\" class=\"wp-image-78794\" style=\"width:392px;height:auto\" srcset=\"https:\/\/www.portalalerta.com.br\/wp-content\/uploads\/2026\/03\/Marco-Lilas-Real-2026-819x1024.jpg 819w, https:\/\/www.portalalerta.com.br\/wp-content\/uploads\/2026\/03\/Marco-Lilas-Real-2026-192x240.jpg 192w, https:\/\/www.portalalerta.com.br\/wp-content\/uploads\/2026\/03\/Marco-Lilas-Real-2026-768x960.jpg 768w, https:\/\/www.portalalerta.com.br\/wp-content\/uploads\/2026\/03\/Marco-Lilas-Real-2026.jpg 1024w\" sizes=\"(max-width: 819px) 100vw, 819px\" \/><\/figure><\/div>\n\n\n<p>A sess\u00e3o p\u00fablica registrou a participa\u00e7\u00e3o de diversas empresas do setor, demonstrando competitividade no processo licitat\u00f3rio e busca pela proposta mais vantajosa para a Administra\u00e7\u00e3o P\u00fablica. Entre os destaques da disputa, tamb\u00e9m apresentaram percentuais relevantes empresas como&nbsp;<strong>Sinal Construtora Ltda.<\/strong>, com&nbsp;<strong>22,27%<\/strong>,&nbsp;<strong>Top Engenharia Ltda<\/strong>, com&nbsp;<strong>20,02%<\/strong>, e&nbsp;<strong>Construtora J. Vicente Ltda.<\/strong>, com&nbsp;<strong>20,00%<\/strong>.<\/p>\n\n\n\n<p>A publica\u00e7\u00e3o da ata marca mais uma etapa importante para a concretiza\u00e7\u00e3o da obra, que \u00e9 aguardada pela popula\u00e7\u00e3o e deve contribuir diretamente para melhores condi\u00e7\u00f5es de tr\u00e1fego, deslocamento de moradores, escoamento da produ\u00e7\u00e3o e fortalecimento das comunidades atendidas ao longo do trecho.<\/p>\n\n\n\n<p>A licita\u00e7\u00e3o foi conduzida pelo&nbsp;<strong>Estado da Bahia<\/strong>, com identifica\u00e7\u00e3o de lote&nbsp;<strong>1087622<\/strong>.<\/p>\n\n\n\n<p>A expectativa agora \u00e9 pelo andamento das pr\u00f3ximas fases administrativas, incluindo an\u00e1lise documental e demais procedimentos previstos no edital, at\u00e9 a efetiva contrata\u00e7\u00e3o e in\u00edcio dos servi\u00e7os.<\/p>\n\n\n\n<p><em>Fonte: Dia a Dia Nordeste<\/em><\/p>\n","protected":false},"excerpt":{"rendered":"<p>A ata da licita\u00e7\u00e3o referente \u00e0&nbsp;Concorr\u00eancia Eletr\u00f4nica n\u00ba 004\/2026&nbsp;j\u00e1 foi divulgada, trazendo o resultado da disputa para a execu\u00e7\u00e3o dos servi\u00e7os de&nbsp;pavimenta\u00e7\u00e3o asf\u00e1ltica no trecho entre a BR-110, com acesso ao Povoado Boca da Mata e ao Povoado Feira da Serra, em Ribeira do Pombal.<\/p>\n","protected":false},"author":2,"featured_media":77590,"comment_status":"open","ping_status":"open","sticky":false,"template":"","format":"standard","meta":{"om_disable_all_campaigns":false,"_monsterinsights_skip_tracking":false,"_monsterinsights_sitenote_active":false,"_monsterinsights_sitenote_note":"","_monsterinsights_sitenote_category":0,"footnotes":""},"categories":[8473,69,32,3],"tags":[],"class_list":["post-78901","post","type-post","status-publish","format-standard","has-post-thumbnail","hentry","category-destaque","category-noticias2","category-regiao","category-ribeira-do-pombal"],"aioseo_notices":[],"_links":{"self":[{"href":"https:\/\/www.portalalerta.com.br\/index.php\/wp-json\/wp\/v2\/posts\/78901","targetHints":{"allow":["GET"]}}],"collection":[{"href":"https:\/\/www.portalalerta.com.br\/index.php\/wp-json\/wp\/v2\/posts"}],"about":[{"href":"https:\/\/www.portalalerta.com.br\/index.php\/wp-json\/wp\/v2\/types\/post"}],"author":[{"embeddable":true,"href":"https:\/\/www.portalalerta.com.br\/index.php\/wp-json\/wp\/v2\/users\/2"}],"replies":[{"embeddable":true,"href":"https:\/\/www.portalalerta.com.br\/index.php\/wp-json\/wp\/v2\/comments?post=78901"}],"version-history":[{"count":2,"href":"https:\/\/www.portalalerta.com.br\/index.php\/wp-json\/wp\/v2\/posts\/78901\/revisions"}],"predecessor-version":[{"id":78903,"href":"https:\/\/www.portalalerta.com.br\/index.php\/wp-json\/wp\/v2\/posts\/78901\/revisions\/78903"}],"wp:featuredmedia":[{"embeddable":true,"href":"https:\/\/www.portalalerta.com.br\/index.php\/wp-json\/wp\/v2\/media\/77590"}],"wp:attachment":[{"href":"https:\/\/www.portalalerta.com.br\/index.php\/wp-json\/wp\/v2\/media?parent=78901"}],"wp:term":[{"taxonomy":"category","embeddable":true,"href":"https:\/\/www.portalalerta.com.br\/index.php\/wp-json\/wp\/v2\/categories?post=78901"},{"taxonomy":"post_tag","embeddable":true,"href":"https:\/\/www.portalalerta.com.br\/index.php\/wp-json\/wp\/v2\/tags?post=78901"}],"curies":[{"name":"wp","href":"https:\/\/api.w.org\/{rel}","templated":true}]}}