{"id":78905,"date":"2026-03-12T16:49:53","date_gmt":"2026-03-12T19:49:53","guid":{"rendered":"https:\/\/www.portalalerta.com.br\/?p=78905"},"modified":"2026-03-12T16:49:57","modified_gmt":"2026-03-12T19:49:57","slug":"governo-propoe-cooperacao-ao-fbi-contra-faccoes","status":"publish","type":"post","link":"https:\/\/www.portalalerta.com.br\/index.php\/2026\/03\/12\/governo-propoe-cooperacao-ao-fbi-contra-faccoes\/","title":{"rendered":"Governo prop\u00f5e coopera\u00e7\u00e3o ao FBI contra fac\u00e7\u00f5es"},"content":{"rendered":"\n<p>Proposta inclui colabora\u00e7\u00e3o com FBI e CIA para barrar classifica\u00e7\u00e3o que pode gerar san\u00e7\u00f5es econ\u00f4micas e interven\u00e7\u00f5es militares no pa\u00eds<\/p>\n\n\n\n<!--more-->\n\n\n<div class=\"wp-block-image\">\n<figure class=\"alignleft size-large is-resized\"><img fetchpriority=\"high\" decoding=\"async\" width=\"819\" height=\"1024\" src=\"https:\/\/www.portalalerta.com.br\/wp-content\/uploads\/2026\/03\/Marco-Lilas-Real-2026-819x1024.jpg\" alt=\"\" class=\"wp-image-78794\" style=\"width:435px\" srcset=\"https:\/\/www.portalalerta.com.br\/wp-content\/uploads\/2026\/03\/Marco-Lilas-Real-2026-819x1024.jpg 819w, https:\/\/www.portalalerta.com.br\/wp-content\/uploads\/2026\/03\/Marco-Lilas-Real-2026-192x240.jpg 192w, https:\/\/www.portalalerta.com.br\/wp-content\/uploads\/2026\/03\/Marco-Lilas-Real-2026-768x960.jpg 768w, https:\/\/www.portalalerta.com.br\/wp-content\/uploads\/2026\/03\/Marco-Lilas-Real-2026.jpg 1024w\" sizes=\"(max-width: 819px) 100vw, 819px\" \/><\/figure><\/div>\n\n\n<p>O governo brasileiro articula uma s\u00e9rie de propostas de coopera\u00e7\u00e3o com o FBI e o governo dos Estados Unidos para impedir que o Primeiro Comando da Capital (PCC) e o Comando Vermelho (CV)&nbsp;<a href=\"https:\/\/www.band.com.br\/noticias\/brasil-urgente\/ultimas\/eua-avalia-classificar-pcc-e-cv-como-grupos-terroristas-veja-os-impactos-202603091729\"><strong>sejam classificados como organiza\u00e7\u00f5es terroristas.<\/strong><\/a>&nbsp;A gest\u00e3o federal busca paralisar poss\u00edveis an\u00fancios de Washington at\u00e9 a reuni\u00e3o entre os presidentes Lula e Donald Trump. O principal receio das autoridades brasileiras \u00e9 que tal designa\u00e7\u00e3o abra caminho para san\u00e7\u00f5es econ\u00f4micas severas ou at\u00e9 a\u00e7\u00f5es militares americanas em territ\u00f3rio nacional.<\/p>\n\n\n\n<p><a href=\"https:\/\/api.whatsapp.com\/send?text=governo%20propoe%20cooperacao%20ao%20fbi%20contra%20faccoes%20https:\/\/www.band.com.br\/noticias\/jornal-da-band\/ultimas\/governo-propoe-cooperacao-ao-fbi-contra-faccoes-202603111930\" target=\"_blank\" rel=\"noreferrer noopener\"><\/a><\/p>\n\n\n\n<p><a href=\"https:\/\/telegram.me\/share\/url?url=https:\/\/www.band.com.br\/noticias\/jornal-da-band\/ultimas\/governo-propoe-cooperacao-ao-fbi-contra-faccoes-202603111930&amp;text=governo%20propoe%20cooperacao%20ao%20fbi%20contra%20faccoes\" target=\"_blank\" rel=\"noreferrer noopener\"><\/a><\/p>\n\n\n\n<p>A ofensiva diplom\u00e1tica e de seguran\u00e7a ocorre ap\u00f3s o governo de Donald Trump classificar, desde o ano passado, 12 grupos criminosos como terroristas, incluindo cart\u00e9is mexicanos, colombianos e venezuelanos. Em janeiro, for\u00e7as americanas invadiram a Venezuela para prender o ditador Nicol\u00e1s Maduro, sob a acusa\u00e7\u00e3o de liderar um cartel de traficantes.&nbsp;<\/p>\n\n\n\n<p>No Mar do Caribe, mais de 100 embarca\u00e7\u00f5es venezuelanas foram bombardeadas em opera\u00e7\u00f5es que os Estados Unidos classificam como combate ao narcotr\u00e1fico.<\/p>\n\n\n\n<p><strong>Estrat\u00e9gia de coopera\u00e7\u00e3o e intelig\u00eancia<\/strong><\/p>\n\n\n\n<p>Como alternativa \u00e0 classifica\u00e7\u00e3o de terrorismo, o Brasil prop\u00f5e o aprofundamento da colabora\u00e7\u00e3o com \u00f3rg\u00e3os de intelig\u00eancia americanos. O plano detalhado pelo rep\u00f3rter Cai\u00e3 Messina inclui a troca de informa\u00e7\u00f5es estrat\u00e9gica, o congelamento de ativos financeiros vinculados ao narcotr\u00e1fico e o trabalho conjunto com a CIA no monitoramento e investiga\u00e7\u00e3o das fac\u00e7\u00f5es.<\/p>\n\n\n\n<p>O promotor de Justi\u00e7a Lincoln Gakiya, autoridade no combate ao PCC, conversou com assessores do secret\u00e1rio de Estado americano,&nbsp;<a href=\"https:\/\/www.band.com.br\/noticias\/rubio-diz-que-eua-sao-crianca-da-europa-e-cita-nova-era-da-ordem-mundial-202602141430\"><strong>Marco Rubio<\/strong><\/a>. Na ocasi\u00e3o, Gakiya pontuou que a medida de classificar os grupos brasileiros como terroristas n\u00e3o traria benef\u00edcios pr\u00e1ticos efetivos ao combate direto contra essas organiza\u00e7\u00f5es.<\/p>\n\n\n\n<p><strong>Articula\u00e7\u00e3o regional na Am\u00e9rica Latina<\/strong><\/p>\n\n\n\n<p>A linha de atua\u00e7\u00e3o adotada por Lula \u00e9 resultado de conversas mantidas com&nbsp;<a href=\"https:\/\/www.band.com.br\/noticias\/brasil-e-colombia-confirmam-presenca-em-evento-sobre-democracia-202603111512\"><strong>os presidentes da Col\u00f4mbia, Gustavo Petro<\/strong><\/a>, e do M\u00e9xico, Claudia Sheinbaum. Ambos os pa\u00edses j\u00e1 enfrentaram o cen\u00e1rio de ter fac\u00e7\u00f5es locais consideradas terroristas pelos Estados Unidos. O governo brasileiro pretende ampliar essa discuss\u00e3o para a C\u00fapula dos Pa\u00edses Latino-Americanos e Caribenhos, prevista para o dia 21 de mar\u00e7o, em Bogot\u00e1.<\/p>\n\n\n\n<p>Atualmente, o PCC e o Comando Vermelho movimentam bilh\u00f5es de reais anualmente e s\u00e3o respons\u00e1veis por uma escalada de viol\u00eancia que ultrapassa as fronteiras brasileiras, tornando-se uma preocupa\u00e7\u00e3o internacional de seguran\u00e7a p\u00fablica.&nbsp;<\/p>\n\n\n\n<p>O objetivo do Itamaraty \u00e9 garantir que o enfrentamento a esses grupos permane\u00e7a sob a \u00f3tica da seguran\u00e7a p\u00fablica e coopera\u00e7\u00e3o policial, evitando a escalada para o status de conflito internacional ou alvo de doutrinas antiterrorismo americanas.<\/p>\n\n\n\n<p><em>Fonte: Band<\/em><\/p>\n","protected":false},"excerpt":{"rendered":"<p>Proposta inclui colabora\u00e7\u00e3o com FBI e CIA para barrar classifica\u00e7\u00e3o que pode gerar san\u00e7\u00f5es econ\u00f4micas e interven\u00e7\u00f5es militares no pa\u00eds<\/p>\n","protected":false},"author":2,"featured_media":76676,"comment_status":"open","ping_status":"open","sticky":false,"template":"","format":"standard","meta":{"om_disable_all_campaigns":false,"_monsterinsights_skip_tracking":false,"_monsterinsights_sitenote_active":false,"_monsterinsights_sitenote_note":"","_monsterinsights_sitenote_category":0,"footnotes":""},"categories":[34,70,35,69,22],"tags":[100,71,48,93,75,4178,1659,4180,327,129,107,4181,132,230,106,203,120,51,613,109,88,47,111,2610,76,190],"class_list":["post-78905","post","type-post","status-publish","format-standard","has-post-thumbnail","hentry","category-brasil","category-destaques","category-mundo","category-noticias2","category-seguranca","tag-adustina","tag-antas","tag-araci","tag-brasil","tag-cicero-dantas","tag-cipo-2","tag-comando-vermelho","tag-crisopolis-2","tag-eua","tag-euclides-da-cunha","tag-fatima","tag-heliopolis-2","tag-itapicuru","tag-jeremoabo","tag-nova-soure","tag-novo-triunfo","tag-olindina","tag-paripiranga","tag-pcc","tag-quijingue","tag-ribeira-do-amparo","tag-ribeira-do-pombal","tag-sitio-do-quinto","tag-terrorismo","tag-trafico-de-drogas","tag-tucano"],"aioseo_notices":[],"_links":{"self":[{"href":"https:\/\/www.portalalerta.com.br\/index.php\/wp-json\/wp\/v2\/posts\/78905","targetHints":{"allow":["GET"]}}],"collection":[{"href":"https:\/\/www.portalalerta.com.br\/index.php\/wp-json\/wp\/v2\/posts"}],"about":[{"href":"https:\/\/www.portalalerta.com.br\/index.php\/wp-json\/wp\/v2\/types\/post"}],"author":[{"embeddable":true,"href":"https:\/\/www.portalalerta.com.br\/index.php\/wp-json\/wp\/v2\/users\/2"}],"replies":[{"embeddable":true,"href":"https:\/\/www.portalalerta.com.br\/index.php\/wp-json\/wp\/v2\/comments?post=78905"}],"version-history":[{"count":1,"href":"https:\/\/www.portalalerta.com.br\/index.php\/wp-json\/wp\/v2\/posts\/78905\/revisions"}],"predecessor-version":[{"id":78906,"href":"https:\/\/www.portalalerta.com.br\/index.php\/wp-json\/wp\/v2\/posts\/78905\/revisions\/78906"}],"wp:featuredmedia":[{"embeddable":true,"href":"https:\/\/www.portalalerta.com.br\/index.php\/wp-json\/wp\/v2\/media\/76676"}],"wp:attachment":[{"href":"https:\/\/www.portalalerta.com.br\/index.php\/wp-json\/wp\/v2\/media?parent=78905"}],"wp:term":[{"taxonomy":"category","embeddable":true,"href":"https:\/\/www.portalalerta.com.br\/index.php\/wp-json\/wp\/v2\/categories?post=78905"},{"taxonomy":"post_tag","embeddable":true,"href":"https:\/\/www.portalalerta.com.br\/index.php\/wp-json\/wp\/v2\/tags?post=78905"}],"curies":[{"name":"wp","href":"https:\/\/api.w.org\/{rel}","templated":true}]}}