{"id":78907,"date":"2026-03-12T16:56:39","date_gmt":"2026-03-12T19:56:39","guid":{"rendered":"https:\/\/www.portalalerta.com.br\/?p=78907"},"modified":"2026-03-12T16:56:42","modified_gmt":"2026-03-12T19:56:42","slug":"ze-ronaldo-revela-convites-para-ser-vice-do-governo-e-da-oposicao","status":"publish","type":"post","link":"https:\/\/www.portalalerta.com.br\/index.php\/2026\/03\/12\/ze-ronaldo-revela-convites-para-ser-vice-do-governo-e-da-oposicao\/","title":{"rendered":"Z\u00e9 Ronaldo revela convites para ser vice do governo e da oposi\u00e7\u00e3o"},"content":{"rendered":"\n<p><strong>Prefeito de Feira detelhou bastidores da negocia\u00e7\u00e3o<\/strong><\/p>\n\n\n\n<!--more-->\n\n\n\n<p><strong>Apoio de Z\u00e9 Ronaldo \u00e9 alvo de cobi\u00e7a do governo e da oposi\u00e7\u00e3o. &#8211;&nbsp;Foto: ACM &#8211; C\u00e2mara de Feira de Santana<\/strong><\/p>\n\n\n\n<p><strong>Ap\u00f3s decidir permanecer \u00e0 frente da Prefeitura de Feira de Santana e n\u00e3o disputar as elei\u00e7\u00f5es deste ano, Jos\u00e9 Ronaldo (Uni\u00e3o Brasil) fez uma revela\u00e7\u00e3o dos bastidores que envolve os dois lados da disputa.<\/strong><\/p>\n\n\n\n<p><strong>O gestor feirense afirmou que&nbsp;foi convidado para ser vice, tanto na chapa do governador&nbsp;<a href=\"https:\/\/atarde.com.br\/tags\/jeronimo-rodrigues\" target=\"_blank\" rel=\"noreferrer noopener\">Jer\u00f4nimo Rodrigues<\/a>&nbsp;(PT) quanto do ex-prefeito de Salvador,<a href=\"https:\/\/atarde.com.br\/?q=%20ACM%20Neto\" target=\"_blank\" rel=\"noreferrer noopener\">&nbsp;ACM Neto&nbsp;<\/a>(Uni\u00e3o Brasil), mas recusou os dois convites.<\/strong><\/p>\n\n\n<div class=\"wp-block-image\">\n<figure class=\"alignleft size-large is-resized\"><img fetchpriority=\"high\" decoding=\"async\" width=\"819\" height=\"1024\" src=\"https:\/\/www.portalalerta.com.br\/wp-content\/uploads\/2026\/03\/Marco-Lilas-Real-2026-819x1024.jpg\" alt=\"\" class=\"wp-image-78794\" style=\"width:435px\" srcset=\"https:\/\/www.portalalerta.com.br\/wp-content\/uploads\/2026\/03\/Marco-Lilas-Real-2026-819x1024.jpg 819w, https:\/\/www.portalalerta.com.br\/wp-content\/uploads\/2026\/03\/Marco-Lilas-Real-2026-192x240.jpg 192w, https:\/\/www.portalalerta.com.br\/wp-content\/uploads\/2026\/03\/Marco-Lilas-Real-2026-768x960.jpg 768w, https:\/\/www.portalalerta.com.br\/wp-content\/uploads\/2026\/03\/Marco-Lilas-Real-2026.jpg 1024w\" sizes=\"(max-width: 819px) 100vw, 819px\" \/><\/figure><\/div>\n\n\n<p><strong>Tudo sobre&nbsp;Elei\u00e7\u00f5es&nbsp;em primeira m\u00e3o!<\/strong><\/p>\n\n\n\n<p><strong>\u201cSer convidado com tanta aten\u00e7\u00e3o e respeito para disputar uma vaga de vice-governador \u00e9 algo que me deixa honrado, me deixa feliz. Um dia, Dilton [Coutinho], voc\u00ea disse que eu estava me sentindo a \u2018cocada puxa\u2019, sendo disputado por todos os dois, tanto Jer\u00f4nimo como ACM Neto, mas n\u00e3o \u00e9 a quest\u00e3o de sentir ou n\u00e3o\u201d, disse o prefeito em entrevista ao programa Acorda Cidade nesta quarta-feira, 11, com o entrevistador Dilton Coutinho.<\/strong><\/p>\n\n\n\n<p><strong>O prefeito fez mist\u00e9rio em rela\u00e7\u00e3o \u00e0s pessoas do governo e da oposi\u00e7\u00e3o que fizeram os convites e afirmou que as in\u00fameras conversas com os interlocutores ficar\u00e3o guardadas a sete chaves.<\/strong><\/p>\n\n\n\n<p><strong>\u201cSer convidado por pessoas que s\u00e3o respeitadas na Bahia, por pessoas que t\u00eam hist\u00f3ria no nosso estado ou no pa\u00eds [\u00e9 positivo]. Ent\u00e3o, voc\u00ea se sente feliz e agradecido a Deus por todo esse momento\u201d, afirmou.<\/strong><\/p>\n\n\n\n<p><strong>Negativa<\/strong><\/p>\n\n\n\n<p><strong>No \u00faltimo domingo, 8, Z\u00e9 Ronaldo bateu o martelo e decidiu continuar no comando da Princesa do Sert\u00e3o,&nbsp;<a href=\"https:\/\/atarde.com.br\/politica\/ze-ronaldo-anuncia-decisao-sobre-vice-na-oposicao-1381962\" target=\"_blank\" rel=\"noreferrer noopener\">descartando a possibilidade de renunciar ao mandato como prefeito para fazer parte da composi\u00e7\u00e3o majorit\u00e1ri<\/a>a.<\/strong><\/p>\n\n\n\n<p><strong>\u201cSempre falei ao povo de Feira de Santana que se estivesse na prefeitura novamente eu cumpriria todo o meu mandato. Ent\u00e3o isso eu vou cumprir meu mandato, n\u00e3o vou me afastar e n\u00e3o serei candidato a vice-governador\u201d, garantiu.<\/strong><\/p>\n\n\n\n<p><strong>Indefini\u00e7\u00e3o<\/strong><\/p>\n\n\n\n<p><strong>A&nbsp;<a href=\"https:\/\/atarde.com.br\/colunistas\/levivasconcelos\/a-escolha-do-vice-de-jeronimo-e-da-oposicao-e-o-calamengau-da-vez-1382246\" target=\"_blank\" rel=\"noreferrer noopener\">d\u00favida ainda paira sobre os nomes que v\u00e3o compor as vices e Jer\u00f4nimo e ACM Neto<\/a>. Enquanto Geraldo J\u00fanior (MDB) balan\u00e7a no cargo, correndo o risco de ser tirado da chapa, Neto ainda negocia a indica\u00e7\u00e3o para o posto. Entre os cogitados, est\u00e1 Z\u00e9 Coc\u00e1 (PP), prefeito de Jequi\u00e9 no segundo mandato, e Sheila Lemos (Uni\u00e3o Brasil), prefeita de Vit\u00f3ria da Conquista.<\/strong><\/p>\n\n\n\n<p><em>Fonte: A tarde<\/em><\/p>\n","protected":false},"excerpt":{"rendered":"<p>Prefeito de Feira detelhou bastidores da negocia\u00e7\u00e3o<\/p>\n","protected":false},"author":2,"featured_media":78865,"comment_status":"open","ping_status":"open","sticky":false,"template":"","format":"standard","meta":{"om_disable_all_campaigns":false,"_monsterinsights_skip_tracking":false,"_monsterinsights_sitenote_active":false,"_monsterinsights_sitenote_note":"","_monsterinsights_sitenote_category":0,"footnotes":""},"categories":[33,70,69,21],"tags":[722,100,71,48,75,4178,4180,129,107,377,4181,132,230,2500,106,203,120,51,198,109,88,47,111,190,8711,5217],"class_list":["post-78907","post","type-post","status-publish","format-standard","has-post-thumbnail","hentry","category-bahia","category-destaques","category-noticias2","category-politica","tag-acm-neto","tag-adustina","tag-antas","tag-araci","tag-cicero-dantas","tag-cipo-2","tag-crisopolis-2","tag-euclides-da-cunha","tag-fatima","tag-feira-de-santana","tag-heliopolis-2","tag-itapicuru","tag-jeremoabo","tag-jeronimo-rodrigues","tag-nova-soure","tag-novo-triunfo","tag-olindina","tag-paripiranga","tag-prefeito","tag-quijingue","tag-ribeira-do-amparo","tag-ribeira-do-pombal","tag-sitio-do-quinto","tag-tucano","tag-vice-governador-2","tag-ze-ronaldo"],"aioseo_notices":[],"_links":{"self":[{"href":"https:\/\/www.portalalerta.com.br\/index.php\/wp-json\/wp\/v2\/posts\/78907","targetHints":{"allow":["GET"]}}],"collection":[{"href":"https:\/\/www.portalalerta.com.br\/index.php\/wp-json\/wp\/v2\/posts"}],"about":[{"href":"https:\/\/www.portalalerta.com.br\/index.php\/wp-json\/wp\/v2\/types\/post"}],"author":[{"embeddable":true,"href":"https:\/\/www.portalalerta.com.br\/index.php\/wp-json\/wp\/v2\/users\/2"}],"replies":[{"embeddable":true,"href":"https:\/\/www.portalalerta.com.br\/index.php\/wp-json\/wp\/v2\/comments?post=78907"}],"version-history":[{"count":1,"href":"https:\/\/www.portalalerta.com.br\/index.php\/wp-json\/wp\/v2\/posts\/78907\/revisions"}],"predecessor-version":[{"id":78908,"href":"https:\/\/www.portalalerta.com.br\/index.php\/wp-json\/wp\/v2\/posts\/78907\/revisions\/78908"}],"wp:featuredmedia":[{"embeddable":true,"href":"https:\/\/www.portalalerta.com.br\/index.php\/wp-json\/wp\/v2\/media\/78865"}],"wp:attachment":[{"href":"https:\/\/www.portalalerta.com.br\/index.php\/wp-json\/wp\/v2\/media?parent=78907"}],"wp:term":[{"taxonomy":"category","embeddable":true,"href":"https:\/\/www.portalalerta.com.br\/index.php\/wp-json\/wp\/v2\/categories?post=78907"},{"taxonomy":"post_tag","embeddable":true,"href":"https:\/\/www.portalalerta.com.br\/index.php\/wp-json\/wp\/v2\/tags?post=78907"}],"curies":[{"name":"wp","href":"https:\/\/api.w.org\/{rel}","templated":true}]}}