{"id":78909,"date":"2026-03-12T17:02:30","date_gmt":"2026-03-12T20:02:30","guid":{"rendered":"https:\/\/www.portalalerta.com.br\/?p=78909"},"modified":"2026-03-12T17:02:31","modified_gmt":"2026-03-12T20:02:31","slug":"licitacao-de-kits-escolares-em-tucano-deixa-prefeitura-na-mira-do-tcm","status":"publish","type":"post","link":"https:\/\/www.portalalerta.com.br\/index.php\/2026\/03\/12\/licitacao-de-kits-escolares-em-tucano-deixa-prefeitura-na-mira-do-tcm\/","title":{"rendered":"Licita\u00e7\u00e3o de kits escolares em Tucano deixa Prefeitura na mira do TCM"},"content":{"rendered":"\n<p><strong>Gest\u00e3o teria indeferido questionamentos feitos ao edital antes do certame<\/strong><\/p>\n\n\n\n<!--more-->\n\n\n\n<p><strong>A gest\u00e3o do prefeito&nbsp;<a href=\"https:\/\/atarde.com.br\/portalmunicipios\/portalmunicipiosnordeste\/tucano-fica-entre-as-10-cidades-que-mais-gastaram-com-atracoes-juninas-1273277\" target=\"_blank\" rel=\"noreferrer noopener\">Ricardo Maia<\/a>&nbsp;(MDB), em Tucano, enfrenta um novo embate jur\u00eddico no Tribunal de Contas dos Munic\u00edpios (TCM). A empresa Fields Tactical Partners Ltda. formalizou uma den\u00fancia contra o Preg\u00e3o Eletr\u00f4nico n\u00ba 007\/2026, destinado \u00e0 compra de kits de merenda escolar, alegando que a prefeitura teria cerceado a competitividade ao desclassificar a proposta sem a devida an\u00e1lise t\u00e9cnica.<\/strong><\/p>\n\n\n<div class=\"wp-block-image\">\n<figure class=\"alignleft size-large is-resized\"><img fetchpriority=\"high\" decoding=\"async\" width=\"819\" height=\"1024\" src=\"https:\/\/www.portalalerta.com.br\/wp-content\/uploads\/2026\/03\/Marco-Lilas-Real-2026-819x1024.jpg\" alt=\"\" class=\"wp-image-78794\" style=\"width:435px\" srcset=\"https:\/\/www.portalalerta.com.br\/wp-content\/uploads\/2026\/03\/Marco-Lilas-Real-2026-819x1024.jpg 819w, https:\/\/www.portalalerta.com.br\/wp-content\/uploads\/2026\/03\/Marco-Lilas-Real-2026-192x240.jpg 192w, https:\/\/www.portalalerta.com.br\/wp-content\/uploads\/2026\/03\/Marco-Lilas-Real-2026-768x960.jpg 768w, https:\/\/www.portalalerta.com.br\/wp-content\/uploads\/2026\/03\/Marco-Lilas-Real-2026.jpg 1024w\" sizes=\"(max-width: 819px) 100vw, 819px\" \/><\/figure><\/div>\n\n\n<p><strong>O conflito central da den\u00fancia gira em torno da \u201cexequibilidade\u201d do pre\u00e7o. A empresa apresentou uma proposta inferior a 75% do valor estimado pelo edital, o que resultou em exclus\u00e3o imediata.<\/strong><\/p>\n\n\n\n<p><strong>De acordo com a representante, a prefeitura n\u00e3o realizou dilig\u00eancias para verificar se o valor era vi\u00e1vel, al\u00e9m de ter indeferido questionamentos feitos ao edital antes do certame.<\/strong><\/p>\n\n\n\n<p><strong>Decis\u00e3o<\/strong><\/p>\n\n\n\n<p><strong>A companhia solicitou uma medida cautelar para suspender o preg\u00e3o, visando impedir a homologa\u00e7\u00e3o e contrata\u00e7\u00e3o da empresa vencedora. No entanto, o&nbsp;<a href=\"https:\/\/atarde.com.br\/tags\/tcm-ba\" target=\"_blank\" rel=\"noreferrer noopener\">TCM&nbsp;<\/a>indeferiu o pedido de liminar. Para os conselheiros, n\u00e3o ficaram demonstrados os requisitos de urg\u00eancia, como o risco imediato de preju\u00edzo aos cofres p\u00fablicos.<\/strong><\/p>\n\n\n\n<p><strong>O Tribunal pontuou que, como o processo j\u00e1 foi homologado pela prefeitura, a suspens\u00e3o agora seria in\u00f3cua para o car\u00e1ter cautelar. Al\u00e9m disso, a Corte entendeu que a den\u00fancia parece focar em uma \u201cles\u00e3o a direito individual\u201d da empresa desclassificada, e n\u00e3o necessariamente em um dano direto ao er\u00e1rio municipal.<\/strong><\/p>\n\n\n\n<p><strong>An\u00e1lise de m\u00e9rito<\/strong><\/p>\n\n\n\n<p><strong>Apesar de negar a suspens\u00e3o, o TCM n\u00e3o encerrou o caso. O \u00f3rg\u00e3o manteve a continuidade da an\u00e1lise do m\u00e9rito da den\u00fancia. Caso as investiga\u00e7\u00f5es confirmem que a prefeitura de&nbsp;<a href=\"https:\/\/atarde.com.br\/tags\/tucano\" target=\"_blank\" rel=\"noreferrer noopener\">Tucano<\/a>&nbsp;agiu com rigor excessivo ou sem fundamenta\u00e7\u00e3o t\u00e9cnica para descartar o menor pre\u00e7o, a gest\u00e3o poder\u00e1 sofrer san\u00e7\u00f5es administrativas e multas.<\/strong><\/p>\n\n\n\n<p><em>Fonte: Euclides diar\u00edo<\/em><\/p>\n\n\n\n<p><em>Com informa\u00e7\u00f5es de: A tarde<\/em><\/p>\n","protected":false},"excerpt":{"rendered":"<p>Gest\u00e3o teria indeferido questionamentos feitos ao edital antes do certame<\/p>\n","protected":false},"author":2,"featured_media":74404,"comment_status":"open","ping_status":"open","sticky":false,"template":"","format":"standard","meta":{"om_disable_all_campaigns":false,"_monsterinsights_skip_tracking":false,"_monsterinsights_sitenote_active":false,"_monsterinsights_sitenote_note":"","_monsterinsights_sitenote_category":0,"footnotes":""},"categories":[70,20,69,21,32,12],"tags":[],"class_list":["post-78909","post","type-post","status-publish","format-standard","has-post-thumbnail","hentry","category-destaques","category-educacao","category-noticias2","category-politica","category-regiao","category-tucano"],"aioseo_notices":[],"_links":{"self":[{"href":"https:\/\/www.portalalerta.com.br\/index.php\/wp-json\/wp\/v2\/posts\/78909","targetHints":{"allow":["GET"]}}],"collection":[{"href":"https:\/\/www.portalalerta.com.br\/index.php\/wp-json\/wp\/v2\/posts"}],"about":[{"href":"https:\/\/www.portalalerta.com.br\/index.php\/wp-json\/wp\/v2\/types\/post"}],"author":[{"embeddable":true,"href":"https:\/\/www.portalalerta.com.br\/index.php\/wp-json\/wp\/v2\/users\/2"}],"replies":[{"embeddable":true,"href":"https:\/\/www.portalalerta.com.br\/index.php\/wp-json\/wp\/v2\/comments?post=78909"}],"version-history":[{"count":2,"href":"https:\/\/www.portalalerta.com.br\/index.php\/wp-json\/wp\/v2\/posts\/78909\/revisions"}],"predecessor-version":[{"id":78911,"href":"https:\/\/www.portalalerta.com.br\/index.php\/wp-json\/wp\/v2\/posts\/78909\/revisions\/78911"}],"wp:featuredmedia":[{"embeddable":true,"href":"https:\/\/www.portalalerta.com.br\/index.php\/wp-json\/wp\/v2\/media\/74404"}],"wp:attachment":[{"href":"https:\/\/www.portalalerta.com.br\/index.php\/wp-json\/wp\/v2\/media?parent=78909"}],"wp:term":[{"taxonomy":"category","embeddable":true,"href":"https:\/\/www.portalalerta.com.br\/index.php\/wp-json\/wp\/v2\/categories?post=78909"},{"taxonomy":"post_tag","embeddable":true,"href":"https:\/\/www.portalalerta.com.br\/index.php\/wp-json\/wp\/v2\/tags?post=78909"}],"curies":[{"name":"wp","href":"https:\/\/api.w.org\/{rel}","templated":true}]}}