{"id":78915,"date":"2026-03-13T10:42:39","date_gmt":"2026-03-13T13:42:39","guid":{"rendered":"https:\/\/www.portalalerta.com.br\/?p=78915"},"modified":"2026-03-13T10:42:40","modified_gmt":"2026-03-13T13:42:40","slug":"pf-vai-pedir-prorrogacao-de-inquerito-do-caso-master-ao-stf","status":"publish","type":"post","link":"https:\/\/www.portalalerta.com.br\/index.php\/2026\/03\/13\/pf-vai-pedir-prorrogacao-de-inquerito-do-caso-master-ao-stf\/","title":{"rendered":"PF vai pedir prorroga\u00e7\u00e3o de inqu\u00e9rito do caso Master ao STF"},"content":{"rendered":"\n<p>Investiga\u00e7\u00e3o tem prazo para terminar na pr\u00f3xima segunda (16), mas volume de conte\u00fados e per\u00edcias pendentes v\u00e3o embasar pedido<\/p>\n\n\n\n<!--more-->\n\n\n\n<p>A PF (Pol\u00edcia Federal) vai pedir a&nbsp;prorroga\u00e7\u00e3o do inqu\u00e9rito que investiga as fraudes do Banco Master, do ex-banqueiro Daniel Vorcaro, e demais liga\u00e7\u00f5es com a apura\u00e7\u00e3o.<\/p>\n\n\n<div class=\"wp-block-image\">\n<figure class=\"alignleft size-large is-resized\"><img fetchpriority=\"high\" decoding=\"async\" width=\"819\" height=\"1024\" src=\"https:\/\/www.portalalerta.com.br\/wp-content\/uploads\/2026\/03\/Marco-Lilas-Real-2026-819x1024.jpg\" alt=\"\" class=\"wp-image-78794\" style=\"width:450px;height:auto\" srcset=\"https:\/\/www.portalalerta.com.br\/wp-content\/uploads\/2026\/03\/Marco-Lilas-Real-2026-819x1024.jpg 819w, https:\/\/www.portalalerta.com.br\/wp-content\/uploads\/2026\/03\/Marco-Lilas-Real-2026-192x240.jpg 192w, https:\/\/www.portalalerta.com.br\/wp-content\/uploads\/2026\/03\/Marco-Lilas-Real-2026-768x960.jpg 768w, https:\/\/www.portalalerta.com.br\/wp-content\/uploads\/2026\/03\/Marco-Lilas-Real-2026.jpg 1024w\" sizes=\"(max-width: 819px) 100vw, 819px\" \/><\/figure><\/div>\n\n\n<p>Em 16 de janeiro, o ministro Dias Toffoli, ent\u00e3o relator do caso no STF (Supremo Tribunal Federal), atendeu a um pedido da Pol\u00edcia Federal e\u00a0prorrogou as investiga\u00e7\u00f5es sobre o Master por dois meses. Logo, o prazo termina na pr\u00f3xima segunda-feira (16).<\/p>\n\n\n\n<p>Com base no alto volume de apreens\u00f5es, de conte\u00fado que falta ser analisado e aparelhos pendentes de per\u00edcia, a equipe de investiga\u00e7\u00e3o vai pedir o adiamento do prazo para encerrar o caso.<\/p>\n\n\n\n<p>Como mostrou a\u00a0CNN, a PF enviou os aparelhos que estavam pendentes de extra\u00e7\u00e3o e\u00a0per\u00edcia do caso Master\u00a0para a Superintend\u00eancia em S\u00e3o Paulo. A maior parte estava concentrada em Bras\u00edlia.<\/p>\n\n\n\n<p>A medida, segundo delegados ouvidos pela reportagem, foi tomada para \u201cdar mais velocidade\u201d \u00e0 extra\u00e7\u00e3o de dados e a per\u00edcia nos aparelhos. O n\u00famero de itens ainda \u00e9 incerto, mas aponta que s\u00e3o entre 70 e 80 celulares.<\/p>\n\n\n\n<p>Como a\u00a0CNN\u00a0mostrou, o ministro Andr\u00e9 Mendon\u00e7a,\u00a0atual relator do Master no STF,\u00a0deve prorrogar o inqu\u00e9rito por pelo menos mais 60 dias.<\/p>\n\n\n\n<p>O regimento interno do STF prev\u00ea que, uma vez instaurado o inqu\u00e9rito, que a PF deve reunir em 60 dias os elementos necess\u00e1rios para concluir a investiga\u00e7\u00e3o. Para isso, tem de realizar inquiri\u00e7\u00f5es e demais dilig\u00eancias necess\u00e1rias para elucidar os fatos.<\/p>\n\n\n\n<p>Vorcaro, ex-dono do banco Master, est\u00e1 preso na Penitenci\u00e1ria Federal em Bras\u00edlia desde a \u00faltima sexta-feira (6).<\/p>\n\n\n\n<p><em>Fonte: CNN<\/em><\/p>\n","protected":false},"excerpt":{"rendered":"<p>Investiga\u00e7\u00e3o tem prazo para terminar na pr\u00f3xima segunda (16), mas volume de conte\u00fados e per\u00edcias pendentes v\u00e3o embasar pedido<\/p>\n","protected":false},"author":2,"featured_media":78673,"comment_status":"open","ping_status":"open","sticky":false,"template":"","format":"standard","meta":{"om_disable_all_campaigns":false,"_monsterinsights_skip_tracking":false,"_monsterinsights_sitenote_active":false,"_monsterinsights_sitenote_note":"","_monsterinsights_sitenote_category":0,"footnotes":""},"categories":[34,8473,69],"tags":[100,71,48,8472,93,75,4178,4180,129,107,4181,298,132,230,106,203,120,51,173,109,88,47,111,190],"class_list":["post-78915","post","type-post","status-publish","format-standard","has-post-thumbnail","hentry","category-brasil","category-destaque","category-noticias2","tag-adustina","tag-antas","tag-araci","tag-banco-master","tag-brasil","tag-cicero-dantas","tag-cipo-2","tag-crisopolis-2","tag-euclides-da-cunha","tag-fatima","tag-heliopolis-2","tag-investigacao","tag-itapicuru","tag-jeremoabo","tag-nova-soure","tag-novo-triunfo","tag-olindina","tag-paripiranga","tag-policia-federal","tag-quijingue","tag-ribeira-do-amparo","tag-ribeira-do-pombal","tag-sitio-do-quinto","tag-tucano"],"aioseo_notices":[],"_links":{"self":[{"href":"https:\/\/www.portalalerta.com.br\/index.php\/wp-json\/wp\/v2\/posts\/78915","targetHints":{"allow":["GET"]}}],"collection":[{"href":"https:\/\/www.portalalerta.com.br\/index.php\/wp-json\/wp\/v2\/posts"}],"about":[{"href":"https:\/\/www.portalalerta.com.br\/index.php\/wp-json\/wp\/v2\/types\/post"}],"author":[{"embeddable":true,"href":"https:\/\/www.portalalerta.com.br\/index.php\/wp-json\/wp\/v2\/users\/2"}],"replies":[{"embeddable":true,"href":"https:\/\/www.portalalerta.com.br\/index.php\/wp-json\/wp\/v2\/comments?post=78915"}],"version-history":[{"count":1,"href":"https:\/\/www.portalalerta.com.br\/index.php\/wp-json\/wp\/v2\/posts\/78915\/revisions"}],"predecessor-version":[{"id":78916,"href":"https:\/\/www.portalalerta.com.br\/index.php\/wp-json\/wp\/v2\/posts\/78915\/revisions\/78916"}],"wp:featuredmedia":[{"embeddable":true,"href":"https:\/\/www.portalalerta.com.br\/index.php\/wp-json\/wp\/v2\/media\/78673"}],"wp:attachment":[{"href":"https:\/\/www.portalalerta.com.br\/index.php\/wp-json\/wp\/v2\/media?parent=78915"}],"wp:term":[{"taxonomy":"category","embeddable":true,"href":"https:\/\/www.portalalerta.com.br\/index.php\/wp-json\/wp\/v2\/categories?post=78915"},{"taxonomy":"post_tag","embeddable":true,"href":"https:\/\/www.portalalerta.com.br\/index.php\/wp-json\/wp\/v2\/tags?post=78915"}],"curies":[{"name":"wp","href":"https:\/\/api.w.org\/{rel}","templated":true}]}}