{"id":78920,"date":"2026-03-13T11:02:33","date_gmt":"2026-03-13T14:02:33","guid":{"rendered":"https:\/\/www.portalalerta.com.br\/?p=78920"},"modified":"2026-03-13T11:02:34","modified_gmt":"2026-03-13T14:02:34","slug":"bolsonaro-tem-crise-de-vomito-e-e-internado-em-hospital-de-brasilia","status":"publish","type":"post","link":"https:\/\/www.portalalerta.com.br\/index.php\/2026\/03\/13\/bolsonaro-tem-crise-de-vomito-e-e-internado-em-hospital-de-brasilia\/","title":{"rendered":"Bolsonaro tem crise de v\u00f4mito e \u00e9 internado em hospital de Bras\u00edlia"},"content":{"rendered":"\n<p>Informa\u00e7\u00e3o foi apurada pela reportagem da Band e confirmada pelo senador Fl\u00e1vio Bolsonaro<\/p>\n\n\n\n<!--more-->\n\n\n\n<p><strong>O ex-presidente Jair Bolsonaro (PL) teve crise de v\u00f4mito e calafrio e deu entrada no Hospital DF Star em Bras\u00edlia, no Distrito Federal<\/strong>, na manh\u00e3 desta sexta-feira (13). A informa\u00e7\u00e3o foi apurada pela reportagem da&nbsp;<em>Band&nbsp;<\/em>e&nbsp;<strong>confirmada pelo senador Fl\u00e1vio Bolsonaro<\/strong>.&nbsp;<\/p>\n\n\n<div class=\"wp-block-image\">\n<figure class=\"alignleft size-large is-resized\"><img fetchpriority=\"high\" decoding=\"async\" width=\"819\" height=\"1024\" src=\"https:\/\/www.portalalerta.com.br\/wp-content\/uploads\/2026\/03\/Marco-Lilas-Real-2026-819x1024.jpg\" alt=\"\" class=\"wp-image-78794\" style=\"width:434px;height:auto\" srcset=\"https:\/\/www.portalalerta.com.br\/wp-content\/uploads\/2026\/03\/Marco-Lilas-Real-2026-819x1024.jpg 819w, https:\/\/www.portalalerta.com.br\/wp-content\/uploads\/2026\/03\/Marco-Lilas-Real-2026-192x240.jpg 192w, https:\/\/www.portalalerta.com.br\/wp-content\/uploads\/2026\/03\/Marco-Lilas-Real-2026-768x960.jpg 768w, https:\/\/www.portalalerta.com.br\/wp-content\/uploads\/2026\/03\/Marco-Lilas-Real-2026.jpg 1024w\" sizes=\"(max-width: 819px) 100vw, 819px\" \/><\/figure><\/div>\n\n\n<p><strong>\u201cAcabei de receber a not\u00edcia de que meu pai, Jair Bolsonaro, est\u00e1 a caminho do hospital, mais uma vez. Informa\u00e7\u00f5es preliminares de que acordou com calafrios e vomitou bastante. Pe\u00e7o ora\u00e7\u00f5es para que n\u00e3o seja nada grave\u201d, disse o senador.<\/strong><\/p>\n\n\n\n<p>Em publica\u00e7\u00e3o nas redes sociais, o deputado S\u00f3stenes Cavalcante afirmou que recebeu a not\u00edcia com preocupa\u00e7\u00e3o e ora\u00e7\u00e3o.&nbsp;<\/p>\n\n\n\n<p>\u201cBolsonaro \u00e9 um homem que j\u00e1 enfrentou muitas batalhas pela vida e pelo Brasil, e tenho f\u00e9 de que mais uma vez superar\u00e1 esse momento. Que Deus coloque Suas m\u00e3os sobre ele, d\u00ea sabedoria aos m\u00e9dicos e traga paz \u00e0 sua fam\u00edlia. Seguimos em ora\u00e7\u00e3o\u201d, escreveu o parlamentar na plataforma X, antigo Twitter.&nbsp;<\/p>\n\n\n\n<p>No fim do ano passado, o ex-presidente da Rep\u00fablica deu entrada na unidade hospitalar onde foi submetido a uma\u00a0cirurgia de h\u00e9rnia inguinal bilateral.\u00a0<\/p>\n\n\n\n<p>Em seguida, a equipe m\u00e9dica avaliou a necessidade de realizar outros\u00a0procedimentos para conter o quadro de solu\u00e7os.\u00a0<strong>O ex-presidente passou por uma endoscopia, quando os m\u00e9dicos constataram a persist\u00eancia de esofagite e gastrite.<\/strong><\/p>\n\n\n\n<p>Ap\u00f3s alta hospitalar, Bolsonaro retornou, \u00e0 \u00e9poca, para a Superintend\u00eancia da Pol\u00edcia Federal.\u00a0<strong>Atualmente, ele est\u00e1 cumprindo a\u00a0<\/strong>pena de 27 anos e 3 meses pela trama golpista na Papudinha<strong>.<\/strong><\/p>\n\n\n\n<p>Em 5 de mar\u00e7o,\u00a0a Primeira Turma do Supremo Tribunal Federal (STF) decidiu, por unanimidade, negar mais um pedido de pris\u00e3o domiciliar protocolado pela defesa do ex-presidente. O colegiado validou a decis\u00e3o individual do ministro Alexandre de Moraes, relator do caso.\u00a0<\/p>\n\n\n\n<p><strong>Al\u00e9m do relator, os votos foram proferidos pelos ministros Fl\u00e1vio Dino, Cristiano Zanin e C\u00e1rmen L\u00facia<\/strong>. O julgamento foi realizado em sess\u00e3o virtual.<\/p>\n\n\n\n<p>Na ocasi\u00e3o, a defesa alegou que as instala\u00e7\u00f5es da pris\u00e3o n\u00e3o est\u00e3o aptas para dar tratamento m\u00e9dico adequado a Bolsonaro, que passou recentemente por uma cirurgia de h\u00e9rnia inguinal e tem diversas comorbidades em\u00a0decorr\u00eancia da facada desferida contra ele na campanha eleitoral de 2018.<\/p>\n\n\n\n<p><em>Fonte: Band<\/em><\/p>\n","protected":false},"excerpt":{"rendered":"<p>Informa\u00e7\u00e3o foi apurada pela reportagem da Band e confirmada pelo senador Fl\u00e1vio Bolsonaro<\/p>\n","protected":false},"author":2,"featured_media":77794,"comment_status":"open","ping_status":"open","sticky":false,"template":"","format":"standard","meta":{"om_disable_all_campaigns":false,"_monsterinsights_skip_tracking":false,"_monsterinsights_sitenote_active":false,"_monsterinsights_sitenote_note":"","_monsterinsights_sitenote_category":0,"footnotes":""},"categories":[34,8473,69,21],"tags":[100,71,48,93,75,4178,4180,129,107,4181,132,1395,230,106,203,120,51,109,88,47,111,190],"class_list":["post-78920","post","type-post","status-publish","format-standard","has-post-thumbnail","hentry","category-brasil","category-destaque","category-noticias2","category-politica","tag-adustina","tag-antas","tag-araci","tag-brasil","tag-cicero-dantas","tag-cipo-2","tag-crisopolis-2","tag-euclides-da-cunha","tag-fatima","tag-heliopolis-2","tag-itapicuru","tag-jair-bolsonaro","tag-jeremoabo","tag-nova-soure","tag-novo-triunfo","tag-olindina","tag-paripiranga","tag-quijingue","tag-ribeira-do-amparo","tag-ribeira-do-pombal","tag-sitio-do-quinto","tag-tucano"],"aioseo_notices":[],"_links":{"self":[{"href":"https:\/\/www.portalalerta.com.br\/index.php\/wp-json\/wp\/v2\/posts\/78920","targetHints":{"allow":["GET"]}}],"collection":[{"href":"https:\/\/www.portalalerta.com.br\/index.php\/wp-json\/wp\/v2\/posts"}],"about":[{"href":"https:\/\/www.portalalerta.com.br\/index.php\/wp-json\/wp\/v2\/types\/post"}],"author":[{"embeddable":true,"href":"https:\/\/www.portalalerta.com.br\/index.php\/wp-json\/wp\/v2\/users\/2"}],"replies":[{"embeddable":true,"href":"https:\/\/www.portalalerta.com.br\/index.php\/wp-json\/wp\/v2\/comments?post=78920"}],"version-history":[{"count":1,"href":"https:\/\/www.portalalerta.com.br\/index.php\/wp-json\/wp\/v2\/posts\/78920\/revisions"}],"predecessor-version":[{"id":78921,"href":"https:\/\/www.portalalerta.com.br\/index.php\/wp-json\/wp\/v2\/posts\/78920\/revisions\/78921"}],"wp:featuredmedia":[{"embeddable":true,"href":"https:\/\/www.portalalerta.com.br\/index.php\/wp-json\/wp\/v2\/media\/77794"}],"wp:attachment":[{"href":"https:\/\/www.portalalerta.com.br\/index.php\/wp-json\/wp\/v2\/media?parent=78920"}],"wp:term":[{"taxonomy":"category","embeddable":true,"href":"https:\/\/www.portalalerta.com.br\/index.php\/wp-json\/wp\/v2\/categories?post=78920"},{"taxonomy":"post_tag","embeddable":true,"href":"https:\/\/www.portalalerta.com.br\/index.php\/wp-json\/wp\/v2\/tags?post=78920"}],"curies":[{"name":"wp","href":"https:\/\/api.w.org\/{rel}","templated":true}]}}